{"id":9824,"date":"2023-07-13T13:31:04","date_gmt":"2023-07-13T13:31:04","guid":{"rendered":"https:\/\/tippingpoint.net\/?p=9824"},"modified":"2023-07-13T13:32:38","modified_gmt":"2023-07-13T13:32:38","slug":"bevoelkerungsentwicklung-in-tschechien-westwaerts-ahoj","status":"publish","type":"post","link":"https:\/\/tippingpoint.net\/de\/bevoelkerungsentwicklung-in-tschechien-westwaerts-ahoj\/","title":{"rendered":"Bev\u00f6lkerungsentwicklung in Tschechien: Westw\u00e4rts ahoj!"},"content":{"rendered":"<div\n\tclass=\"wrapper  wrapper__bg-color--transparent  wrapper__spacing-bottom-large--10\" \n\t>\n\n\t\n\t\t\t<div class=\"wrapper__container wrapper__container-width-large--default wrapper__gutter-large--default\">\n\t\t\t<div class=\"wrapper__inner wrapper__width-large--12\">\n\t\t\t\t<p class=\"paragraph paragraph__color--secondary paragraph__size--medium paragraph__align--left paragraph__font--primary paragraph__font-weight--normal block-paragraph__paragraph\">\n\t<strong>In demografischer Hinsicht \u00e4hnelt die Tschechische Republik eher einem wohlhabenden westlichen Land als einem ehemaligen kommunistischen Staat.<\/strong><\/p>\t\t\t<\/div>\n\t\t<\/div>\n\t<\/div>\n\n\n<div\n\tclass=\"wrapper  wrapper__bg-color--transparent  wrapper__spacing-bottom-large--10\" \n\t>\n\n\t\n\t\t\t<div class=\"wrapper__container wrapper__container-width-large--default wrapper__gutter-large--default\">\n\t\t\t<div class=\"wrapper__inner wrapper__width-large--12\">\n\t\t\t\t<p class=\"paragraph paragraph__color--secondary paragraph__size--medium paragraph__align--left paragraph__font--primary paragraph__font-weight--normal block-paragraph__paragraph\">\n\tDie Bev\u00f6lkerung des Landes w\u00e4chst und im Jahr 2021 brachten tschechische Frauen mehr Kinder zur Welt als irgendwo sonst in Europa. Tschechien widersetzt sich damit dem im gesamten restlichen ehemals kommunistischen Europa herrschenden Trend. Es setzt auf Zuwanderung, verzeichnet niedrige Abwanderungsraten und \u00e4hnelt in demografischer Hinsicht eher einem wohlhabenden westlichen Land als einem ehemals kommunistischen.<\/p>\t\t\t<\/div>\n\t\t<\/div>\n\t<\/div>\n\n\n<div\n\tclass=\"wrapper  wrapper__bg-color--transparent  wrapper__spacing-bottom-large--10\" \n\t>\n\n\t\n\t\t\t<div class=\"wrapper__container wrapper__container-width-large--default wrapper__gutter-large--default\">\n\t\t\t<div class=\"wrapper__inner wrapper__width-large--12\">\n\t\t\t\t<p class=\"paragraph paragraph__color--secondary paragraph__size--medium paragraph__align--left paragraph__font--primary paragraph__font-weight--normal block-paragraph__paragraph\">\n\tDer Krieg in der Ukraine macht jedoch jede Zukunftsprognose zu einem sinnlosen Unterfangen, da niemand wei\u00df, wie viele der 431.285 Ukrainerinnen und Ukrainer, die in Tschechien um \u201etempor\u00e4ren Schutz\u201c angesucht haben, geblieben sind oder ob sie jemals nach Hause zur\u00fcckkehren werden \u2013 was zu einem m\u00f6glicherweise massiven und abrupten Anstieg der Gesamtbev\u00f6lkerung des Landes f\u00fchren k\u00f6nnte.<\/p>\t\t\t<\/div>\n\t\t<\/div>\n\t<\/div>\n\n\n<div\n\tclass=\"wrapper  wrapper__bg-color--transparent  wrapper__spacing-bottom-large--10\" \n\t>\n\n\t\n\t\t\t<div class=\"wrapper__container wrapper__container-width-large--default wrapper__gutter-large--default\">\n\t\t\t<div class=\"wrapper__inner wrapper__width-large--12\">\n\t\t\t\t<p class=\"paragraph paragraph__color--secondary paragraph__size--medium paragraph__align--left paragraph__font--primary paragraph__font-weight--normal block-paragraph__paragraph\">\n\tIm Jahr 1989 lebten in der Tschechischen Republik 10,3 Millionen Menschen. Gem\u00e4\u00df der Volksz\u00e4hlung des Jahres 2021 sind es mittlerweile 10,5 Millionen, wobei die ukrainischen Fl\u00fcchtlinge hier nicht ber\u00fccksichtigt sind. Im Jahr 2021 lag die Gesamtfertilit\u00e4tsrate bei beachtlichen 1,83 Kindern pro Frau im geb\u00e4rf\u00e4higen Alter. Im Jahr 2022 soll sie wieder auf einen Wert zwischen 1,65 und 1,70 sinken, der jedoch noch immer deutlich \u00fcber dem EU-Durchschnitt von 1,5 liegt.<\/p>\t\t\t<\/div>\n\t\t<\/div>\n\t<\/div>\n\n\n<div\n\tclass=\"wrapper  wrapper__bg-color--transparent  wrapper__spacing-bottom-large--10\" \n\t>\n\n\t\n\t\t\t<div class=\"wrapper__container wrapper__container-width-large--default wrapper__gutter-large--default\">\n\t\t\t<div class=\"wrapper__inner wrapper__width-large--12\">\n\t\t\t\t<p class=\"paragraph paragraph__color--secondary paragraph__size--medium paragraph__align--left paragraph__font--primary paragraph__font-weight--normal block-paragraph__paragraph\">\n\tDie tschechische Bev\u00f6lkerung altert wie alle europ\u00e4ischen Gesellschaften. Was jedoch die \u201enat\u00fcrliche Ver\u00e4nderung\u201c \u2013 das Gleichgewicht zwischen der Zahl der Geburten und der Zahl der Sterbef\u00e4lle \u2013 betrifft, schneidet Tschechien relativ gut ab. Zwischen 1994 und 2005 gab es zwar eine Periode, in der j\u00e4hrlich mehr Personen starben als geboren wurden, aber seit damals bis zum Jahr 2020, als Covid-19 die Sterblichkeitsrate in die H\u00f6he trieb, gab es in den meisten Jahren mehr Geburten als Sterbef\u00e4lle.<\/p>\t\t\t<\/div>\n\t\t<\/div>\n\t<\/div>\n\n\n<div\n\tclass=\"wrapper  wrapper__bg-color--transparent  wrapper__spacing-bottom-large--10\" \n\t>\n\n\t\n\t\t\t<div class=\"wrapper__container wrapper__container-width-large--default wrapper__gutter-large--default\">\n\t\t\t<div class=\"wrapper__inner wrapper__width-large--12\">\n\t\t\t\t<p class=\"paragraph paragraph__color--secondary paragraph__size--medium paragraph__align--left paragraph__font--primary paragraph__font-weight--normal block-paragraph__paragraph\">\n\tDie Tatsache, dass in Tschechien heute mehr Menschen leben als nach dem Zusammenbruch des Kommunismus, ist jedoch fast ausschlie\u00dflich auf die Zuwanderung zur\u00fcckzuf\u00fchren. Dadurch unterscheidet sich das Land von anderen ehemals kommunistischen L\u00e4ndern und weist eine \u00e4hnliche Entwicklung wie viele westeurop\u00e4ische L\u00e4nder auf, deren Bev\u00f6lkerung ohne den st\u00e4ndigen Zustrom von Neuank\u00f6mmlingen schrumpfen w\u00fcrde.<\/p>\t\t\t<\/div>\n\t\t<\/div>\n\t<\/div>\n\n\n<div\n\tclass=\"wrapper  wrapper__bg-color--transparent  wrapper__spacing-bottom-large--10\" \n\t>\n\n\t\n\t\t\t<div class=\"wrapper__container wrapper__container-width-large--default wrapper__gutter-large--default\">\n\t\t\t<div class=\"wrapper__inner wrapper__width-large--12\">\n\t\t\t\t\n<figure class=\"block-image-caption\">\n\t<div class=\"image-wrap block-image-caption__image-wrap\" data-align=\"center center\">\n\n\t\t\t<img\n\t\t\tsrc=\"https:\/\/tippingpoint.net\/wp-content\/uploads\/2023\/07\/graph-1-1.png\"\n\t\t\tclass=\"image  block-image-caption__image\"\n\t\t\talt=\"\"\n\t\t\/>\n\t\n\t<\/div>\t<figcaption>\n\t\t<p class=\"paragraph paragraph__color--primary paragraph__size--small paragraph__align--center paragraph__font--secondary paragraph__font-weight--normal block-image-caption__paragraph\">\n\t<\/p>\t<\/figcaption>\n<\/figure>\n\t\t\t<\/div>\n\t\t<\/div>\n\t<\/div>\n\n\n<div\n\tclass=\"wrapper  wrapper__bg-color--transparent  wrapper__spacing-bottom-large--10\" \n\t>\n\n\t\n\t\t\t<div class=\"wrapper__container wrapper__container-width-large--default wrapper__gutter-large--default\">\n\t\t\t<div class=\"wrapper__inner wrapper__width-large--12\">\n\t\t\t\t<p class=\"paragraph paragraph__color--secondary paragraph__size--medium paragraph__align--left paragraph__font--primary paragraph__font-weight--normal block-paragraph__paragraph\">\n\tWarum bildet die Tschechische Republik eine Ausnahme? Die Antwort findet sich auf der Landkarte. Die in der Bev\u00f6lkerungswissenschaft beliebte Kontroverse um den Wahrheitsgehalt der alten Weisheit, dass Demografie Schicksal ist, d\u00fcrfte tschechischen Demografinnen und Demografen vermutlich einerlei sein. F\u00fcr sie liegt das Schicksal in der Geografie. \u201eIch werde Ihnen ein kleines Geheimnis verraten\u201c, meinte Tomas Kucera, leitender Demograf an der Prager Karlsuniversit\u00e4t. \u201eTschechien hat eine der besten geografischen Lagen in Europa.\u201c<\/p>\t\t\t<\/div>\n\t\t<\/div>\n\t<\/div>\n\n\n<div\n\tclass=\"wrapper  wrapper__bg-color--transparent  wrapper__spacing-bottom-large--10\" \n\t>\n\n\t\n\t\t\t<div class=\"wrapper__container wrapper__container-width-large--default wrapper__gutter-large--default\">\n\t\t\t<div class=\"wrapper__inner wrapper__width-large--12\">\n\t\t\t\t<p class=\"paragraph paragraph__color--secondary paragraph__size--medium paragraph__align--left paragraph__font--primary paragraph__font-weight--normal block-paragraph__paragraph\">\n\tDas liegt daran, dass seine Lage am Schnittpunkt der Ost-West- und Nord-S\u00fcd-Verkehrskorridore seit jeher optimale Voraussetzungen f\u00fcr eine florierende Wirtschaft bietet und ma\u00dfgeblich dazu beitrug, das Land nach der Wende vor dem demografischen Gegenwind zu bewahren, mit dem andere L\u00e4nder im ehemaligen kommunistischen Europa \u2013 mit Ausnahme von Slowenien \u2013 zu k\u00e4mpfen hatten. \u201eWenn Moldawien in Tschechien gelegen w\u00e4re und wir in Moldawien\u201c, so Kucera, \u201edann w\u00e4ren wir jetzt in einer \u00e4hnlichen Situation wie Moldawien und umgekehrt.\u201c Seit 1989 hat die Republik Moldau ein Drittel ihrer Bev\u00f6lkerung verloren.<\/p>\t\t\t<\/div>\n\t\t<\/div>\n\t<\/div>\n\n\n<div\n\tclass=\"wrapper  wrapper__bg-color--transparent  wrapper__spacing-bottom-large--10\" \n\t>\n\n\t\n\t\t\t<div class=\"wrapper__container wrapper__container-width-large--default wrapper__gutter-large--default\">\n\t\t\t<div class=\"wrapper__inner wrapper__width-large--12\">\n\t\t\t\t<p class=\"paragraph paragraph__color--secondary paragraph__size--medium paragraph__align--left paragraph__font--primary paragraph__font-weight--normal block-paragraph__paragraph\">\n\tNach dem Zerfall der \u00f6sterreichisch-ungarischen Monarchie 1918 habe, so Kucera, die neue Tschechoslowakei \u2013 oder besser gesagt jener Teil, der heute zur tschechischen Republik geh\u00f6rt \u2013 einen Gro\u00dfteil der Industrie \u00fcbernommen und weiterentwickelt. In der Zwischenkriegszeit war die Tschechoslowakei eine entwickelte Volkswirtschaft, die sich mit mehreren westeurop\u00e4ischen L\u00e4ndern messen konnte, deren demografische Entwicklung sie ebenfalls widerspiegelte.<\/p>\t\t\t<\/div>\n\t\t<\/div>\n\t<\/div>\n\n\n<div\n\tclass=\"wrapper wrapper--overflow wrapper__bg-color--transparent  wrapper__spacing-bottom-large--10\" \n\t>\n\n\t\n\t\t\t<div class=\"wrapper__container wrapper__container-width-large--default wrapper__gutter-large--default\">\n\t\t\t<div class=\"wrapper__inner wrapper__width-large--12\">\n\t\t\t\t\n<figure class=\"block-image-caption\">\n\t<div class=\"image-wrap block-image-caption__image-wrap\" data-align=\"center center\">\n\n\t\t\t<img\n\t\t\tsrc=\"https:\/\/tippingpoint.net\/wp-content\/uploads\/2023\/07\/20220319_PD7121-scaled.jpg\"\n\t\t\tclass=\"image  block-image-caption__image\"\n\t\t\talt=\"\"\n\t\t\/>\n\t\n\t<\/div>\t<figcaption>\n\t\t<p class=\"paragraph paragraph__color--primary paragraph__size--small paragraph__align--center paragraph__font--secondary paragraph__font-weight--normal block-image-caption__paragraph\">\n\tEine Frau neben einer Wandmalerei, auf der ein Kind abgebildet ist, das inmitten bekannter Figuren aus Kindersendungen unter der ukrainischen Nationalflagge Zuflucht sucht. Prag, 21. M\u00e4rz 2022. Foto: Michal Cizek \/ AFP \/ picturedesk.com<br><\/p>\t<\/figcaption>\n<\/figure>\n\t\t\t<\/div>\n\t\t<\/div>\n\t<\/div>\n\n\n<div\n\tclass=\"wrapper  wrapper__bg-color--transparent  wrapper__spacing-bottom-large--10\" \n\t>\n\n\t\n\t\t\t<div class=\"wrapper__container wrapper__container-width-large--default wrapper__gutter-large--default\">\n\t\t\t<div class=\"wrapper__inner wrapper__width-large--12\">\n\t\t\t\t<p class=\"paragraph paragraph__color--secondary paragraph__size--medium paragraph__align--left paragraph__font--primary paragraph__font-weight--normal block-paragraph__paragraph\">\n\tW\u00e4hrend des Kommunismus blieb die Tschechoslowakei eine bedeutende Industriemacht, ihre demografische Entwicklung ver\u00e4nderte sich jedoch und verlief parallel zu der in den anderen kommunistischen L\u00e4ndern Mittel- und Osteuropas. Nach dem Zusammenbruch des Kommunismus, der im Gegensatz zu anderen L\u00e4ndern die Wirtschaft nicht v\u00f6llig zum Erliegen brachte, n\u00e4herte sich die Bev\u00f6lkerungsentwicklung Tschechiens schnell wieder jener der meisten westeurop\u00e4ischen L\u00e4nder an.<\/p>\t\t\t<\/div>\n\t\t<\/div>\n\t<\/div>\n\n\n<div\n\tclass=\"wrapper  wrapper__bg-color--transparent  wrapper__spacing-bottom-large--10\" \n\t>\n\n\t\n\t\t\t<div class=\"wrapper__container wrapper__container-width-large--default wrapper__gutter-large--default\">\n\t\t\t<div class=\"wrapper__inner wrapper__width-large--12\">\n\t\t\t\t<p class=\"paragraph paragraph__color--secondary paragraph__size--medium paragraph__align--left paragraph__font--primary paragraph__font-weight--normal block-paragraph__paragraph\">\n\t<strong>Der Einbruch der Fertilit\u00e4tsrate, der keiner ist<\/strong><\/p>\t\t\t<\/div>\n\t\t<\/div>\n\t<\/div>\n\n\n<div\n\tclass=\"wrapper  wrapper__bg-color--transparent  wrapper__spacing-bottom-large--10\" \n\t>\n\n\t\n\t\t\t<div class=\"wrapper__container wrapper__container-width-large--default wrapper__gutter-large--default\">\n\t\t\t<div class=\"wrapper__inner wrapper__width-large--12\">\n\t\t\t\t<p class=\"paragraph paragraph__color--secondary paragraph__size--medium paragraph__align--left paragraph__font--primary paragraph__font-weight--normal block-paragraph__paragraph\">\n\tDie Entwicklung der tschechischen Fertilit\u00e4tsrate, die im vergangenen Jahr mit 1,83 jene von Frankreich (ohne \u00dcberseegebiete) \u00fcbertraf, das seit Langem eine der h\u00f6chsten Raten in Europa aufweist, bietet einen faszinierenden Einblick in die demografische Geschichte des Landes.<\/p>\t\t\t<\/div>\n\t\t<\/div>\n\t<\/div>\n\n\n<div\n\tclass=\"wrapper  wrapper__bg-color--transparent  wrapper__spacing-bottom-large--10\" \n\t>\n\n\t\n\t\t\t<div class=\"wrapper__container wrapper__container-width-large--default wrapper__gutter-large--default\">\n\t\t\t<div class=\"wrapper__inner wrapper__width-large--12\">\n\t\t\t\t<p class=\"paragraph paragraph__color--secondary paragraph__size--medium paragraph__align--left paragraph__font--primary paragraph__font-weight--normal block-paragraph__paragraph\">\n\tW\u00e4hrend der Depression der 1930er-Jahre dr\u00fcckte die Ungewissheit \u00fcber die Zukunft die Fertilit\u00e4tsrate unter 2,1 \u2013 das ist der Wert, der notwendig ist, um die Bev\u00f6lkerung eines Landes ohne Zuwanderung konstant zu halten. Auffallend war, dass die Geburtenrate w\u00e4hrend des Zweiten Weltkriegs diesen Wert \u00fcbertraf, was zum Teil daran lag, dass die Tschechische Republik von den Kampfhandlungen weitgehend verschont blieb und Kinder zu bekommen eine M\u00f6glichkeit war, der Zwangsarbeit in Deutschland zu entgehen.<\/p>\t\t\t<\/div>\n\t\t<\/div>\n\t<\/div>\n\n\n<div\n\tclass=\"wrapper  wrapper__bg-color--transparent  wrapper__spacing-bottom-large--10\" \n\t>\n\n\t\n\t\t\t<div class=\"wrapper__container wrapper__container-width-large--default wrapper__gutter-large--default\">\n\t\t\t<div class=\"wrapper__inner wrapper__width-large--12\">\n\t\t\t\t<p class=\"paragraph paragraph__color--secondary paragraph__size--medium paragraph__align--left paragraph__font--primary paragraph__font-weight--normal block-paragraph__paragraph\">\n\tIn den ersten Jahren des Kommunismus, die f\u00fcr viele eine Zeit des Optimismus waren, blieb die Geburtenziffer hoch. Sie sank dann zwischen 1966 und 1972 unter das Reproduktionsniveau und blieb schlie\u00dflich ab 1981 dauerhaft unter diesem Wert. Im Jahr 1989 lag sie bei 1,87, sank aber ein Jahrzehnt sp\u00e4ter auf 1,13. In jenem Jahr wurden mit 89.471 Babys so wenige Kinder wie noch nie in der modernen tschechischen Geschichte geboren. Seitdem sind die Zahlen wieder angestiegen. Im Jahr 2021 verzeichnete Tschechien 111.793 Geburten. In der ersten Jahresh\u00e4lfte 2022 waren es jedoch rund 50.000 Geburten, was bedeutet, dass das Geburtenniveau in diesem Jahr aus noch unbekannten Gr\u00fcnden voraussichtlich um etwa zehn Prozent gegen\u00fcber dem Vorjahr zur\u00fcckgehen wird.<\/p>\t\t\t<\/div>\n\t\t<\/div>\n\t<\/div>\n\n\n<div\n\tclass=\"wrapper  wrapper__bg-color--transparent  wrapper__spacing-bottom-large--10\" \n\t>\n\n\t\n\t\t\t<div class=\"wrapper__container wrapper__container-width-large--default wrapper__gutter-large--default\">\n\t\t\t<div class=\"wrapper__inner wrapper__width-large--12\">\n\t\t\t\t\n<figure class=\"block-image-caption\">\n\t<div class=\"image-wrap block-image-caption__image-wrap\" data-align=\"center center\">\n\n\t\t\t<img\n\t\t\tsrc=\"https:\/\/tippingpoint.net\/wp-content\/uploads\/2023\/07\/graph-2-1.png\"\n\t\t\tclass=\"image  block-image-caption__image\"\n\t\t\talt=\"\"\n\t\t\/>\n\t\n\t<\/div>\t<figcaption>\n\t\t<p class=\"paragraph paragraph__color--primary paragraph__size--small paragraph__align--center paragraph__font--secondary paragraph__font-weight--normal block-image-caption__paragraph\">\n\t<\/p>\t<\/figcaption>\n<\/figure>\n\t\t\t<\/div>\n\t\t<\/div>\n\t<\/div>\n\n\n<div\n\tclass=\"wrapper  wrapper__bg-color--transparent  wrapper__spacing-bottom-large--10\" \n\t>\n\n\t\n\t\t\t<div class=\"wrapper__container wrapper__container-width-large--default wrapper__gutter-large--default\">\n\t\t\t<div class=\"wrapper__inner wrapper__width-large--12\">\n\t\t\t\t<p class=\"paragraph paragraph__color--secondary paragraph__size--medium paragraph__align--left paragraph__font--primary paragraph__font-weight--normal block-paragraph__paragraph\">\n\tNach dem Ende des Kommunismus war in ganz Mittel- und Osteuropa ein v\u00f6lliger Einbruch der Fertilit\u00e4tsraten zu beobachten. Es waren Jahre der Wirtschaftskrise, die fast \u00fcberall von gro\u00dfer Not, Arbeitslosigkeit, steigenden Sterblichkeitsraten und hohen Abwanderungsraten gepr\u00e4gt waren.<\/p>\t\t\t<\/div>\n\t\t<\/div>\n\t<\/div>\n\n\n<div\n\tclass=\"wrapper  wrapper__bg-color--transparent  wrapper__spacing-bottom-large--10\" \n\t>\n\n\t\n\t\t\t<div class=\"wrapper__container wrapper__container-width-large--default wrapper__gutter-large--default\">\n\t\t\t<div class=\"wrapper__inner wrapper__width-large--12\">\n\t\t\t\t<p class=\"paragraph paragraph__color--secondary paragraph__size--medium paragraph__align--left paragraph__font--primary paragraph__font-weight--normal block-paragraph__paragraph\">\n\tUntersuchungen von Tomas Sobotka vom Wiener Institut f\u00fcr Demografie zeigen jedoch, dass die Situation in Tschechien eine v\u00f6llig andere war. Seiner Auffassung zufolge sei der \u201eEinbruch der Fertilit\u00e4tsrate\u201c in Wahrheit gar kein Einbruch gewesen, sondern vielmehr der Tatsache geschuldet, dass sich die osteurop\u00e4ischen Heirats- und Geburtenmuster der kommunistischen \u00c4ra Tschechiens wieder an die westeurop\u00e4ischen Muster, wie sie Tschechien vor dem Krieg aufwies, anglichen.<\/p>\t\t\t<\/div>\n\t\t<\/div>\n\t<\/div>\n\n\n<div\n\tclass=\"wrapper  wrapper__bg-color--transparent  wrapper__spacing-bottom-large--10\" \n\t>\n\n\t\n\t\t\t<div class=\"wrapper__container wrapper__container-width-large--default wrapper__gutter-large--default\">\n\t\t\t<div class=\"wrapper__inner wrapper__width-large--12\">\n\t\t\t\t<p class=\"paragraph paragraph__color--secondary paragraph__size--medium paragraph__align--left paragraph__font--primary paragraph__font-weight--normal block-paragraph__paragraph\">\n\tEine 1965 geborene Frau bekam ihr erstes Kind in der Regel im Alter von 20 oder 21 Jahren, so Sobotka. Eine 1990 geborene Frau bekommt ihr erstes Kind aber \u00fcblicherweise mit 29 Jahren. \u201eDazwischen gab es eine \u00dcbergangsphase, in der sich die Frauen und ihre Partner mehr Zeit lie\u00dfen, bevor sie ihr erstes Kind bekamen. In dieser \u00dcbergangsphase sanken die Geburtenziffern also, was nicht nur daran lag, dass die Menschen keine Kinder mehr bekamen, sondern daran, dass sie warteten, bis sie \u00e4lter waren.\u201c<\/p>\t\t\t<\/div>\n\t\t<\/div>\n\t<\/div>\n\n\n<div\n\tclass=\"wrapper  wrapper__bg-color--transparent  wrapper__spacing-bottom-large--10\" \n\t>\n\n\t\n\t\t\t<div class=\"wrapper__container wrapper__container-width-large--default wrapper__gutter-large--default\">\n\t\t\t<div class=\"wrapper__inner wrapper__width-large--12\">\n\t\t\t\t<p class=\"paragraph paragraph__color--secondary paragraph__size--medium paragraph__align--left paragraph__font--primary paragraph__font-weight--normal block-paragraph__paragraph\">\n\tEin weiterer Grund, warum tschechische Frauen beim ersten Kind mittlerweile so viel \u00e4lter sind, liegt seiner Meinung nach an der mangelnden Sexualerziehung w\u00e4hrend des Kommunismus und der geringen Verwendung der Antibabypille, sodass viele Erstschwangerschaften ungewollt eintraten. Im Jahr 1990 nahmen nur vier Prozent der Frauen im geb\u00e4rf\u00e4higen Alter die Pille. Dies \u00e4nderte sich rasch, woraufhin die Zahl der ungeplanten Geburten und Abtreibungen drastisch zur\u00fcckging. Heute verh\u00fcten etwa 30 Prozent der tschechischen Frauen im geb\u00e4rf\u00e4higen Alter mit der Pille.<\/p>\t\t\t<\/div>\n\t\t<\/div>\n\t<\/div>\n\n\n<div\n\tclass=\"wrapper wrapper--overflow wrapper__bg-color--transparent  wrapper__spacing-bottom-large--10\" \n\t>\n\n\t\n\t\t\t<div class=\"wrapper__container wrapper__container-width-large--default wrapper__gutter-large--default\">\n\t\t\t<div class=\"wrapper__inner wrapper__width-large--12\">\n\t\t\t\t\n<figure class=\"block-image-caption\">\n\t<div class=\"image-wrap block-image-caption__image-wrap\" data-align=\"center center\">\n\n\t\t\t<img\n\t\t\tsrc=\"https:\/\/tippingpoint.net\/wp-content\/uploads\/2023\/07\/20210208_PD4106-scaled.jpg\"\n\t\t\tclass=\"image  block-image-caption__image\"\n\t\t\talt=\"\"\n\t\t\/>\n\t\n\t<\/div>\t<figcaption>\n\t\t<p class=\"paragraph paragraph__color--primary paragraph__size--small paragraph__align--center paragraph__font--secondary paragraph__font-weight--normal block-image-caption__paragraph\">\n\tEin Kind auf einem Schneehaufen am Altst\u00e4dter Ring in Prag am 2. Februar 2021. Foto: Vit Simanek \/ CTK \/ picturedesk.com<\/p>\t<\/figcaption>\n<\/figure>\n\t\t\t<\/div>\n\t\t<\/div>\n\t<\/div>\n\n\n<div\n\tclass=\"wrapper  wrapper__bg-color--transparent  wrapper__spacing-bottom-large--10\" \n\t>\n\n\t\n\t\t\t<div class=\"wrapper__container wrapper__container-width-large--default wrapper__gutter-large--default\">\n\t\t\t<div class=\"wrapper__inner wrapper__width-large--12\">\n\t\t\t\t<p class=\"paragraph paragraph__color--secondary paragraph__size--medium paragraph__align--left paragraph__font--primary paragraph__font-weight--normal block-paragraph__paragraph\">\n\tMittlerweile wird das Kinderkriegen durch \u201eeine relativ gro\u00dfz\u00fcgige Familienpolitik\u201c gef\u00f6rdert, erkl\u00e4rt Sobotka, \u201edie den Eltern in den ersten drei oder vier Lebensjahren des Kindes flexible und gut bezahlte Karenzzeiten erm\u00f6glicht\u201c. Eine verh\u00e4ltnism\u00e4\u00dfig egalit\u00e4re und auf Umverteilung bedachte Sozialpolitik hat ebenfalls f\u00fcr \u201emehr soziale Stabilit\u00e4t gesorgt und die schlimmsten wirtschaftlichen Ungleichheiten und Ausw\u00fcchse abgefedert, die in anderen postkommunistischen L\u00e4ndern zu beobachten waren.\u201c<\/p>\t\t\t<\/div>\n\t\t<\/div>\n\t<\/div>\n\n\n<div\n\tclass=\"wrapper  wrapper__bg-color--transparent  wrapper__spacing-bottom-large--10\" \n\t>\n\n\t\n\t\t\t<div class=\"wrapper__container wrapper__container-width-large--default wrapper__gutter-large--default\">\n\t\t\t<div class=\"wrapper__inner wrapper__width-large--12\">\n\t\t\t\t<p class=\"paragraph paragraph__color--secondary paragraph__size--medium paragraph__align--left paragraph__font--primary paragraph__font-weight--normal block-paragraph__paragraph\">\n\t<strong>Wirtschaft bremst Abwanderung<\/strong><\/p>\t\t\t<\/div>\n\t\t<\/div>\n\t<\/div>\n\n\n<div\n\tclass=\"wrapper  wrapper__bg-color--transparent  wrapper__spacing-bottom-large--10\" \n\t>\n\n\t\n\t\t\t<div class=\"wrapper__container wrapper__container-width-large--default wrapper__gutter-large--default\">\n\t\t\t<div class=\"wrapper__inner wrapper__width-large--12\">\n\t\t\t\t<p class=\"paragraph paragraph__color--secondary paragraph__size--medium paragraph__align--left paragraph__font--primary paragraph__font-weight--normal block-paragraph__paragraph\">\n\tEin weiterer Faktor, der Tschechien nach 1989 laut Sobotka von anderen ehemals kommunistischen L\u00e4ndern unterscheidet, ist, dass die Situation im Gesundheitswesen zwar \u00fcberall sonst kritisch wurde, die Tatsache, dass Tschechien aber keinen vergleichbaren wirtschaftlichen Zusammenbruch erlitt, bedeutete, dass sehr schnell in neue Technologien investiert wurde, die zuvor nicht verf\u00fcgbar waren. \u201eSo verbesserte sich etwa die Behandlung von Krebs und einigen anderen komplexeren altersbedingten Krankheiten rasch, und die Sterblichkeitsraten begannen nur wenige Jahre nach dem Regimewechsel und 30 Jahren der Stagnation zu sinken.\u201c<\/p>\t\t\t<\/div>\n\t\t<\/div>\n\t<\/div>\n\n\n<div\n\tclass=\"wrapper  wrapper__bg-color--transparent  wrapper__spacing-bottom-large--10\" \n\t>\n\n\t\n\t\t\t<div class=\"wrapper__container wrapper__container-width-large--default wrapper__gutter-large--default\">\n\t\t\t<div class=\"wrapper__inner wrapper__width-large--12\">\n\t\t\t\t<p class=\"paragraph paragraph__color--secondary paragraph__size--medium paragraph__align--left paragraph__font--primary paragraph__font-weight--normal block-paragraph__paragraph\">\n\tIm Gegensatz zu weiten Teilen des restlichen kommunistischen Europas wurde Tschechien, das bereits vor dem Zweiten Weltkrieg industrialisiert war, nicht von Gro\u00dfindustrien beherrscht, deren Schlie\u00dfung zum v\u00f6lligen wirtschaftlichen Zusammenbruch ganzer St\u00e4dte und Regionen gef\u00fchrt h\u00e4tte, wie dies beispielsweise in der Slowakei der Fall war. Den kleineren Industriebetrieben gelang es sehr viel besser, den \u00dcbergang zur Marktwirtschaft zu bew\u00e4ltigen. Die Tschechinnen und Tschechen hatten seitdem weitaus weniger wirtschaftliche Beweggr\u00fcnde auszuwandern als die B\u00fcrgerinnen und B\u00fcrger anderer ehemals kommunistischer oder sogar einiger westeurop\u00e4ischer L\u00e4nder.<\/p>\t\t\t<\/div>\n\t\t<\/div>\n\t<\/div>\n\n\n<div\n\tclass=\"wrapper  wrapper__bg-color--transparent  wrapper__spacing-bottom-large--10\" \n\t>\n\n\t\n\t\t\t<div class=\"wrapper__container wrapper__container-width-large--default wrapper__gutter-large--default\">\n\t\t\t<div class=\"wrapper__inner wrapper__width-large--12\">\n\t\t\t\t<p class=\"paragraph paragraph__color--secondary paragraph__size--medium paragraph__align--left paragraph__font--primary paragraph__font-weight--normal block-paragraph__paragraph\">\n\t\u201eF\u00fcr unsere Leute hat es keinen Sinn, nach Gro\u00dfbritannien zu gehen, um dort zu arbeiten\u201c, erkl\u00e4rt Kucera, \u201edenn abz\u00fcglich der Kosten f\u00fcr die Unterkunft verdienen sie dort bei Weitem weniger Geld, als sie hier verdienen w\u00fcrden.\u201c<\/p>\t\t\t<\/div>\n\t\t<\/div>\n\t<\/div>\n\n\n<div\n\tclass=\"wrapper  wrapper__bg-color--transparent  wrapper__spacing-bottom-large--10\" \n\t>\n\n\t\n\t\t\t<div class=\"wrapper__container wrapper__container-width-large--default wrapper__gutter-large--default\">\n\t\t\t<div class=\"wrapper__inner wrapper__width-large--12\">\n\t\t\t\t\n<figure class=\"block-image-caption\">\n\t<div class=\"image-wrap block-image-caption__image-wrap\" data-align=\"center center\">\n\n\t\t\t<img\n\t\t\tsrc=\"https:\/\/tippingpoint.net\/wp-content\/uploads\/2023\/07\/graph-3-4.png\"\n\t\t\tclass=\"image  block-image-caption__image\"\n\t\t\talt=\"\"\n\t\t\/>\n\t\n\t<\/div>\t<figcaption>\n\t\t<p class=\"paragraph paragraph__color--primary paragraph__size--small paragraph__align--center paragraph__font--secondary paragraph__font-weight--normal block-image-caption__paragraph\">\n\t<\/p>\t<\/figcaption>\n<\/figure>\n\t\t\t<\/div>\n\t\t<\/div>\n\t<\/div>\n\n\n<div\n\tclass=\"wrapper  wrapper__bg-color--transparent  wrapper__spacing-bottom-large--10\" \n\t>\n\n\t\n\t\t\t<div class=\"wrapper__container wrapper__container-width-large--default wrapper__gutter-large--default\">\n\t\t\t<div class=\"wrapper__inner wrapper__width-large--12\">\n\t\t\t\t<p class=\"paragraph paragraph__color--secondary paragraph__size--medium paragraph__align--left paragraph__font--primary paragraph__font-weight--normal block-paragraph__paragraph\">\n\tKuceras Hypothese wird durch die Daten des britischen Amts f\u00fcr nationale Statistik best\u00e4tigt. Nach dem Brexit haben 78.200 Tschechinnen und Tschechen ein Bleiberecht f\u00fcr Gro\u00dfbritannien beantragt. Im Gegensatz dazu bem\u00fchten sich 136.970 Slowakinnen und Slowaken um einen Aufenthaltstitel, obwohl die slowakische Bev\u00f6lkerung nur halb so gro\u00df ist wie die tschechische; bei den Portugiesinnen und Portugiesen waren es 444.940, wobei die Gr\u00f6\u00dfe der Bev\u00f6lkerung Portugals in etwa der tschechischen entspricht.<\/p>\t\t\t<\/div>\n\t\t<\/div>\n\t<\/div>\n\n\n<div\n\tclass=\"wrapper  wrapper__bg-color--transparent  wrapper__spacing-bottom-large--10\" \n\t>\n\n\t\n\t\t\t<div class=\"wrapper__container wrapper__container-width-large--default wrapper__gutter-large--default\">\n\t\t\t<div class=\"wrapper__inner wrapper__width-large--12\">\n\t\t\t\t<p class=\"paragraph paragraph__color--secondary paragraph__size--medium paragraph__align--left paragraph__font--primary paragraph__font-weight--normal block-paragraph__paragraph\">\n\tAus den Untersuchungen Sobotkas geht auch hervor, dass die tschechische Abwanderungsrate eher derjenigen wohlhabender westeurop\u00e4ischer L\u00e4nder entspricht als jener mittel- und s\u00fcdosteurop\u00e4ischer L\u00e4nder, aus denen ein hoher Prozentsatz ganzer Alterskohorten emigriert ist. Was die Tschechische Republik betrifft, so Sobotka, w\u00fcrden heute zwischen vier und sechs Prozent der Menschen jeder Generation im Ausland leben, \u201ewas sich nicht so sehr von den Zahlen f\u00fcr Gro\u00dfbritannien oder Frankreich unterscheidet.\u201c<\/p>\t\t\t<\/div>\n\t\t<\/div>\n\t<\/div>\n\n\n<div\n\tclass=\"wrapper  wrapper__bg-color--transparent  wrapper__spacing-bottom-large--10\" \n\t>\n\n\t\n\t\t\t<div class=\"wrapper__container wrapper__container-width-large--default wrapper__gutter-large--default\">\n\t\t\t<div class=\"wrapper__inner wrapper__width-large--12\">\n\t\t\t\t<p class=\"paragraph paragraph__color--secondary paragraph__size--medium paragraph__align--left paragraph__font--primary paragraph__font-weight--normal block-paragraph__paragraph\">\n\tDaten zur Abwanderung sind nat\u00fcrlich schwer zu erfassen und die letztj\u00e4hrige Volksz\u00e4hlung hat gezeigt, dass mehr Menschen das Land verlassen hatten, als auf der Grundlage der Volksz\u00e4hlung 2011 erwartet worden war. Dies f\u00fchrte dazu, dass die tschechische Bev\u00f6lkerungszahl f\u00fcr 2021 im Vergleich zu 2020 um 200.000 Personen nach unten korrigiert wurde, was aber nicht bedeutet, dass die Bev\u00f6lkerung des Landes in einem Jahr um so viel abgenommen hat.<\/p>\t\t\t<\/div>\n\t\t<\/div>\n\t<\/div>\n\n\n<div\n\tclass=\"wrapper  wrapper__bg-color--transparent  wrapper__spacing-bottom-large--10\" \n\t>\n\n\t\n\t\t\t<div class=\"wrapper__container wrapper__container-width-large--default wrapper__gutter-large--default\">\n\t\t\t<div class=\"wrapper__inner wrapper__width-large--12\">\n\t\t\t\t<p class=\"paragraph paragraph__color--secondary paragraph__size--medium paragraph__align--left paragraph__font--primary paragraph__font-weight--normal block-paragraph__paragraph\">\n\t<strong>Zustrom von Einwanderinnen und Einwanderern<\/strong><\/p>\t\t\t<\/div>\n\t\t<\/div>\n\t<\/div>\n\n\n<div\n\tclass=\"wrapper  wrapper__bg-color--transparent  wrapper__spacing-bottom-large--10\" \n\t>\n\n\t\n\t\t\t<div class=\"wrapper__container wrapper__container-width-large--default wrapper__gutter-large--default\">\n\t\t\t<div class=\"wrapper__inner wrapper__width-large--12\">\n\t\t\t\t<p class=\"paragraph paragraph__color--secondary paragraph__size--medium paragraph__align--left paragraph__font--primary paragraph__font-weight--normal block-paragraph__paragraph\">\n\tWas Tschechien in demografischer Hinsicht einem wohlhabenderen westlichen Land \u00e4hnlicher macht, ist vor allem die Zuwanderung. Ende 2021 waren 660.849 ausl\u00e4ndische Personen als wohnhaft im Land gemeldet, von denen 320.534 \u00fcber einen st\u00e4ndigen Wohnsitz verf\u00fcgten, w\u00e4hrend die meisten anderen eine kurzfristige Arbeitserlaubnis hatten. Menschen aus der Ukraine (196.875), der Slowakei (114.630) und aus Vietnam (64.851) stellen dabei die drei gr\u00f6\u00dften Nationalit\u00e4ten dar.<\/p>\t\t\t<\/div>\n\t\t<\/div>\n\t<\/div>\n\n\n<div\n\tclass=\"wrapper wrapper--overflow wrapper__bg-color--transparent  wrapper__spacing-bottom-large--10\" \n\t>\n\n\t\n\t\t\t<div class=\"wrapper__container wrapper__container-width-large--default wrapper__gutter-large--default\">\n\t\t\t<div class=\"wrapper__inner wrapper__width-large--12\">\n\t\t\t\t\n<figure class=\"block-image-caption\">\n\t<div class=\"image-wrap block-image-caption__image-wrap\" data-align=\"center center\">\n\n\t\t\t<img\n\t\t\tsrc=\"https:\/\/tippingpoint.net\/wp-content\/uploads\/2023\/07\/20220715_PD20823-scaled.jpg\"\n\t\t\tclass=\"image  block-image-caption__image\"\n\t\t\talt=\"\"\n\t\t\/>\n\t\n\t<\/div>\t<figcaption>\n\t\t<p class=\"paragraph paragraph__color--primary paragraph__size--small paragraph__align--center paragraph__font--secondary paragraph__font-weight--normal block-image-caption__paragraph\">\n\tDie Ukrainerin Lisa Himich bereitet einen Kaffee zu. Sie arbeitet in einem Lokal in Prag, 15. Juli 2022. Foto: Petr David Josek \/ AP \/ picturedesk.com<\/p>\t<\/figcaption>\n<\/figure>\n\t\t\t<\/div>\n\t\t<\/div>\n\t<\/div>\n\n\n<div\n\tclass=\"wrapper  wrapper__bg-color--transparent  wrapper__spacing-bottom-large--10\" \n\t>\n\n\t\n\t\t\t<div class=\"wrapper__container wrapper__container-width-large--default wrapper__gutter-large--default\">\n\t\t\t<div class=\"wrapper__inner wrapper__width-large--12\">\n\t\t\t\t<p class=\"paragraph paragraph__color--secondary paragraph__size--medium paragraph__align--left paragraph__font--primary paragraph__font-weight--normal block-paragraph__paragraph\">\n\tAuf der Grundlage der tschechischen Daten und Trends bis Ende 2021 prognostizierte Eurostat, das statistische Amt der EU, einen leichten Anstieg der tschechischen Bev\u00f6lkerung auf 10,76 Millionen im Jahr 2030, wobei diese Zahl bis 2050 wieder auf den heutigen Stand von 10,53 Millionen sinken sollte. Mittlerweile ist aber alles offen. Bis zum 13. September 2022 hatten 431.285 Ukrainerinnen und Ukrainer aufgrund des Kriegs ein Aufenthaltsrecht in Tschechien erhalten.<\/p>\t\t\t<\/div>\n\t\t<\/div>\n\t<\/div>\n\n\n<div\n\tclass=\"wrapper  wrapper__bg-color--transparent  wrapper__spacing-bottom-large--10\" \n\t>\n\n\t\n\t\t\t<div class=\"wrapper__container wrapper__container-width-large--default wrapper__gutter-large--default\">\n\t\t\t<div class=\"wrapper__inner wrapper__width-large--12\">\n\t\t\t\t<p class=\"paragraph paragraph__color--secondary paragraph__size--medium paragraph__align--left paragraph__font--primary paragraph__font-weight--normal block-paragraph__paragraph\">\n\tGewiss k\u00f6nnten einige oder vielleicht die meisten dieser Menschen inzwischen in ihre Heimat zur\u00fcckgekehrt oder in andere L\u00e4nder wie Deutschland weitergereist sein. Viele von ihnen bleiben jedoch und werden dies auch weiterhin tun, und je mehr Fl\u00fcchtlingskinder eingeschult werden und je l\u00e4nger der Krieg andauert, desto gr\u00f6\u00dfer wird die Zahl derer sein, die sich dauerhaft in Tschechien niederlassen.<\/p>\t\t\t<\/div>\n\t\t<\/div>\n\t<\/div>\n\n\n<div\n\tclass=\"wrapper  wrapper__bg-color--transparent  wrapper__spacing-bottom-large--10\" \n\t>\n\n\t\n\t\t\t<div class=\"wrapper__container wrapper__container-width-large--default wrapper__gutter-large--default\">\n\t\t\t<div class=\"wrapper__inner wrapper__width-large--12\">\n\t\t\t\t<p class=\"paragraph paragraph__color--secondary paragraph__size--medium paragraph__align--left paragraph__font--primary paragraph__font-weight--normal block-paragraph__paragraph\">\n\tKucera zufolge wird die Bev\u00f6lkerung Tschechiens \u201emittel- und langfristig auf jeden Fall wachsen\u201c, aber die pl\u00f6tzliche Ankunft von Hunderttausenden von Ukrainerinnen und Ukrainern bedeutet, dass die demografische Zukunft Tschechiens \u201esehr ungewiss\u201c und im Moment unm\u00f6glich vorherzusagen ist.<\/p>\t\t\t<\/div>\n\t\t<\/div>\n\t<\/div>\n\n\n<div\n\tclass=\"wrapper  wrapper__bg-color--transparent  wrapper__spacing-bottom-large--10\" \n\t>\n\n\t\n\t\t\t<div class=\"wrapper__container wrapper__container-width-large--default wrapper__gutter-large--default\">\n\t\t\t<div class=\"wrapper__inner wrapper__width-large--12\">\n\t\t\t\t<p class=\"paragraph paragraph__color--secondary paragraph__size--medium paragraph__align--left paragraph__font--primary paragraph__font-weight--normal block-paragraph__paragraph\">\n\t\u201eTats\u00e4chlich ist eine Vorausberechnung normalerweise umso unsicherer, je weiter der Prognosehorizont entfernt ist\u201c, so Kucera. \u201eJetzt haben wir es mit einem Paradoxon zu tun \u2013 die unsichersten Prognosen sind die kurzfristigen!\u201c<\/p>\t\t\t<\/div>\n\t\t<\/div>\n\t<\/div>\n\n\n<div\n\tclass=\"wrapper  wrapper__bg-color--transparent  wrapper__spacing-bottom-large--10\" \n\t>\n\n\t\n\t\t\t<div class=\"wrapper__container wrapper__container-width-large--default wrapper__gutter-large--default\">\n\t\t\t<div class=\"wrapper__inner wrapper__width-large--12\">\n\t\t\t\t\n<div class=\"block-infobox\">\n\t<h2 class=\"heading heading__color--primary heading__size--small heading__align--left heading__font--secondary block-infobox__heading\">\n\t<strong><strong>Ein historischer Schlag gegen die Bev\u00f6lkerung<\/strong><\/strong><\/h2>\n\t<div class=\"block-infobox__content\">\n\t\t\n<div class=\"image-wrap block-infobox__image-wrap\" data-align=\"center center\">\n\n\t\t\t<div style=\"background-image:url(https:\/\/tippingpoint.net\/wp-content\/uploads\/2023\/07\/Sudeten_Germans.jpg)\" class=\"image image--bg block-infobox__image\">\n\t\t<\/div>\n\t\n\t<\/div>\n\n<p class=\"paragraph paragraph__color--secondary paragraph__size--default paragraph__align--left paragraph__font--secondary paragraph__font-weight--normal block-infobox__paragraph\">\n\t<em>Vertreibung der Sudetendeutschen am Ende des Zweiten Weltkriegs. Foto: Jacksonmcdonald3425 \/ Wikimedia Commons<\/em><\/p>\n\n<p class=\"paragraph paragraph__color--secondary paragraph__size--default paragraph__align--left paragraph__font--secondary paragraph__font-weight--normal block-infobox__paragraph\">\n\t<\/p>\n\n<p class=\"paragraph paragraph__color--secondary paragraph__size--default paragraph__align--left paragraph__font--secondary paragraph__font-weight--normal block-infobox__paragraph\">\n\tDas tschechische Statistikamt (CZSO) kann zu Recht mit Stolz darauf verweisen, dass ein Gro\u00dfteil seiner Daten, einschlie\u00dflich derer zur Gesamtbev\u00f6lkerung, auf das Jahr 1785 zur\u00fcckgeht, als 4,25 Millionen Menschen auf dem Gebiet der heutigen Tschechischen Republik gez\u00e4hlt wurden.<\/p>\n\n<p class=\"paragraph paragraph__color--secondary paragraph__size--default paragraph__align--left paragraph__font--secondary paragraph__font-weight--normal block-infobox__paragraph\">\n\tVon jenem Zeitpunkt an, als B\u00f6hmen, M\u00e4hren und Tschechisch-Schlesien zum Habsburgerreich geh\u00f6rten, steigt die Bev\u00f6lkerungskurve mit zunehmender Bev\u00f6lkerungszahl allm\u00e4hlich an, sinkt nur zur Zeit des Ersten Weltkriegs und klettert danach wieder in die H\u00f6he, bis sie buchst\u00e4blich ins Bodenlose abst\u00fcrzt. Der Grund daf\u00fcr war die Vertreibung von mehr als drei Millionen ethnischen Deutschen nach dem Zweiten Weltkrieg.<\/p>\n\n<p class=\"paragraph paragraph__color--secondary paragraph__size--default paragraph__align--left paragraph__font--secondary paragraph__font-weight--normal block-infobox__paragraph\">\n\tNach Angaben des CZSO erreichte die Bev\u00f6lkerung der tschechischen L\u00e4nder im Jahr 1940 mit 11,16 Millionen ihren H\u00f6chststand, bis 1947 war sie jedoch auf 8,76 Millionen gesunken. Seitdem ist die Bev\u00f6lkerung zwar gewachsen, hat aber nie wieder den Stand von 1940 erreicht.<\/p>\n\n<p class=\"paragraph paragraph__color--secondary paragraph__size--default paragraph__align--left paragraph__font--secondary paragraph__font-weight--normal block-infobox__paragraph\">\n\tDas Gebiet der heutigen Tschechischen Republik blieb von den Verw\u00fcstungen eines totalen Kriegs vergleichsweise verschont. In den L\u00e4ndern der ehemaligen Tschechoslowakei kamen bis 1938 sch\u00e4tzungsweise 345.000 Menschen ums Leben, darunter 263.000 J\u00fcdinnen und Juden, die im Holocaust ermordet wurden. Etwa 30 Prozent von ihnen stammten aus dem NS-Protektorat B\u00f6hmen und M\u00e4hren. W\u00e4hrend des Kriegs wurden auch etwa 90 Prozent der rund 6.500 Roma und Sinti ermordet.<\/p>\n\n<p class=\"paragraph paragraph__color--secondary paragraph__size--default paragraph__align--left paragraph__font--secondary paragraph__font-weight--normal block-infobox__paragraph\">\n\tAus demografischer Sicht h\u00e4tte der Kriegstod der Tschechinnen und Tschechen, J\u00fcdinnen und Juden und der Roma, so tragisch er auch war, die Gesamtbev\u00f6lkerungszahl Tschechiens langfristig nicht wesentlich ver\u00e4ndert. Was sich jedoch auswirkte, waren die brutalen Repressalien und die massenhafte Vertreibung der ethnischen Deutschen, die Hitler mit \u00fcberw\u00e4ltigender Mehrheit unterst\u00fctzt hatten, unmittelbar nach dem Krieg.<\/p>\n\n<p class=\"paragraph paragraph__color--secondary paragraph__size--default paragraph__align--left paragraph__font--secondary paragraph__font-weight--normal block-infobox__paragraph\">\n\tIn der ersten Zeit nach dem Ende des Kriegs wurden etwa 660.000 Deutschsprachige vertrieben. Zwischen 19.000 und 30.000 wurden get\u00f6tet oder starben an Krankheiten. Die Historikerin Mary Heimann schreibt: \u201eDie politisch kalkulierte Orgie von Gewalt, Vigilantismus und ethnischem Hass, die im Fr\u00fchjahr und Sommer (Mai bis August) 1945 andauerte, wird im Tschechischen etwas heuchlerisch als <em>divoky odsun<\/em> (\u201awilde\u2018 oder illegale \u201aAbschiebung\u2018) bezeichnet, um sie von der \u201akoordinierteren\u2018 und \u201alegalen\u2018 <em>odsun<\/em> (Abschiebung oder Vertreibung) weiterer 2,8 Millionen ethnischer Deutscher aus ihrer Heimat nach 1946 zu unterscheiden.\u201c<\/p>\n\n<p class=\"paragraph paragraph__color--secondary paragraph__size--default paragraph__align--left paragraph__font--secondary paragraph__font-weight--normal block-infobox__paragraph\">\n\tBei der Volksz\u00e4hlung von 1930 deklarierten sich 3,14 Millionen, d. h. 29,5 Prozent der Bev\u00f6lkerung auf dem heutigen Gebiet der Tschechischen Republik, als Deutsche. Bei der Volksz\u00e4hlung von 2021 bezeichneten sich 24.632 als Deutsche \u2013 bzw. einer anderen Ethnie zugeh\u00f6rig. Das sind 0,23 Prozent der Bev\u00f6lkerung, deutlich weniger als die Zahl der Vietnamesinnen und Vietnamesen im Land.<\/p>\n\n<p class=\"paragraph paragraph__color--secondary paragraph__size--default paragraph__align--left paragraph__font--secondary paragraph__font-weight--normal block-infobox__paragraph\">\n\tW\u00e4hrend des Kommunismus, erkl\u00e4rt Tomas Sobotka vom Wiener Institut f\u00fcr Demografie, habe man sich mit den demografischen Folgen dieses enormen Bev\u00f6lkerungsverlustes nicht besch\u00e4ftigt.<\/p>\n\n<p class=\"paragraph paragraph__color--secondary paragraph__size--default paragraph__align--left paragraph__font--secondary paragraph__font-weight--normal block-infobox__paragraph\">\n\t\u201eEs war nicht erlaubt, \u00f6ffentlich \u00fcber die erzwungene Aussiedlung der deutschen Bev\u00f6lkerung zu debattieren, zu recherchieren oder zu diskutieren, sodass die gesamte Forschung und die \u00f6ffentliche Diskussion \u2026 erst 1990 nach der Wende so richtig begann.\u201c<\/p>\n\n<p class=\"paragraph paragraph__color--secondary paragraph__size--default paragraph__align--left paragraph__font--secondary paragraph__font-weight--normal block-infobox__paragraph\">\n\tF\u00fcr den Demografen Tomas Kucera von der Prager Karlsuniversit\u00e4t habe sich Tschechien, was seine Gesamtbev\u00f6lkerung betrifft, nie von den Vertreibungen erholt. Die heutige Bev\u00f6lkerung entspricht lediglich dem Stand von 1928.<\/p>\n\n<p class=\"paragraph paragraph__color--secondary paragraph__size--default paragraph__align--left paragraph__font--secondary paragraph__font-weight--normal block-infobox__paragraph\">\n\tHeimann schreibt, dass die Beh\u00f6rden ab Juli 1945 daf\u00fcr sorgten, dass Tschechinnen und Tschechen, Slowakinnen und Slowaken und \u201eandere Slawinnen und Slawen\u201c von den Deutschen zugr\u00fcckgelassene L\u00e4ndereien und Besitzt\u00fcmer \u201ewiederbesiedeln\u201c konnten. Die Tatsache, dass ein gro\u00dfer Teil der vertriebenen Deutschen aus den nun verlassenen l\u00e4ndlichen Regionen an der Grenze zu Westdeutschland und \u00d6sterreich stammte, erwies sich f\u00fcr die neuen kommunistischen Machthaber als \u201esehr zweckdienlich\u201c, da es dadurch viel einfacher war, eine spezielle Pufferzone zu errichten, einschlie\u00dflich mehrerer Reihen elektrischer Z\u00e4une, \u201eum die Menschen daran zu hindern, aus dem Land zu fliehen\u201c, wie Sobotka betont.<\/p>\n\n<p class=\"paragraph paragraph__color--secondary paragraph__size--default paragraph__align--left paragraph__font--secondary paragraph__font-weight--normal block-infobox__paragraph\">\n\tDaher, so Sobotka, \u201egab es eine bewusste Politik, gro\u00dfe Gebiete nicht wieder zu besiedeln\u201c, insbesondere die H\u00fcgel, W\u00e4lder und Berge im S\u00fcden, und \u201esie einfach ihrem Schicksal zu \u00fcberlassen, wobei viele D\u00f6rfer v\u00f6llig ausgel\u00f6scht wurden und f\u00fcr immer verloren waren.\u201c<\/p>\n\t<\/div>\n<\/div>\n\t\t\t<\/div>\n\t\t<\/div>\n\t<\/div>\n\n\n<div\n\tclass=\"wrapper  wrapper__bg-color--transparent  wrapper__spacing-bottom-large--10\" \n\t>\n\n\t\n\t\t\t<div class=\"wrapper__container wrapper__container-width-large--default wrapper__gutter-large--default\">\n\t\t\t<div class=\"wrapper__inner wrapper__width-large--12\">\n\t\t\t\t<p class=\"paragraph paragraph__color--secondary paragraph__size--small paragraph__align--left paragraph__font--primary paragraph__font-weight--normal block-paragraph__paragraph\">\n\t<em>Original auf Englisch. Erstmals publiziert am 3. Oktober\u00a02022 auf\u00a0<a href=\"https:\/\/balkaninsight.com\/2022\/10\/03\/czech-demography-westward-ahoy\/\" target=\"_blank\" rel=\"noreferrer noopener\">Reportingdemocracy.org<\/a>\u00a0einer journalistischen Plattform des Balkan Investigative Reporting Network. Der vorliegende Text ist im Rahmen des\u00a0<a href=\"https:\/\/www.europesfutures.eu\/archive\/a-region-in-critical-demographic-decline\" target=\"_blank\" rel=\"noreferrer noopener\">Europe\u2019s Futures<\/a>\u00a0Projekts entstanden.<br>Aus dem Englischen von\u00a0<a href=\"http:\/\/www.wordpool.at\/\" target=\"_blank\" rel=\"noreferrer noopener\">Barbara Maya<\/a>.<\/em><\/p>\t\t\t<\/div>\n\t\t<\/div>\n\t<\/div>\n\n\n<div\n\tclass=\"wrapper  wrapper__bg-color--transparent  wrapper__spacing-bottom-large--10\" \n\t>\n\n\t\n\t\t\t<div class=\"wrapper__container wrapper__container-width-large--default wrapper__gutter-large--default\">\n\t\t\t<div class=\"wrapper__inner wrapper__width-large--12\">\n\t\t\t\t<p class=\"paragraph paragraph__color--secondary paragraph__size--small paragraph__align--left paragraph__font--primary paragraph__font-weight--normal block-paragraph__paragraph\">\n\t<em>Dieser Text ist urheberrechtlich gesch\u00fctzt: \u00a9 Tim Judah. Bei Interesse an Wiederver\u00f6ffentlichung bitten wir um Kontaktaufnahme mit der\u00a0<a href=\"https:\/\/tippingpoint.net\/de\/kontakt\/\">Redaktion<\/a>. Urheberrechtliche Angaben zu Bildern, Grafiken und Videos sind direkt bei den Abbildungen bzw. am Beginn vermerkt. Titelbild: Illustration: BIRN<\/em><\/p>\t\t\t<\/div>\n\t\t<\/div>\n\t<\/div>\n\n\n<div\n\tclass=\"wrapper  wrapper__bg-color--transparent  wrapper__spacing-bottom-large--10\" \n\t>\n\n\t\n\t\t\t<div class=\"wrapper__container wrapper__container-width-large--default wrapper__gutter-large--default\">\n\t\t\t<div class=\"wrapper__inner wrapper__width-large--12\">\n\t\t\t\t\n<hr class=\"block-divider block-divider__color--primary\">\n\t\t\t<\/div>\n\t\t<\/div>\n\t<\/div>\n\n\n<div\n\tclass=\"wrapper  wrapper__bg-color--transparent  wrapper__spacing-bottom-large--10\" \n\t>\n\n\t\n\t\t\t<div class=\"wrapper__container wrapper__container-width-large--default wrapper__gutter-large--default\">\n\t\t\t<div class=\"wrapper__inner wrapper__width-large--12\">\n\t\t\t\t<h2 class=\"heading heading__color--primary heading__size--default heading__align--left heading__font--primary block-heading__heading\">\n\tReporting Democracy<\/h2>\t\t\t<\/div>\n\t\t<\/div>\n\t<\/div>\n\n\n<div\n\tclass=\"wrapper  wrapper__bg-color--transparent  wrapper__spacing-bottom-large--10\" \n\t>\n\n\t\n\t\t\t<div class=\"wrapper__container wrapper__container-width-large--default wrapper__gutter-large--default\">\n\t\t\t<div class=\"wrapper__inner wrapper__width-large--12\">\n\t\t\t\t<p class=\"paragraph paragraph__color--secondary paragraph__size--medium paragraph__align--left paragraph__font--primary paragraph__font-weight--normal block-paragraph__paragraph\">\n\t<a rel=\"noreferrer noopener\" href=\"https:\/\/balkaninsight.com\/reporting-democracy\" target=\"_blank\">Reporting Democracy<\/a> ist eine grenz\u00fcberschreitende journalistische Plattform, die sich der Frage widmet, wohin sich die Demokratie in weiten Teilen Europas entwickelt. Neben der st\u00e4ndigen Produktion von Reportagen, Interviews und analytischen Artikeln durch eigene Korrespondenten, unterst\u00fctzt Reporting Democracy lokale Journalisten, indem es Geschichten in Auftrag gibt und Zusch\u00fcsse f\u00fcr eingehende Reportagen und Recherchen bereitstellt. Das <a rel=\"noreferrer noopener\" href=\"https:\/\/balkaninsight.com\/fellowship-for-journalistic-excellence\/\" target=\"_blank\">Fellowship for Journalistic Excellence<\/a> ist Teil von Reporting Democracy. Beides wird vom Balkan Investigative Reporting Network (BIRN) realisiert und umgesetzt und von der ERSTE Stiftung unterst\u00fctzt.<\/p>\t\t\t<\/div>\n\t\t<\/div>\n\t<\/div>\n","protected":false},"excerpt":{"rendered":"<p>Warum sich Tschechien dem herrschenden Trend des gesamten restlichen, ehemals kommunistischen Teil Europas widersetzt wei\u00df Tim Judah.<\/p>\n","protected":false},"author":184,"featured_media":9799,"comment_status":"closed","ping_status":"closed","sticky":false,"template":"","format":"standard","meta":{"footnotes":""},"categories":[433,360],"tags":[429,255,604,214],"formats":[],"acf":[],"_links":{"self":[{"href":"https:\/\/tippingpoint.net\/de\/wp-json\/wp\/v2\/posts\/9824"}],"collection":[{"href":"https:\/\/tippingpoint.net\/de\/wp-json\/wp\/v2\/posts"}],"about":[{"href":"https:\/\/tippingpoint.net\/de\/wp-json\/wp\/v2\/types\/post"}],"author":[{"embeddable":true,"href":"https:\/\/tippingpoint.net\/de\/wp-json\/wp\/v2\/users\/184"}],"replies":[{"embeddable":true,"href":"https:\/\/tippingpoint.net\/de\/wp-json\/wp\/v2\/comments?post=9824"}],"version-history":[{"count":4,"href":"https:\/\/tippingpoint.net\/de\/wp-json\/wp\/v2\/posts\/9824\/revisions"}],"predecessor-version":[{"id":9828,"href":"https:\/\/tippingpoint.net\/de\/wp-json\/wp\/v2\/posts\/9824\/revisions\/9828"}],"wp:featuredmedia":[{"embeddable":true,"href":"https:\/\/tippingpoint.net\/de\/wp-json\/wp\/v2\/media\/9799"}],"wp:attachment":[{"href":"https:\/\/tippingpoint.net\/de\/wp-json\/wp\/v2\/media?parent=9824"}],"wp:term":[{"taxonomy":"category","embeddable":true,"href":"https:\/\/tippingpoint.net\/de\/wp-json\/wp\/v2\/categories?post=9824"},{"taxonomy":"post_tag","embeddable":true,"href":"https:\/\/tippingpoint.net\/de\/wp-json\/wp\/v2\/tags?post=9824"},{"taxonomy":"format","embeddable":true,"href":"https:\/\/tippingpoint.net\/de\/wp-json\/wp\/v2\/formats?post=9824"}],"curies":[{"name":"wp","href":"https:\/\/api.w.org\/{rel}","templated":true}]}}