{"id":9488,"date":"2023-03-22T18:14:19","date_gmt":"2023-03-22T18:14:19","guid":{"rendered":"https:\/\/tippingpoint.net\/?p=9488"},"modified":"2023-07-06T13:29:45","modified_gmt":"2023-07-06T13:29:45","slug":"die-ukraine-steuert-auf-einen-langwierigen-nichtfrieden-zu","status":"publish","type":"post","link":"https:\/\/tippingpoint.net\/de\/die-ukraine-steuert-auf-einen-langwierigen-nichtfrieden-zu\/","title":{"rendered":"&#8220;Die Ukraine steuert auf einen langwierigen Nichtfrieden zu!&#8221;"},"content":{"rendered":"<div\n\tclass=\"wrapper  wrapper__bg-color--transparent  wrapper__spacing-bottom-large--10\" \n\t>\n\n\t\n\t\t\t<div class=\"wrapper__container wrapper__container-width-large--default wrapper__gutter-large--default\">\n\t\t\t<div class=\"wrapper__inner wrapper__width-large--12\">\n\t\t\t\t<p class=\"paragraph paragraph__color--secondary paragraph__size--medium paragraph__align--left paragraph__font--primary paragraph__font-weight--normal block-paragraph__paragraph\">\n\t<strong>Die italienische Politologin ist der Ansicht, dass die USA daf\u00fcr sorgen werden, dass Russland den Krieg verliert \u2013 aber nur die EU k\u00f6nne daf\u00fcr sorgen, dass die Ukraine gewinnt<\/strong>.<\/p>\t\t\t<\/div>\n\t\t<\/div>\n\t<\/div>\n\n\n<div\n\tclass=\"wrapper  wrapper__bg-color--transparent  wrapper__spacing-bottom-large--10\" \n\t>\n\n\t\n\t\t\t<div class=\"wrapper__container wrapper__container-width-large--default wrapper__gutter-large--default\">\n\t\t\t<div class=\"wrapper__inner wrapper__width-large--12\">\n\t\t\t\t<p class=\"paragraph paragraph__color--secondary paragraph__size--medium paragraph__align--left paragraph__font--primary paragraph__font-weight--normal block-paragraph__paragraph\">\n\tDie Zukunft der Ukraine wird im Verbund mit der Europ\u00e4ischen Union stattfinden \u2013 das meint Nathalie Tocci, Direktorin des Istituto Affari Internazionali (IAI) in Rom. Gemeinsam mit Europa m\u00fcsse die Ukraine sicherstellen, dass Russland k\u00fcnftig keine neuerlichen Aggressionen unternehmen wird. Ein echter Friedensvertrag liege noch in weiter Ferne, es laufe alles auf einen &#8220;langwierigen Nichtfrieden&#8221; hinaus. Die italienische Politologin ist zurzeit auch <a href=\"http:\/\/www.europesfutures.eu\/\" target=\"_blank\" rel=\"noreferrer noopener\">Europe&#8217;s Futures<\/a> Fellow am Institut f\u00fcr die Wissenschaften vom Menschen (IWM) in Wien.<\/p>\t\t\t<\/div>\n\t\t<\/div>\n\t<\/div>\n\n\n<div\n\tclass=\"wrapper  wrapper__bg-color--transparent  wrapper__spacing-bottom-large--10\" \n\t>\n\n\t\n\t\t\t<div class=\"wrapper__container wrapper__container-width-large--default wrapper__gutter-large--default\">\n\t\t\t<div class=\"wrapper__inner wrapper__width-large--12\">\n\t\t\t\t\n<hr class=\"block-divider block-divider__color--primary\">\n\t\t\t<\/div>\n\t\t<\/div>\n\t<\/div>\n\n\n<div\n\tclass=\"wrapper  wrapper__bg-color--transparent  wrapper__spacing-bottom-large--10\" \n\t>\n\n\t\n\t\t\t<div class=\"wrapper__container wrapper__container-width-large--default wrapper__gutter-large--default\">\n\t\t\t<div class=\"wrapper__inner wrapper__width-large--12\">\n\t\t\t\t<p class=\"paragraph paragraph__color--secondary paragraph__size--medium paragraph__align--left paragraph__font--primary paragraph__font-weight--normal block-paragraph__paragraph\">\n\t<strong>Vor etwas mehr als einem Jahr glaubten nur wenige in Europa wirklich an einen unmittelbar bevorstehenden russischen Angriff auf die Ukraine. Die Warnungen von US-Au\u00dfenminister Antony Blinken wurden nicht ausreichend ernst genommen. Wie konnte das sein? Putins Angriff kam ja nicht aus heiterem Himmel &#8230;<\/strong><\/p>\t\t\t<\/div>\n\t\t<\/div>\n\t<\/div>\n\n\n<div\n\tclass=\"wrapper  wrapper__bg-color--transparent  wrapper__spacing-bottom-large--10\" \n\t>\n\n\t\n\t\t\t<div class=\"wrapper__container wrapper__container-width-large--default wrapper__gutter-large--default\">\n\t\t\t<div class=\"wrapper__inner wrapper__width-large--12\">\n\t\t\t\t<p class=\"paragraph paragraph__color--secondary paragraph__size--medium paragraph__align--left paragraph__font--primary paragraph__font-weight--normal block-paragraph__paragraph\">\n\tIch glaube, es gibt einen gro\u00dfen Unterschied zwischen den Geheimdiensten in den Vereinigten Staaten und in Europa. Es gab ein gro\u00dfes Versagen, aber vor allem auf der Seite von Kontinentaleuropa \u2013 Gro\u00dfbritannien stimmte eher mit den USA \u00fcberein. Aber insgesamt kannten die Nachrichtendienste die Situation dann doch sehr gut. Vor allem die USA wussten im Grunde, dass die Situation auf einen Krieg hinauslaufen w\u00fcrde \u2013 und die US-Diplomatie tat alles, was sie konnte, um ihn zu verhindern.<\/p>\t\t\t<\/div>\n\t\t<\/div>\n\t<\/div>\n\n\n<div\n\tclass=\"wrapper  wrapper__bg-color--transparent  wrapper__spacing-bottom-large--10\" \n\t>\n\n\t\n\t\t\t<div class=\"wrapper__container wrapper__container-width-large--default wrapper__gutter-large--default\">\n\t\t\t<div class=\"wrapper__inner wrapper__width-large--12\">\n\t\t\t\t<p class=\"paragraph paragraph__color--secondary paragraph__size--medium paragraph__align--left paragraph__font--primary paragraph__font-weight--normal block-paragraph__paragraph\">\n\tDie Erwartung war, dass dies ein Krieg sein w\u00fcrde, der wie Georgien 2008 aussehen w\u00fcrde \u2013 aber auf Steroiden. Keine gro\u00dfangelegte Invasion \u2013 mehr vom Gleichen sozusagen, sogar wie 2014 auf der Halbinsel Krim und im Donbass. Aber dieses Mal mit dem zus\u00e4tzlichen Risiko eines \u00dcbergreifens in einen Konflikt gr\u00f6\u00dferen Ausma\u00dfes. Es wurde erwartet, dass Putin die Kontaktlinien in Richtung Mariupol \u00fcberschreitet, und das h\u00e4tte dann einen gro\u00dfangelegten Krieg im Donbass ausl\u00f6sen k\u00f6nnen.<\/p>\t\t\t<\/div>\n\t\t<\/div>\n\t<\/div>\n\n\n<div\n\tclass=\"wrapper  wrapper__bg-color--transparent  wrapper__spacing-bottom-large--10\" \n\t>\n\n\t\n\t\t\t<div class=\"wrapper__container wrapper__container-width-large--default wrapper__gutter-large--default\">\n\t\t\t<div class=\"wrapper__inner wrapper__width-large--12\">\n\t\t\t\t<p class=\"paragraph paragraph__color--secondary paragraph__size--medium paragraph__align--left paragraph__font--primary paragraph__font-weight--normal block-paragraph__paragraph\">\n\tIch denke, es w\u00e4re unfair zu sagen, dass die Expertengemeinschaft nicht erwartet hat, dass etwas passieren w\u00fcrde. Es hat sich nur ganz anders entwickelt als die Kriege, die es in der Vergangenheit schon gegeben hat.<\/p>\t\t\t<\/div>\n\t\t<\/div>\n\t<\/div>\n\n\n<div\n\tclass=\"wrapper  wrapper__bg-color--transparent  wrapper__spacing-bottom-large--10\" \n\t>\n\n\t\n\t\t\t<div class=\"wrapper__container wrapper__container-width-large--default wrapper__gutter-large--default\">\n\t\t\t<div class=\"wrapper__inner wrapper__width-large--12\">\n\t\t\t\t<p class=\"paragraph paragraph__color--secondary paragraph__size--medium paragraph__align--left paragraph__font--primary paragraph__font-weight--normal block-paragraph__paragraph\">\n\t<strong>Hat damals irgendjemand geglaubt, dass die Ukraine ihr eigenes Land so stark verteidigen k\u00f6nnte?<\/strong><\/p>\t\t\t<\/div>\n\t\t<\/div>\n\t<\/div>\n\n\n<div\n\tclass=\"wrapper  wrapper__bg-color--transparent  wrapper__spacing-bottom-large--10\" \n\t>\n\n\t\n\t\t\t<div class=\"wrapper__container wrapper__container-width-large--default wrapper__gutter-large--default\">\n\t\t\t<div class=\"wrapper__inner wrapper__width-large--12\">\n\t\t\t\t<p class=\"paragraph paragraph__color--secondary paragraph__size--medium paragraph__align--left paragraph__font--primary paragraph__font-weight--normal block-paragraph__paragraph\">\n\tNein, das erkl\u00e4rt auch die Verz\u00f6gerung der Waffenlieferungen an die Ukrainer. Wir in Europa haben einfach geglaubt, dass sie sowieso verlieren w\u00fcrden. Welchen Sinn h\u00e4tte es, ihnen Waffen zu geben, die einfach in russische H\u00e4nde fallen? Ein entscheidender Satz, ein sehr menschlicher Moment von gro\u00dfer psychologischer Bedeutung, wurde von Pr\u00e4sident Wolodymyr Selenskyj gleich nach Beginn der Invasion gesagt. Es ist wahrscheinlich einer der wichtigsten S\u00e4tze des 21. Jahrhunderts: &#8220;Ich brauche Munition, keine Mitfahrgelegenheit.&#8221; Was er damit meinte: Ich werde bei meinem Volk in der Ukraine bleiben, anstatt zu fliehen. Pl\u00f6tzlich stand die ganze Nation hinter ihm. Das war ein sehr fr\u00fcher Meilenstein.<\/p>\t\t\t<\/div>\n\t\t<\/div>\n\t<\/div>\n\n\n<div\n\tclass=\"wrapper  wrapper__bg-color--transparent  wrapper__spacing-bottom-large--10\" \n\t>\n\n\t\n\t\t\t<div class=\"wrapper__container wrapper__container-width-large--default wrapper__gutter-large--default\">\n\t\t\t<div class=\"wrapper__inner wrapper__width-large--12\">\n\t\t\t\t<p class=\"paragraph paragraph__color--secondary paragraph__size--medium paragraph__align--left paragraph__font--primary paragraph__font-weight--normal block-paragraph__paragraph\">\n\t<strong>Ja, das war beeindruckend &#8230;<\/strong><\/p>\t\t\t<\/div>\n\t\t<\/div>\n\t<\/div>\n\n\n<div\n\tclass=\"wrapper  wrapper__bg-color--transparent  wrapper__spacing-bottom-large--10\" \n\t>\n\n\t\n\t\t\t<div class=\"wrapper__container wrapper__container-width-large--default wrapper__gutter-large--default\">\n\t\t\t<div class=\"wrapper__inner wrapper__width-large--12\">\n\t\t\t\t<p class=\"paragraph paragraph__color--secondary paragraph__size--medium paragraph__align--left paragraph__font--primary paragraph__font-weight--normal block-paragraph__paragraph\">\n\tDas war ein sehr starkes Element der kognitiven Psychologie. Davon abgesehen: Die ukrainische Armee hat bewiesen, dass sie eine viel bessere Logistik, eine bessere Kommandostruktur und einen besseren Umgang mit ihren Waffen hat. Und dann hat sie der Welt bewiesen, dass sie in der Lage ist, westliche Waffen sehr effektiv gegen die russischen Aggressoren einzusetzen. Dies f\u00fchrte zu einer Art fortschreitendem Vertrauen in ihre F\u00e4higkeit zu k\u00e4mpfen und den Krieg sogar zu gewinnen.<\/p>\t\t\t<\/div>\n\t\t<\/div>\n\t<\/div>\n\n\n<div\n\tclass=\"wrapper  wrapper__bg-color--transparent  wrapper__spacing-bottom-large--10\" \n\t>\n\n\t\n\t\t\t<div class=\"wrapper__container wrapper__container-width-large--default wrapper__gutter-large--default\">\n\t\t\t<div class=\"wrapper__inner wrapper__width-large--12\">\n\t\t\t\t<p class=\"paragraph paragraph__color--secondary paragraph__size--medium paragraph__align--left paragraph__font--primary paragraph__font-weight--normal block-paragraph__paragraph\">\n\tWas die Nachrichtendienste betrifft, so hatten wir es hier mit einer interessanten Art von Widerspruch zu tun: eine fast unglaubliche Genauigkeit in Bezug auf das Wissen, was in der Anfangsphase des Krieges passieren w\u00fcrde, fast Minute f\u00fcr Minute. Andererseits haben die Nachrichtendienste bei der weiterf\u00fchrenden Einsch\u00e4tzung der ukrainischen und russischen milit\u00e4rischen Kapazit\u00e4ten v\u00f6llig versagt.<\/p>\t\t\t<\/div>\n\t\t<\/div>\n\t<\/div>\n\n\n<div\n\tclass=\"wrapper  wrapper__bg-color--transparent  wrapper__spacing-bottom-large--10\" \n\t>\n\n\t\n\t\t\t<div class=\"wrapper__container wrapper__container-width-large--default wrapper__gutter-large--default\">\n\t\t\t<div class=\"wrapper__inner wrapper__width-large--12\">\n\t\t\t\t<p class=\"paragraph paragraph__color--secondary paragraph__size--medium paragraph__align--left paragraph__font--primary paragraph__font-weight--normal block-paragraph__paragraph\">\n\t<strong>Wir sind also alle auf dem falschen Fu\u00df erwischt worden? Wollen Sie damit sagen, dass nur die Ukrainer wussten, wozu sie f\u00e4hig sein w\u00fcrden? Oder nicht einmal sie?<\/strong><\/p>\t\t\t<\/div>\n\t\t<\/div>\n\t<\/div>\n\n\n<div\n\tclass=\"wrapper  wrapper__bg-color--transparent  wrapper__spacing-bottom-large--10\" \n\t>\n\n\t\n\t\t\t<div class=\"wrapper__container wrapper__container-width-large--default wrapper__gutter-large--default\">\n\t\t\t<div class=\"wrapper__inner wrapper__width-large--12\">\n\t\t\t\t<p class=\"paragraph paragraph__color--secondary paragraph__size--medium paragraph__align--left paragraph__font--primary paragraph__font-weight--normal block-paragraph__paragraph\">\n\tJa, vielleicht haben sie sich auch selbst \u00fcberrascht. Manchmal muss man sich selbst in einer Extremsituation wiederfinden, um solche Dinge zu erkennen. Man kann sich nicht auf solche Situationen vorbereiten; erst wenn man drin ist, wei\u00df man, wozu man f\u00e4hig ist.<\/p>\t\t\t<\/div>\n\t\t<\/div>\n\t<\/div>\n\n\n<div\n\tclass=\"wrapper  wrapper__bg-color--transparent  wrapper__spacing-bottom-large--10\" \n\t>\n\n\t\n\t\t\t<div class=\"wrapper__container wrapper__container-width-large--default wrapper__gutter-large--default\">\n\t\t\t<div class=\"wrapper__inner wrapper__width-large--12\">\n\t\t\t\t<p class=\"paragraph paragraph__color--secondary paragraph__size--medium paragraph__align--left paragraph__font--primary paragraph__font-weight--normal block-paragraph__paragraph\">\n\t<strong>Seit einigen Wochen spricht Kyjiw offen davon, diesen Krieg zu &#8220;gewinnen&#8221;. Ist das ein realistisches Szenario?<\/strong><\/p>\t\t\t<\/div>\n\t\t<\/div>\n\t<\/div>\n\n\n<div\n\tclass=\"wrapper  wrapper__bg-color--transparent  wrapper__spacing-bottom-large--10\" \n\t>\n\n\t\n\t\t\t<div class=\"wrapper__container wrapper__container-width-large--default wrapper__gutter-large--default\">\n\t\t\t<div class=\"wrapper__inner wrapper__width-large--12\">\n\t\t\t\t<p class=\"paragraph paragraph__color--secondary paragraph__size--medium paragraph__align--left paragraph__font--primary paragraph__font-weight--normal block-paragraph__paragraph\">\n\tJa, sie glauben fest daran. Ist es realistisch? Wir wissen, dass die Russen nicht in der Lage sein werden, viel mehr zu tun als das, was sie bereits tun \u2013 wenn man von der nuklearen Option absieht. Ich denke, wir wissen immer noch nicht, was die Ukrainer mit den Waffen, die wir ihnen jetzt schicken, ausrichten k\u00f6nnen. Vielleicht werden sie nur in der Lage sein, ein kleines St\u00fcck des S\u00fcdens zur\u00fcckzuerobern? Vielleicht werden sie in der Lage sein, bis zur Krim vorzudringen und sie zu befreien? Wenn man bedenkt, wie viele \u00dcberraschungen wir erlebt haben: Wir, die westlichen Verb\u00fcndeten, sollten ihnen eine Chance geben und sie tun lassen, was sie tun k\u00f6nnen. Es ist f\u00fcr uns alle vorrangig, daf\u00fcr zu sorgen, dass sich eine solche Invasion in Zukunft nicht wiederholt. Wenn Russland nicht besiegt wird, wird es es wieder und wieder versuchen \u2013 selbst nach so viel Tod und Zerst\u00f6rung. Die Ukrainer wollen sicherstellen, dass sich diese Option nicht wiederholen kann.<\/p>\t\t\t<\/div>\n\t\t<\/div>\n\t<\/div>\n\n\n<div\n\tclass=\"wrapper  wrapper__bg-color--transparent  wrapper__spacing-bottom-large--10\" \n\t>\n\n\t\n\t\t\t<div class=\"wrapper__container wrapper__container-width-large--default wrapper__gutter-large--default\">\n\t\t\t<div class=\"wrapper__inner wrapper__width-large--12\">\n\t\t\t\t<p class=\"paragraph paragraph__color--secondary paragraph__size--medium paragraph__align--left paragraph__font--primary paragraph__font-weight--normal block-paragraph__paragraph\">\n\t<strong>Ein Ende dieses Krieges ist also nicht absehbar?<\/strong><\/p>\t\t\t<\/div>\n\t\t<\/div>\n\t<\/div>\n\n\n<div\n\tclass=\"wrapper  wrapper__bg-color--transparent  wrapper__spacing-bottom-large--10\" \n\t>\n\n\t\n\t\t\t<div class=\"wrapper__container wrapper__container-width-large--default wrapper__gutter-large--default\">\n\t\t\t<div class=\"wrapper__inner wrapper__width-large--12\">\n\t\t\t\t<p class=\"paragraph paragraph__color--secondary paragraph__size--medium paragraph__align--left paragraph__font--primary paragraph__font-weight--normal block-paragraph__paragraph\">\n\tWir sollten uns immer vor Augen halten, dass die Kontrolle \u00fcber das Territorium wichtig ist; aber es ist nicht das einzige Kriterium, um zu definieren, was ein Sieg oder eine Niederlage ist. Einer der Momente auf der diesj\u00e4hrigen M\u00fcnchner Sicherheitskonferenz, der mich sehr ber\u00fchrt hat, war, als der ukrainische Au\u00dfenminister Dmytro Kuleba gefragt wurde, wie er einen Sieg definieren w\u00fcrde. Er hat einfach geantwortet: Die Ukraine wird an dem Tag gewinnen, an dem der russische F\u00fchrer, wer auch immer er ist oder sein wird, nach Kyjiw kommt und vor dem Denkmal f\u00fcr die verstorbenen Soldaten, f\u00fcr die Opfer des Krieges niederkniet und um Vergebung bittet. Wir sollten immer die menschliche Dimension des Krieges im Auge behalten, nicht nur die milit\u00e4rischen oder territorialen Aspekte.<\/p>\t\t\t<\/div>\n\t\t<\/div>\n\t<\/div>\n\n\n<div\n\tclass=\"wrapper wrapper--overflow wrapper__bg-color--transparent  wrapper__spacing-bottom-large--10\" \n\t>\n\n\t\n\t\t\t<div class=\"wrapper__container wrapper__container-width-large--default wrapper__gutter-large--default\">\n\t\t\t<div class=\"wrapper__inner wrapper__width-large--12\">\n\t\t\t\t\n<figure class=\"block-image-caption\">\n\t<div class=\"image-wrap block-image-caption__image-wrap\" data-align=\"center center\">\n\n\t\t\t<img\n\t\t\tsrc=\"https:\/\/tippingpoint.net\/wp-content\/uploads\/2023\/03\/20230224_PD9964.HR_memorial-wall-scaled.jpg\"\n\t\t\tclass=\"image  block-image-caption__image\"\n\t\t\talt=\"\"\n\t\t\/>\n\t\n\t<\/div>\t<figcaption>\n\t\t<p class=\"paragraph paragraph__color--primary paragraph__size--small paragraph__align--center paragraph__font--secondary paragraph__font-weight--normal block-image-caption__paragraph\">\n\tDie Gedenkwand f\u00fcr die Gefallenen des Krieges in der Ukraine in Kyjiw. Foto: Sergei Chuzavkov \/ AFP \/ picturedesk.com<\/p>\t<\/figcaption>\n<\/figure>\n\t\t\t<\/div>\n\t\t<\/div>\n\t<\/div>\n\n\n<div\n\tclass=\"wrapper  wrapper__bg-color--transparent  wrapper__spacing-bottom-large--10\" \n\t>\n\n\t\n\t\t\t<div class=\"wrapper__container wrapper__container-width-large--default wrapper__gutter-large--default\">\n\t\t\t<div class=\"wrapper__inner wrapper__width-large--12\">\n\t\t\t\t<p class=\"paragraph paragraph__color--secondary paragraph__size--medium paragraph__align--left paragraph__font--primary paragraph__font-weight--normal block-paragraph__paragraph\">\n\t<strong>In einem k\u00fcrzlich erschienenen Artikel schrieben Sie: &#8220;Die USA werden daf\u00fcr sorgen, dass Russland den Krieg verliert \u2013 aber nur die Europ\u00e4ische Union kann daf\u00fcr sorgen, dass die Ukraine gewinnt.&#8221; Was meinen Sie damit?<\/strong><\/p>\t\t\t<\/div>\n\t\t<\/div>\n\t<\/div>\n\n\n<div\n\tclass=\"wrapper  wrapper__bg-color--transparent  wrapper__spacing-bottom-large--10\" \n\t>\n\n\t\n\t\t\t<div class=\"wrapper__container wrapper__container-width-large--default wrapper__gutter-large--default\">\n\t\t\t<div class=\"wrapper__inner wrapper__width-large--12\">\n\t\t\t\t<p class=\"paragraph paragraph__color--secondary paragraph__size--medium paragraph__align--left paragraph__font--primary paragraph__font-weight--normal block-paragraph__paragraph\">\n\tEine Sache ist die milit\u00e4rische Niederlage Russlands, \u00fcber die wir bereits gesprochen haben. Nehmen wir einmal an, dass die Ukraine wirklich den gr\u00f6\u00dften Teil oder sogar ihr gesamtes Territorium befreit. Wir werden einen hypermilitarisierten Staat haben, ohne wirtschaftlichen Wiederaufbau und mit einer tief verwurzelten Unsicherheit, weil Russland nicht v\u00f6llig verschwinden wird. Hier m\u00fcssen wir die europ\u00e4ische Frage diskutieren, im Grunde geht es um die volle EU-Mitgliedschaft, vielleicht sogar um die Nato-Mitgliedschaft. Dieser Krieg wird beweisen, dass es in Europa keine Pufferstaaten mehr gibt, keine Grauzonen, in denen man nur ein bisschen demokratisch, aber gleichzeitig korrupt und zutiefst unsicher sein kann. Man steht entweder auf der einen oder auf der anderen Seite. F\u00fcr die Ukraine bedeutet das, auf der europ\u00e4ischen Seite zu stehen.<\/p>\t\t\t<\/div>\n\t\t<\/div>\n\t<\/div>\n\n\n<div\n\tclass=\"wrapper  wrapper__bg-color--transparent  wrapper__spacing-bottom-large--10\" \n\t>\n\n\t\n\t\t\t<div class=\"wrapper__container wrapper__container-width-large--default wrapper__gutter-large--default\">\n\t\t\t<div class=\"wrapper__inner wrapper__width-large--12\">\n\t\t\t\t<div class=\"story-card block-story-card__story-card\">\n\t<hr class=\"story-card__divider\">\n\t<div class=\"story-card__wrap\">\n\t\t<a class=\"story-card__image-container\" href=\"https:\/\/tippingpoint.net\/de\/zusammen-fuer-die-ukraine-unsere-einigkeit-ist-staerke-und-chance-zugleich\/\">\n\t\t\t<div class=\"image-wrap story-card__image-wrap\" data-align=\"center center\">\n\n\t\t\t<div\n\t\t\tstyle=\"background-image:url(https:\/\/tippingpoint.net\/wp-content\/uploads\/2022\/11\/TE-Nathalie-Tocci-featured-Bild-1200x675.jpg)\"\n\t\t\tclass=\"image image--bg story-card__image\"\n\t\t>\n\t\t<\/div>\n\t\n\t<\/div>\t\t<\/a>\n\t\t<div class=\"story-card__content\">\n\t\t\t<a href=\"https:\/\/tippingpoint.net\/de\/zusammen-fuer-die-ukraine-unsere-einigkeit-ist-staerke-und-chance-zugleich\/\" id=\"\" class=\"link-heading link-heading__color--primary link-heading__size--small link-heading__align--left link-heading__font--primary  link-heading--no-margin story-card__link-heading\">\n\t<h2 class=\"link-heading__heading\" >\n\t\t&#8220;Zusammen f\u00fcr die Ukraine: Unsere Einigkeit ist St\u00e4rke und Chance zugleich.&#8221;\t<\/h2>\n<\/a>\t\t\t<a href=\"https:\/\/tippingpoint.net\/de\/zusammen-fuer-die-ukraine-unsere-einigkeit-ist-staerke-und-chance-zugleich\/\" class=\"story-card__link\">\n\t\t\t\t<p class=\"paragraph paragraph__color--primary paragraph__size--small paragraph__align--left paragraph__font--primary paragraph__font-weight--normal story-card__paragraph\">\n\tTalk Europe! mit Nathalie Tocci<\/p>\t\t\t<\/a>\n\t\t<\/div>\n\t<\/div>\n\t<hr class=\"story-card__divider\">\n<\/div>\t\t\t<\/div>\n\t\t<\/div>\n\t<\/div>\n\n\n<div\n\tclass=\"wrapper  wrapper__bg-color--transparent  wrapper__spacing-bottom-large--10\" \n\t>\n\n\t\n\t\t\t<div class=\"wrapper__container wrapper__container-width-large--default wrapper__gutter-large--default\">\n\t\t\t<div class=\"wrapper__inner wrapper__width-large--12\">\n\t\t\t\t<p class=\"paragraph paragraph__color--secondary paragraph__size--medium paragraph__align--left paragraph__font--primary paragraph__font-weight--normal block-paragraph__paragraph\">\n\t<strong>In Europa haben wir es neuerdings mit einer recht merkw\u00fcrdigen Friedensbewegung zu tun, die gleichzeitig von der extremen Linken und der extremen Rechten gen\u00e4hrt wird. Was ist Ihre Meinung zu dieser Friedensbewegung?<\/strong><\/p>\t\t\t<\/div>\n\t\t<\/div>\n\t<\/div>\n\n\n<div\n\tclass=\"wrapper  wrapper__bg-color--transparent  wrapper__spacing-bottom-large--10\" \n\t>\n\n\t\n\t\t\t<div class=\"wrapper__container wrapper__container-width-large--default wrapper__gutter-large--default\">\n\t\t\t<div class=\"wrapper__inner wrapper__width-large--12\">\n\t\t\t\t<p class=\"paragraph paragraph__color--secondary paragraph__size--medium paragraph__align--left paragraph__font--primary paragraph__font-weight--normal block-paragraph__paragraph\">\n\tDas Wort &#8220;Friedensbewegung&#8221; ist in diesem Fall ausgeh\u00f6hlt. Was steckt hinter dieser Art von Politik? Viele verschiedene Dinge. Sicher, es gibt die &#8220;Putinisten&#8221;, diejenigen, die eigentlich wollen, dass Russland diesen Krieg gewinnt. Frieden bedeutet f\u00fcr sie, dass Russland der Sieger ist. F\u00fcr diese Haltung kann es mehrere Gr\u00fcnde geben: vom Antiamerikanismus bis zur Anziehungskraft von Wladimir Putin als dem starken Mann, der f\u00fchren soll. In jedem Fall ist es ein Diskurs der Desinformation. Und dann gibt es diejenigen, die sich weiterhin so wohl f\u00fchlen wollen wie bisher, weit weg von jeder Frontlinie. Sie sind des Krieges \u00fcberdr\u00fcssig. Und es gibt auch ein Element der Gleichg\u00fcltigkeit, zumindest ein bisschen davon \u2013 das ist keine sehr erbauliche Art menschlichen Charakters.<\/p>\t\t\t<\/div>\n\t\t<\/div>\n\t<\/div>\n\n\n<div\n\tclass=\"wrapper  wrapper__bg-color--transparent  wrapper__spacing-bottom-large--10\" \n\t>\n\n\t\n\t\t\t<div class=\"wrapper__container wrapper__container-width-large--default wrapper__gutter-large--default\">\n\t\t\t<div class=\"wrapper__inner wrapper__width-large--12\">\n\t\t\t\t<p class=\"paragraph paragraph__color--secondary paragraph__size--medium paragraph__align--left paragraph__font--primary paragraph__font-weight--normal block-paragraph__paragraph\">\n\t<strong>Diese Art von Argumenten dient letztlich Putins Interessen &#8230;<\/strong><\/p>\t\t\t<\/div>\n\t\t<\/div>\n\t<\/div>\n\n\n<div\n\tclass=\"wrapper  wrapper__bg-color--transparent  wrapper__spacing-bottom-large--10\" \n\t>\n\n\t\n\t\t\t<div class=\"wrapper__container wrapper__container-width-large--default wrapper__gutter-large--default\">\n\t\t\t<div class=\"wrapper__inner wrapper__width-large--12\">\n\t\t\t\t<p class=\"paragraph paragraph__color--secondary paragraph__size--medium paragraph__align--left paragraph__font--primary paragraph__font-weight--normal block-paragraph__paragraph\">\n\tAuf jeden Fall. Die russische Propaganda ist wahrscheinlich eine der Hauptantriebskr\u00e4fte f\u00fcr diese Art von Narrativ, ja. Es gibt immer ein Element der Desinformation, der Propaganda, das darin enthalten ist.<\/p>\t\t\t<\/div>\n\t\t<\/div>\n\t<\/div>\n\n\n<div\n\tclass=\"wrapper  wrapper__bg-color--transparent  wrapper__spacing-bottom-large--10\" \n\t>\n\n\t\n\t\t\t<div class=\"wrapper__container wrapper__container-width-large--default wrapper__gutter-large--default\">\n\t\t\t<div class=\"wrapper__inner wrapper__width-large--12\">\n\t\t\t\t<p class=\"paragraph paragraph__color--secondary paragraph__size--medium paragraph__align--left paragraph__font--primary paragraph__font-weight--normal block-paragraph__paragraph\">\n\t<\/p>\t\t\t<\/div>\n\t\t<\/div>\n\t<\/div>\n\n\n<div\n\tclass=\"wrapper  wrapper__bg-color--transparent  wrapper__spacing-bottom-large--10\" \n\t>\n\n\t\n\t\t\t<div class=\"wrapper__container wrapper__container-width-large--default wrapper__gutter-large--default\">\n\t\t\t<div class=\"wrapper__inner wrapper__width-large--12\">\n\t\t\t\t<div class=\"video__wrap video__ratio--default video__ratio--youtube block-video__video-wrap\">\n\t\t\t<div class=\"video__placeholder block-video__placeholder js-video-trigger\">\n\t\t\t<div class=\"image-wrap video__image-wrap\" data-align=\"center center\">\n\n\t\t\t<div\n\t\t\tstyle=\"background-image:url(https:\/\/i.ytimg.com\/vi\/T-kXUVqdAqQ\/maxresdefault.jpg)\"\n\t\t\tclass=\"image image--bg video__image\"\n\t\t>\n\t\t<\/div>\n\t\n\t<\/div><i class=\"icon icon icon__play video__icon\">\n\t<svg width='24' height='24' viewBox='0 0 24 24' xmlns='http:\/\/www.w3.org\/2000\/svg'><path fill-rule='evenodd' clip-rule='evenodd' d='M12 24C18.6274 24 24 18.6274 24 12C24 5.37258 18.6274 0 12 0C5.37258 0 0 5.37258 0 12C0 18.6274 5.37258 24 12 24ZM17.8043 12.9319C18.471 12.547 18.471 11.5847 17.8043 11.1998L9.84783 6.60612C9.18116 6.22122 8.34783 6.70235 8.34783 7.47215V16.6595C8.34783 17.4293 9.18116 17.9105 9.84783 17.5256L17.8043 12.9319Z' fill='currentColor'><\/path><\/svg><\/i>\t\t<\/div>\n\t\t<div class=\"BorlabsCookie _brlbs-cb-youtube\"><div class=\"_brlbs-content-blocker\"> <div class=\"_brlbs-embed _brlbs-video-youtube\"> <img class=\"_brlbs-thumbnail\" src=\"https:\/\/tippingpoint.net\/wp-content\/plugins\/borlabs-cookie\/assets\/images\/cb-no-thumbnail.png\" alt=\"YouTube\"> <div class=\"_brlbs-caption\"> <p>By loading the video, you agree to YouTube's privacy policy.<br><a href=\"https:\/\/policies.google.com\/privacy?hl=en&gl=en\" target=\"_blank\" rel=\"nofollow noopener noreferrer\">Learn more<\/a><\/p> <p><a class=\"_brlbs-btn _brlbs-icon-play-white\" href=\"#\" data-borlabs-cookie-unblock=\"youtube\" role=\"button\">Load video<\/a><\/p> <p><label><input type=\"checkbox\" name=\"unblockAll\" value=\"1\" checked> <small>Always unblock YouTube<\/small><\/label><\/p> <\/div> <\/div> <\/div><div class=\"borlabs-hide\" data-borlabs-cookie-type=\"content-blocker\" data-borlabs-cookie-id=\"youtube\">PGlmcmFtZQoJCWNsYXNzPSJ2aWRlbyBibG9jay12aWRlb19fdmlkZW8ganMtdmlkZW8gaXMtaGlkZGVuIgoJCXNyYz0iaHR0cHM6Ly93d3cueW91dHViZS1ub2Nvb2tpZS5jb20vZW1iZWQvVC1rWFVWcWRBcVEiCgkJYWxsb3c9ImF1dG9wbGF5OyBmdWxsc2NyZWVuIgoJCWFsbG93RnVsbFNjcmVlbgoJCT48L2lmcmFtZT4=<\/div><\/div>\n\t<\/div>\t\t\t<\/div>\n\t\t<\/div>\n\t<\/div>\n\n\n<div\n\tclass=\"wrapper  wrapper__bg-color--transparent  wrapper__spacing-bottom-large--10\" \n\t>\n\n\t\n\t\t\t<div class=\"wrapper__container wrapper__container-width-large--default wrapper__gutter-large--default\">\n\t\t\t<div class=\"wrapper__inner wrapper__width-large--12\">\n\t\t\t\t<p class=\"paragraph paragraph__color--secondary paragraph__size--medium paragraph__align--left paragraph__font--primary paragraph__font-weight--normal block-paragraph__paragraph\">\n\t<\/p>\t\t\t<\/div>\n\t\t<\/div>\n\t<\/div>\n\n\n<div\n\tclass=\"wrapper  wrapper__bg-color--transparent  wrapper__spacing-bottom-large--10\" \n\t>\n\n\t\n\t\t\t<div class=\"wrapper__container wrapper__container-width-large--default wrapper__gutter-large--default\">\n\t\t\t<div class=\"wrapper__inner wrapper__width-large--12\">\n\t\t\t\t<p class=\"paragraph paragraph__color--secondary paragraph__size--medium paragraph__align--left paragraph__font--primary paragraph__font-weight--normal block-paragraph__paragraph\">\n\t<strong>Apropos Propaganda: W\u00e4hrend wir Zeugen eines sehr professionellen Niveaus russischer Aktivit\u00e4ten sind, scheint es keine angemessene westliche Reaktion darauf zu geben \u2026<\/strong><\/p>\t\t\t<\/div>\n\t\t<\/div>\n\t<\/div>\n\n\n<div\n\tclass=\"wrapper  wrapper__bg-color--transparent  wrapper__spacing-bottom-large--10\" \n\t>\n\n\t\n\t\t\t<div class=\"wrapper__container wrapper__container-width-large--default wrapper__gutter-large--default\">\n\t\t\t<div class=\"wrapper__inner wrapper__width-large--12\">\n\t\t\t\t<p class=\"paragraph paragraph__color--secondary paragraph__size--medium paragraph__align--left paragraph__font--primary paragraph__font-weight--normal block-paragraph__paragraph\">\n\tWir m\u00fcssen im digitalen Zeitalter das Gleiche tun, was wir schon im Kalten Krieg taten. Radio Free Europe, das war eine demokratische Form der Gegenpropaganda. Wir haben damit aufgeh\u00f6rt, weil wir dachten, dass es keine Notwendigkeit mehr daf\u00fcr gibt. Wir m\u00fcssen das Ganze noch einmal \u00fcberdenken, wir m\u00fcssen wieder in solche Dinge investieren. Die Meinung, dass jeder von einer Demokratie nach westlichem Vorbild tr\u00e4umt, ist eine Form von Hybris der Zeit nach dem Kalten Krieg.<\/p>\t\t\t<\/div>\n\t\t<\/div>\n\t<\/div>\n\n\n<div\n\tclass=\"wrapper wrapper--overflow wrapper__bg-color--transparent  wrapper__spacing-bottom-large--10\" \n\t>\n\n\t\n\t\t\t<div class=\"wrapper__container wrapper__container-width-large--default wrapper__gutter-large--default\">\n\t\t\t<div class=\"wrapper__inner wrapper__width-large--12\">\n\t\t\t\t\n<figure class=\"block-image-caption\">\n\t<div class=\"image-wrap block-image-caption__image-wrap\" data-align=\"center center\">\n\n\t\t\t<img\n\t\t\tsrc=\"https:\/\/tippingpoint.net\/wp-content\/uploads\/2023\/03\/685B3B17-15E8-467D-A995-9C9058E4FB17.jpg\"\n\t\t\tclass=\"image  block-image-caption__image\"\n\t\t\talt=\"\"\n\t\t\/>\n\t\n\t<\/div>\t<figcaption>\n\t\t<p class=\"paragraph paragraph__color--primary paragraph__size--small paragraph__align--center paragraph__font--secondary paragraph__font-weight--normal block-image-caption__paragraph\">\n\tNathalie Tocci, hier am Panel von &#8220;Europa im Diskurs&#8221; am 5. M\u00e4rz 2023 im Wiener Burgtheather: Selenskyj sagte einen der wahrscheinlich wichtigsten S\u00e4tze des 21. Jahrhunderts: &#8220;Ich brauche Munition, keine Mitfahrgelegenheit.&#8221; Foto: Robert Newald \/ Der Standard<\/p>\t<\/figcaption>\n<\/figure>\n\t\t\t<\/div>\n\t\t<\/div>\n\t<\/div>\n\n\n<div\n\tclass=\"wrapper  wrapper__bg-color--transparent\" \n\t>\n\n\t\n\t\t\t<div class=\"wrapper__container wrapper__container-width-large--default wrapper__gutter-large--default\">\n\t\t\t<div class=\"wrapper__inner wrapper__width-large--12\">\n\t\t\t\t\n<div class=\"block-embed-code\">\n\t<iframe loading=\"lazy\" width=\"100%\" height=\"20\" scrolling=\"no\" frameborder=\"no\" allow=\"autoplay\" src=\"https:\/\/w.soundcloud.com\/player\/?url=https%3A\/\/api.soundcloud.com\/tracks\/1464063541&#038;color=%23ff5500&#038;inverse=false&#038;auto_play=false&#038;show_user=true\"><\/iframe><div style=\"font-size: 10px; color: #cccccc;line-break: anywhere;word-break: normal;overflow: hidden;white-space: nowrap;text-overflow: ellipsis; font-family: Interstate,Lucida Grande,Lucida Sans Unicode,Lucida Sans,Garuda,Verdana,Tahoma,sans-serif;font-weight: 100;\"><a href=\"https:\/\/soundcloud.com\/erstestiftung\" title=\"ERSTE Stiftung\" target=\"_blank\" style=\"color: #cccccc; text-decoration: none;\" rel=\"noopener\">ERSTE Stiftung<\/a> \u00b7 <a href=\"https:\/\/soundcloud.com\/erstestiftung\/debating-europe-the-russo-ukrainian-war\" title=\"Debating Europe - The Russo-Ukrainian War One Year On\" target=\"_blank\" style=\"color: #cccccc; text-decoration: none;\" rel=\"noopener\">Debating Europe &#8211; The Russo-Ukrainian War One Year On<\/a><\/div><\/div>\n\t\t\t<\/div>\n\t\t<\/div>\n\t<\/div>\n\n\n<div\n\tclass=\"wrapper  wrapper__bg-color--transparent  wrapper__spacing-bottom-large--10\" \n\t>\n\n\t\n\t\t\t<div class=\"wrapper__container wrapper__container-width-large--default wrapper__gutter-large--default\">\n\t\t\t<div class=\"wrapper__inner wrapper__width-large--12\">\n\t\t\t\t<p class=\"paragraph paragraph__color--secondary paragraph__size--medium paragraph__align--left paragraph__font--primary paragraph__font-weight--normal block-paragraph__paragraph\">\n\t<\/p>\t\t\t<\/div>\n\t\t<\/div>\n\t<\/div>\n\n\n<div\n\tclass=\"wrapper  wrapper__bg-color--transparent  wrapper__spacing-bottom-large--10\" \n\t>\n\n\t\n\t\t\t<div class=\"wrapper__container wrapper__container-width-large--default wrapper__gutter-large--default\">\n\t\t\t<div class=\"wrapper__inner wrapper__width-large--12\">\n\t\t\t\t<p class=\"paragraph paragraph__color--secondary paragraph__size--medium paragraph__align--left paragraph__font--primary paragraph__font-weight--normal block-paragraph__paragraph\">\n\t<strong>Wo sehen Sie die Ukraine und Europa in einem Jahr? Wann wird dieser Krieg zu Ende sein? Und was wird n\u00f6tig sein, um dies zu erreichen?<\/strong><\/p>\t\t\t<\/div>\n\t\t<\/div>\n\t<\/div>\n\n\n<div\n\tclass=\"wrapper  wrapper__bg-color--transparent  wrapper__spacing-bottom-large--10\" \n\t>\n\n\t\n\t\t\t<div class=\"wrapper__container wrapper__container-width-large--default wrapper__gutter-large--default\">\n\t\t\t<div class=\"wrapper__inner wrapper__width-large--12\">\n\t\t\t\t<p class=\"paragraph paragraph__color--secondary paragraph__size--medium paragraph__align--left paragraph__font--primary paragraph__font-weight--normal block-paragraph__paragraph\">\n\tIch glaube nicht, dass es ein wahrscheinliches Szenario gibt, bei dem die Ukraine gewinnt und in absehbarer Zeit ein Friedensabkommen mit Russland unterzeichnet. Viel realistischer ist ein Szenario, in dem es einen &#8220;langwierigen Nichtfrieden&#8221; gibt \u2013 mit der M\u00f6glichkeit von Verhandlungen. Versuchen Sie sich vorzustellen, dass es der Ukraine gelingt, alle oder die meisten Teile der besetzten Gebiete zu befreien: Sie k\u00f6nnte zu diesem Zeitpunkt verhandlungsbereit sein. Ich denke, auch Russland w\u00e4re zu diesem Zeitpunkt zu Verhandlungen bereit. Ich denke also, das Szenario, das eintreten wird, ist, dass wir der Ukraine weiterhin eine Menge milit\u00e4rische Hilfe leisten m\u00fcssen \u2013 zumindest solange Putin an der Macht bleibt.<\/p>\t\t\t<\/div>\n\t\t<\/div>\n\t<\/div>\n\n\n<div\n\tclass=\"wrapper  wrapper__bg-color--transparent  wrapper__spacing-bottom-large--10\" \n\t>\n\n\t\n\t\t\t<div class=\"wrapper__container wrapper__container-width-large--default wrapper__gutter-large--default\">\n\t\t\t<div class=\"wrapper__inner wrapper__width-large--12\">\n\t\t\t\t<p class=\"paragraph paragraph__color--secondary paragraph__size--medium paragraph__align--left paragraph__font--primary paragraph__font-weight--normal block-paragraph__paragraph\">\n\t<strong>Wie lange kann das sein?<\/strong><\/p>\t\t\t<\/div>\n\t\t<\/div>\n\t<\/div>\n\n\n<div\n\tclass=\"wrapper  wrapper__bg-color--transparent  wrapper__spacing-bottom-large--10\" \n\t>\n\n\t\n\t\t\t<div class=\"wrapper__container wrapper__container-width-large--default wrapper__gutter-large--default\">\n\t\t\t<div class=\"wrapper__inner wrapper__width-large--12\">\n\t\t\t\t<p class=\"paragraph paragraph__color--secondary paragraph__size--medium paragraph__align--left paragraph__font--primary paragraph__font-weight--normal block-paragraph__paragraph\">\n\tEin Tag? Ein Jahr? Sechs, sieben Jahre? Ich habe keine Ahnung. Dieser Nichtfrieden wird uns so lange begleiten, wie Putin an der Macht ist.<\/p>\t\t\t<\/div>\n\t\t<\/div>\n\t<\/div>\n\n\n<div\n\tclass=\"wrapper  wrapper__bg-color--transparent  wrapper__spacing-bottom-large--10\" \n\t>\n\n\t\n\t\t\t<div class=\"wrapper__container wrapper__container-width-large--default wrapper__gutter-large--default\">\n\t\t\t<div class=\"wrapper__inner wrapper__width-large--12\">\n\t\t\t\t<p class=\"paragraph paragraph__color--secondary paragraph__size--small paragraph__align--left paragraph__font--primary paragraph__font-weight--normal block-paragraph__paragraph\">\n\tErstmals publiziert am 2. M\u00e4rz 2023 auf <a href=\"https:\/\/www.derstandard.at\/story\/2000144040103\/politologin-tocciukraine-steuert-auf-langwierigen-nicht-frieden-zu\" target=\"_blank\" rel=\"noreferrer noopener\">derstandard.at<\/a>.<\/p>\t\t\t<\/div>\n\t\t<\/div>\n\t<\/div>\n\n\n<div\n\tclass=\"wrapper  wrapper__bg-color--transparent  wrapper__spacing-bottom-large--10\" \n\t>\n\n\t\n\t\t\t<div class=\"wrapper__container wrapper__container-width-large--default wrapper__gutter-large--default\">\n\t\t\t<div class=\"wrapper__inner wrapper__width-large--12\">\n\t\t\t\t<p class=\"paragraph paragraph__color--secondary paragraph__size--small paragraph__align--left paragraph__font--primary paragraph__font-weight--normal block-paragraph__paragraph\">\n\tDieser Text ist urheberrechtlich gesch\u00fctzt: \u00a9 Gianluca Wallisch \/ Der Standard. Bei Interesse an Wiederver\u00f6ffentlichung bitten wir um Kontaktaufnahme mit der <a href=\"https:\/\/tippingpoint.net\/de\/kontakt\/\">Redaktion<\/a>. Urheberrechtliche Angaben zu Bildern, Grafiken und Videos sind direkt bei den Abbildungen bzw. am Beginn vermerkt. Titelbild: Anl\u00e4sslich des ersten Jahrestages der russischen Invasion in der Ukraine, wurde am Vorabend, dem 23. Februar 2023 am Lychakiv-Friedhof in Lemberg den gefallenen ukrainischen Soldaten mit dem &#8220;Strahl der Erinnerung&#8221; gedacht. Foto: Yuriy Dyachyshyn \/ AFP \/ picturedesk.com<\/p>\t\t\t<\/div>\n\t\t<\/div>\n\t<\/div>\n\n\n<div\n\tclass=\"wrapper  wrapper__bg-color--transparent  wrapper__spacing-bottom-large--10\" \n\t>\n\n\t\n\t\t\t<div class=\"wrapper__container wrapper__container-width-large--default wrapper__gutter-large--default\">\n\t\t\t<div class=\"wrapper__inner wrapper__width-large--12\">\n\t\t\t\t\n<hr class=\"block-divider block-divider__color--primary\">\n\t\t\t<\/div>\n\t\t<\/div>\n\t<\/div>\n\n\n<div\n\tclass=\"wrapper  wrapper__bg-color--transparent  wrapper__spacing-bottom-large--10\" \n\t>\n\n\t\n\t\t\t<div class=\"wrapper__container wrapper__container-width-large--default wrapper__gutter-large--default\">\n\t\t\t<div class=\"wrapper__inner wrapper__width-large--12\">\n\t\t\t\t<h2 class=\"heading heading__color--primary heading__size--default heading__align--left heading__font--primary block-heading__heading\">\n\tEuropa im Diskurs<\/h2>\t\t\t<\/div>\n\t\t<\/div>\n\t<\/div>\n\n\n<div\n\tclass=\"wrapper  wrapper__bg-color--transparent  wrapper__spacing-bottom-large--10\" \n\t>\n\n\t\n\t\t\t<div class=\"wrapper__container wrapper__container-width-large--default wrapper__gutter-large--default\">\n\t\t\t<div class=\"wrapper__inner wrapper__width-large--12\">\n\t\t\t\t<p class=\"paragraph paragraph__color--secondary paragraph__size--medium paragraph__align--left paragraph__font--primary paragraph__font-weight--normal block-paragraph__paragraph\">\n\tDie Matin\u00e9e-Serie <em>Europa im Diskurs<\/em> bringt f\u00fchrende Politiker:innen, Wissenschaftler:innen und Intellektuelle auf die B\u00fchne des Wiener Burgtheaters, um \u00fcber aktuelle Themen von politischer und sozialer Relevanz zu diskutieren.<\/p>\t\t\t<\/div>\n\t\t<\/div>\n\t<\/div>\n\n\n<div\n\tclass=\"wrapper  wrapper__bg-color--transparent  wrapper__spacing-bottom-large--10\" \n\t>\n\n\t\n\t\t\t<div class=\"wrapper__container wrapper__container-width-large--default wrapper__gutter-large--default\">\n\t\t\t<div class=\"wrapper__inner wrapper__width-large--12\">\n\t\t\t\t<p class=\"paragraph paragraph__color--secondary paragraph__size--medium paragraph__align--left paragraph__font--primary paragraph__font-weight--normal block-paragraph__paragraph\">\n\tDie Reihe basiert auf einer langj\u00e4hrigen Kooperation zwischen dem <a href=\"https:\/\/www.iwm.at\/\" target=\"_blank\" data-type=\"URL\" data-id=\"https:\/\/www.iwm.at\/\" rel=\"noreferrer noopener\">Institut f\u00fcr die Wissenschaften vom Menschen<\/a> (IWM), dem <a href=\"https:\/\/www.burgtheater.at\/\" target=\"_blank\" rel=\"noreferrer noopener\">Burgtheater<\/a>, der <a href=\"https:\/\/www.erstestiftung.org\/de\/\" target=\"_blank\" rel=\"noreferrer noopener\">ERSTE Stiftung<\/a> und der Tageszeitung <a href=\"https:\/\/www.derstandard.at\/\" target=\"_blank\" rel=\"noreferrer noopener\">Der Standard<\/a>.<\/p>\t\t\t<\/div>\n\t\t<\/div>\n\t<\/div>\n","protected":false},"excerpt":{"rendered":"<p>Die italienische Politologin Nathalie Tocci \u00fcber den russischen Angriffskrieg in der Ukraine. Sie war zu Gast bei &#8220;Europa im Diskurs&#8221; in Wien.<\/p>\n","protected":false},"author":184,"featured_media":9508,"comment_status":"open","ping_status":"open","sticky":false,"template":"","format":"standard","meta":{"footnotes":""},"categories":[433,245],"tags":[545,452,253,255,344,558],"formats":[],"acf":[],"_links":{"self":[{"href":"https:\/\/tippingpoint.net\/de\/wp-json\/wp\/v2\/posts\/9488"}],"collection":[{"href":"https:\/\/tippingpoint.net\/de\/wp-json\/wp\/v2\/posts"}],"about":[{"href":"https:\/\/tippingpoint.net\/de\/wp-json\/wp\/v2\/types\/post"}],"author":[{"embeddable":true,"href":"https:\/\/tippingpoint.net\/de\/wp-json\/wp\/v2\/users\/184"}],"replies":[{"embeddable":true,"href":"https:\/\/tippingpoint.net\/de\/wp-json\/wp\/v2\/comments?post=9488"}],"version-history":[{"count":20,"href":"https:\/\/tippingpoint.net\/de\/wp-json\/wp\/v2\/posts\/9488\/revisions"}],"predecessor-version":[{"id":9518,"href":"https:\/\/tippingpoint.net\/de\/wp-json\/wp\/v2\/posts\/9488\/revisions\/9518"}],"wp:featuredmedia":[{"embeddable":true,"href":"https:\/\/tippingpoint.net\/de\/wp-json\/wp\/v2\/media\/9508"}],"wp:attachment":[{"href":"https:\/\/tippingpoint.net\/de\/wp-json\/wp\/v2\/media?parent=9488"}],"wp:term":[{"taxonomy":"category","embeddable":true,"href":"https:\/\/tippingpoint.net\/de\/wp-json\/wp\/v2\/categories?post=9488"},{"taxonomy":"post_tag","embeddable":true,"href":"https:\/\/tippingpoint.net\/de\/wp-json\/wp\/v2\/tags?post=9488"},{"taxonomy":"format","embeddable":true,"href":"https:\/\/tippingpoint.net\/de\/wp-json\/wp\/v2\/formats?post=9488"}],"curies":[{"name":"wp","href":"https:\/\/api.w.org\/{rel}","templated":true}]}}