{"id":8403,"date":"2022-09-13T12:56:02","date_gmt":"2022-09-13T12:56:02","guid":{"rendered":"https:\/\/tippingpoint.net\/?p=8403"},"modified":"2022-12-22T09:21:53","modified_gmt":"2022-12-22T09:21:53","slug":"der-westbalkan-wird-von-der-eu-erweiterung-wohl-noch-traumen-durfen","status":"publish","type":"post","link":"https:\/\/tippingpoint.net\/de\/der-westbalkan-wird-von-der-eu-erweiterung-wohl-noch-traumen-durfen\/","title":{"rendered":"\u201eDer Westbalkan wird von der EU-Erweiterung wohl noch tr\u00e4umen d\u00fcrfen.\u201c"},"content":{"rendered":"<div\n\tclass=\"wrapper  wrapper__bg-color--transparent  wrapper__spacing-bottom-large--10\" \n\t>\n\n\t\n\t\t\t<div class=\"wrapper__container wrapper__container-width-large--default wrapper__gutter-large--default\">\n\t\t\t<div class=\"wrapper__inner wrapper__width-large--12\">\n\t\t\t\t<p class=\"paragraph paragraph__color--secondary paragraph__size--medium paragraph__align--left paragraph__font--primary paragraph__font-weight--normal block-paragraph__paragraph\">\n\t<strong>Der EU-Erweiterungsprozess wurde auf den Kopf gestellt. Jetzt steht er f\u00fcr den Erhalt des Status quo und nicht mehr als Garant f\u00fcr Fortschritt.<\/strong><\/p>\t\t\t<\/div>\n\t\t<\/div>\n\t<\/div>\n\n\n<div\n\tclass=\"wrapper  wrapper__bg-color--transparent  wrapper__spacing-bottom-large--10\" \n\t>\n\n\t\n\t\t\t<div class=\"wrapper__container wrapper__container-width-large--default wrapper__gutter-large--default\">\n\t\t\t<div class=\"wrapper__inner wrapper__width-large--12\">\n\t\t\t\t<p class=\"paragraph paragraph__color--secondary paragraph__size--medium paragraph__align--left paragraph__font--primary paragraph__font-weight--normal block-paragraph__paragraph\">\n\t\u201eEuropa wurde angegriffen. Die gesamteurop\u00e4ische Sicherheit ist angegriffen worden. Wenn man angegriffen wird, r\u00fcckt man n\u00e4her zusammen. Ivan Krastev hat die Westbalkanstaaten als die \u201eSchwachstelle Europas\u201c bezeichnet, und so gesehen w\u00e4re es da sinnvoll, diese Region, wo Russland pr\u00e4sent ist, enger an die EU zu binden. In dieser Region gibt es viele Unsicherheitsfaktoren. Da w\u00e4re die Zukunft von Bosnien und Herzegowina oder der Status des Kosovo, der Belgrad-Pristina-Dialog. Diese Missst\u00e4nde k\u00f6nnen missbraucht werden. Der wichtigste Hebel hier ist nat\u00fcrlich die Erweiterungspolitik, die aber nicht mehr funktioniert. Jetzt, wo das geopolitische Gef\u00fcge auf unserem Kontinent gef\u00e4hrdet ist, m\u00fcssen wir Fortschritt unmittelbar belohnen und jeglichen R\u00fcckschritt anprangern. Es wird nicht einfach, aber es ist nicht unm\u00f6glich.\u201c<\/p>\t\t\t<\/div>\n\t\t<\/div>\n\t<\/div>\n\n\n<div\n\tclass=\"wrapper  wrapper__bg-color--transparent  wrapper__spacing-bottom-large--10\" \n\t>\n\n\t\n\t\t\t<div class=\"wrapper__container wrapper__container-width-large--default wrapper__gutter-large--default\">\n\t\t\t<div class=\"wrapper__inner wrapper__width-large--12\">\n\t\t\t\t<p class=\"paragraph paragraph__color--secondary paragraph__size--medium paragraph__align--left paragraph__font--primary paragraph__font-weight--normal block-paragraph__paragraph\">\n\tJovana Trifunovi\u0107 im Gespr\u00e4ch mit dem ehemaligen Au\u00dfenminister Nordmazedoniens und <a href=\"https:\/\/europesfutures.eu\/\" target=\"_blank\" rel=\"noreferrer noopener\">Europe\u2019s Futures<\/a> Fellow <a href=\"https:\/\/de.wikipedia.org\/wiki\/Nikola_Dimitrov_(Politiker)\" target=\"_blank\" rel=\"noreferrer noopener\">Nikola Dimitrov<\/a>.<\/p>\t\t\t<\/div>\n\t\t<\/div>\n\t<\/div>\n\n\n<div\n\tclass=\"wrapper  wrapper__bg-color--transparent  wrapper__spacing-bottom-large--10\" \n\t>\n\n\t\n\t\t\t<div class=\"wrapper__container wrapper__container-width-large--default wrapper__gutter-large--default\">\n\t\t\t<div class=\"wrapper__inner wrapper__width-large--12\">\n\t\t\t\t<div class=\"video__wrap video__ratio--default video__ratio--youtube block-video__video-wrap\">\n\t\t\t<div class=\"video__placeholder block-video__placeholder js-video-trigger\">\n\t\t\t<div class=\"image-wrap video__image-wrap\" data-align=\"center center\">\n\n\t\t\t<div\n\t\t\tstyle=\"background-image:url(https:\/\/i.ytimg.com\/vi\/M1Pb96qXtxo\/maxresdefault.jpg)\"\n\t\t\tclass=\"image image--bg video__image\"\n\t\t>\n\t\t<\/div>\n\t\n\t<\/div><i class=\"icon icon icon__play video__icon\">\n\t<svg width='24' height='24' viewBox='0 0 24 24' xmlns='http:\/\/www.w3.org\/2000\/svg'><path fill-rule='evenodd' clip-rule='evenodd' d='M12 24C18.6274 24 24 18.6274 24 12C24 5.37258 18.6274 0 12 0C5.37258 0 0 5.37258 0 12C0 18.6274 5.37258 24 12 24ZM17.8043 12.9319C18.471 12.547 18.471 11.5847 17.8043 11.1998L9.84783 6.60612C9.18116 6.22122 8.34783 6.70235 8.34783 7.47215V16.6595C8.34783 17.4293 9.18116 17.9105 9.84783 17.5256L17.8043 12.9319Z' fill='currentColor'><\/path><\/svg><\/i>\t\t<\/div>\n\t\t<div class=\"BorlabsCookie _brlbs-cb-youtube\"><div class=\"_brlbs-content-blocker\"> <div class=\"_brlbs-embed _brlbs-video-youtube\"> <img class=\"_brlbs-thumbnail\" src=\"https:\/\/tippingpoint.net\/wp-content\/plugins\/borlabs-cookie\/assets\/images\/cb-no-thumbnail.png\" alt=\"YouTube\"> <div class=\"_brlbs-caption\"> <p>By loading the video, you agree to YouTube's privacy policy.<br><a href=\"https:\/\/policies.google.com\/privacy?hl=en&gl=en\" target=\"_blank\" rel=\"nofollow noopener noreferrer\">Learn more<\/a><\/p> <p><a class=\"_brlbs-btn _brlbs-icon-play-white\" href=\"#\" data-borlabs-cookie-unblock=\"youtube\" role=\"button\">Load video<\/a><\/p> <p><label><input type=\"checkbox\" name=\"unblockAll\" value=\"1\" checked> <small>Always unblock YouTube<\/small><\/label><\/p> <\/div> <\/div> <\/div><div class=\"borlabs-hide\" data-borlabs-cookie-type=\"content-blocker\" data-borlabs-cookie-id=\"youtube\">PGlmcmFtZQoJCWNsYXNzPSJ2aWRlbyBibG9jay12aWRlb19fdmlkZW8ganMtdmlkZW8gaXMtaGlkZGVuIgoJCXNyYz0iaHR0cHM6Ly93d3cueW91dHViZS1ub2Nvb2tpZS5jb20vZW1iZWQvTTFQYjk2cVh0eG8iCgkJYWxsb3c9ImF1dG9wbGF5OyBmdWxsc2NyZWVuIgoJCWFsbG93RnVsbFNjcmVlbgoJCT48L2lmcmFtZT4=<\/div><\/div>\n\t<\/div>\t\t\t<\/div>\n\t\t<\/div>\n\t<\/div>\n\n\n<div\n\tclass=\"wrapper  wrapper__bg-color--transparent  wrapper__spacing-bottom-large--10\" \n\t>\n\n\t\n\t\t\t<div class=\"wrapper__container wrapper__container-width-large--default wrapper__gutter-large--default\">\n\t\t\t<div class=\"wrapper__inner wrapper__width-large--12\">\n\t\t\t\t\t\t\t<\/div>\n\t\t<\/div>\n\t<\/div>\n\n\n<div\n\tclass=\"wrapper  wrapper__bg-color--transparent  wrapper__spacing-bottom-large--10\" \n\t>\n\n\t\n\t\t\t<div class=\"wrapper__container wrapper__container-width-large--default wrapper__gutter-large--default\">\n\t\t\t<div class=\"wrapper__inner wrapper__width-large--12\">\n\t\t\t\t<p class=\"paragraph paragraph__color--secondary paragraph__size--small paragraph__align--left paragraph__font--primary paragraph__font-weight--normal block-paragraph__paragraph\">\n\t<em><em>Dieser Text und dieses Video sind unter der Creative Commons Lizenz ver\u00f6ffentlicht:\u00a0<a href=\"https:\/\/creativecommons.org\/licenses\/by-nc-nd\/3.0\/\" target=\"_blank\" rel=\"noreferrer noopener\">CC BY-NC-ND 3.0<\/a>. Der Name des Autors\/Rechteinhabers soll wie folgt genannt werden. Autor: Jovana Trifunovi\u0107 und Igor Bararon \/ tippingpoint.net.\u00a0Titelbild: Filmstill,\u00a0Illustration: Norma Nardi<\/em><\/em><\/p>\t\t\t<\/div>\n\t\t<\/div>\n\t<\/div>\n\n\n<div\n\tclass=\"wrapper  wrapper__bg-color--transparent  wrapper__spacing-bottom-large--10\" \n\t>\n\n\t\n\t\t\t<div class=\"wrapper__container wrapper__container-width-large--default wrapper__gutter-large--default\">\n\t\t\t<div class=\"wrapper__inner wrapper__width-large--12\">\n\t\t\t\t\n<hr class=\"block-divider block-divider__color--primary\">\n\t\t\t<\/div>\n\t\t<\/div>\n\t<\/div>\n\n\n\n\n<div\n\tclass=\"wrapper  wrapper__bg-color--transparent  wrapper__spacing-bottom-large--10\" \n\t>\n\n\t\n\t\t\t<div class=\"wrapper__container wrapper__container-width-large--default wrapper__gutter-large--default\">\n\t\t\t<div class=\"wrapper__inner wrapper__width-large--12\">\n\t\t\t\t<p class=\"paragraph paragraph__color--secondary paragraph__size--medium paragraph__align--left paragraph__font--primary paragraph__font-weight--normal block-paragraph__paragraph\">\n\tEinblicke und Kommentare zu aktuellen europ\u00e4ische Themen. Von Katalonien bis Ukraine, von Politik bis Kunst: \u00fcber relevante Themen, mit den richtigen Leuten. Neue Perspektiven und eine neue Plattform f\u00fcr \u00f6ffentliche Debatten. <\/p>\t\t\t<\/div>\n\t\t<\/div>\n\t<\/div>\n","protected":false},"excerpt":{"rendered":"<p>Talk Europe! mit Nikola Dimitrov<\/p>\n","protected":false},"author":212,"featured_media":8405,"comment_status":"open","ping_status":"open","sticky":false,"template":"","format":"standard","meta":{"footnotes":""},"categories":[433,268,438],"tags":[210,545,224,126,212,123],"formats":[],"acf":[],"_links":{"self":[{"href":"https:\/\/tippingpoint.net\/de\/wp-json\/wp\/v2\/posts\/8403"}],"collection":[{"href":"https:\/\/tippingpoint.net\/de\/wp-json\/wp\/v2\/posts"}],"about":[{"href":"https:\/\/tippingpoint.net\/de\/wp-json\/wp\/v2\/types\/post"}],"author":[{"embeddable":true,"href":"https:\/\/tippingpoint.net\/de\/wp-json\/wp\/v2\/users\/212"}],"replies":[{"embeddable":true,"href":"https:\/\/tippingpoint.net\/de\/wp-json\/wp\/v2\/comments?post=8403"}],"version-history":[{"count":7,"href":"https:\/\/tippingpoint.net\/de\/wp-json\/wp\/v2\/posts\/8403\/revisions"}],"predecessor-version":[{"id":8948,"href":"https:\/\/tippingpoint.net\/de\/wp-json\/wp\/v2\/posts\/8403\/revisions\/8948"}],"wp:featuredmedia":[{"embeddable":true,"href":"https:\/\/tippingpoint.net\/de\/wp-json\/wp\/v2\/media\/8405"}],"wp:attachment":[{"href":"https:\/\/tippingpoint.net\/de\/wp-json\/wp\/v2\/media?parent=8403"}],"wp:term":[{"taxonomy":"category","embeddable":true,"href":"https:\/\/tippingpoint.net\/de\/wp-json\/wp\/v2\/categories?post=8403"},{"taxonomy":"post_tag","embeddable":true,"href":"https:\/\/tippingpoint.net\/de\/wp-json\/wp\/v2\/tags?post=8403"},{"taxonomy":"format","embeddable":true,"href":"https:\/\/tippingpoint.net\/de\/wp-json\/wp\/v2\/formats?post=8403"}],"curies":[{"name":"wp","href":"https:\/\/api.w.org\/{rel}","templated":true}]}}