{"id":8173,"date":"2022-06-16T11:50:00","date_gmt":"2022-06-16T11:50:00","guid":{"rendered":"https:\/\/tippingpoint.net\/?p=8173"},"modified":"2023-02-16T13:26:14","modified_gmt":"2023-02-16T13:26:14","slug":"unser-familiengarten","status":"publish","type":"post","link":"https:\/\/tippingpoint.net\/de\/unser-familiengarten\/","title":{"rendered":"Unser Familiengarten"},"content":{"rendered":"<div\n\tclass=\"wrapper  wrapper__bg-color--transparent  wrapper__spacing-bottom-large--10\" \n\t>\n\n\t\n\t\t\t<div class=\"wrapper__container wrapper__container-width-large--default wrapper__gutter-large--default\">\n\t\t\t<div class=\"wrapper__inner wrapper__width-large--12\">\n\t\t\t\t<p class=\"paragraph paragraph__color--secondary paragraph__size--medium paragraph__align--left paragraph__font--primary paragraph__font-weight--normal block-paragraph__paragraph\">\n\t<strong>Mit einer Kunstperformance auf dem H\u00fcgel Zlati\u0161te in Sarajevo will die junge bosnische K\u00fcnstlerin Smirna Kulenovi\u0107 drei\u00dfig Jahre nach Ausbruch des Bosnienkrieges eine soziale und \u00f6kologische Heilung beginnen.<\/strong><\/p>\t\t\t<\/div>\n\t\t<\/div>\n\t<\/div>\n\n\n<div\n\tclass=\"wrapper  wrapper__bg-color--transparent  wrapper__spacing-bottom-large--10\" \n\t>\n\n\t\n\t\t\t<div class=\"wrapper__container wrapper__container-width-large--default wrapper__gutter-large--default\">\n\t\t\t<div class=\"wrapper__inner wrapper__width-large--12\">\n\t\t\t\t<p class=\"paragraph paragraph__color--secondary paragraph__size--medium paragraph__align--left paragraph__font--primary paragraph__font-weight--normal block-paragraph__paragraph\">\n\tEs ist kurz vor 10 Uhr an einem hei\u00dfen Sommermorgen Mitte August 2021. Die K\u00fcnstlerin Smirna Kulenovi\u0107 steht auf dem Zlati\u0161te, einem H\u00fcgel mit Blick auf die bosnische Stadt Sarajevo, w\u00e4hrend das pulsierende Zirpen der Grillen durch die ausged\u00f6rrte Landschaft t\u00f6nt. In der Ferne wandert eine Menschenkette \u2013 100 in Rot gekleidete Frauen \u2013 durch das Gras. Sie sind hier, um an Kulenovi\u0107s Kunstaktion \u201eOur Family Garden\u201c teilzunehmen. Gemeinsam werden sie 1.000 Ringelblumensamen einpflanzen: ein Akt, der sowohl als heilendes Ritual nach den Schrecken des Bosnienkriegs als auch als lebendiges Denkmal f\u00fcr die Zukunft dienen soll.<\/p>\t\t\t<\/div>\n\t\t<\/div>\n\t<\/div>\n\n\n<div\n\tclass=\"wrapper  wrapper__bg-color--transparent  wrapper__spacing-bottom-large--10\" \n\t>\n\n\t\n\t\t\t<div class=\"wrapper__container wrapper__container-width-large--default wrapper__gutter-large--default\">\n\t\t\t<div class=\"wrapper__inner wrapper__width-large--12\">\n\t\t\t\t<p class=\"paragraph paragraph__color--secondary paragraph__size--medium paragraph__align--left paragraph__font--primary paragraph__font-weight--normal block-paragraph__paragraph\">\n\t\u201eDieser Anblick war eine der sch\u00f6nsten Szenen, die ich je erlebt habe\u201c, erinnert sich die K\u00fcnstlerin. \u201eAll diese Frauen zu sehen, wie sie eine nach der anderen n\u00e4herkommen. Es sah so surreal aus, wie in einem Traum.\u201c<\/p>\t\t\t<\/div>\n\t\t<\/div>\n\t<\/div>\n\n\n<div\n\tclass=\"wrapper  wrapper__bg-color--transparent  wrapper__spacing-bottom-large--10\" \n\t>\n\n\t\n\t\t\t<div class=\"wrapper__container wrapper__container-width-large--default wrapper__gutter-large--default\">\n\t\t\t<div class=\"wrapper__inner wrapper__width-large--12\">\n\t\t\t\t<p class=\"paragraph paragraph__color--secondary paragraph__size--medium paragraph__align--left paragraph__font--primary paragraph__font-weight--normal block-paragraph__paragraph\">\n\tEin Jahr sp\u00e4ter, 2022, wirkt Kulenovi\u0107s Aktion besonders ber\u00fchrend. Der 30. Jahrestag des Bosnienkriegs r\u00fcckt n\u00e4her, und die ethnischen und politischen Spannungen nehmen wieder zu. Seit dem Friedensabkommen von Dayton, das den Krieg 1995 offiziell beendete, leben die drei gro\u00dfen Volksgruppen Bosniens und Herzegowinas \u2013 Bosniaken, Kroaten und Serben \u2013 unter verschiedenen Regierungen, mit unterschiedlichen Lehrpl\u00e4nen und unterschiedlichen Geschichtsdarstellungen. Jetzt dr\u00e4ngt die serbische Enklave des Landes, die Republika Srpska, auf mehr Autonomie. Ger\u00fcchte \u00fcber einen neuen Konflikt machen international Schlagzeilen \u2013 was K\u00fcnstlerinnen und K\u00fcnstlern wie Kulenovi\u0107 veranlasst, zu versuchen, die Spannungen zu entsch\u00e4rfen, indem sie Menschen und Gemeinschaften zusammenbringen.<\/p>\t\t\t<\/div>\n\t\t<\/div>\n\t<\/div>\n\n\n<div\n\tclass=\"wrapper  wrapper__bg-color--transparent  wrapper__spacing-bottom-large--10\" \n\t>\n\n\t\n\t\t\t<div class=\"wrapper__container wrapper__container-width-large--default wrapper__gutter-large--default\">\n\t\t\t<div class=\"wrapper__inner wrapper__width-large--12\">\n\t\t\t\t<div class=\"video__wrap video__ratio--default video__ratio--youtube block-video__video-wrap\">\n\t\t\t<div class=\"video__placeholder block-video__placeholder js-video-trigger\">\n\t\t\t<div class=\"image-wrap video__image-wrap\" data-align=\"center center\">\n\n\t\t\t<div\n\t\t\tstyle=\"background-image:url(https:\/\/i.ytimg.com\/vi\/cQY5tCfnqb4\/maxresdefault.jpg)\"\n\t\t\tclass=\"image image--bg video__image\"\n\t\t>\n\t\t<\/div>\n\t\n\t<\/div><i class=\"icon icon icon__play video__icon\">\n\t<svg width='24' height='24' viewBox='0 0 24 24' xmlns='http:\/\/www.w3.org\/2000\/svg'><path fill-rule='evenodd' clip-rule='evenodd' d='M12 24C18.6274 24 24 18.6274 24 12C24 5.37258 18.6274 0 12 0C5.37258 0 0 5.37258 0 12C0 18.6274 5.37258 24 12 24ZM17.8043 12.9319C18.471 12.547 18.471 11.5847 17.8043 11.1998L9.84783 6.60612C9.18116 6.22122 8.34783 6.70235 8.34783 7.47215V16.6595C8.34783 17.4293 9.18116 17.9105 9.84783 17.5256L17.8043 12.9319Z' fill='currentColor'><\/path><\/svg><\/i>\t\t<\/div>\n\t\t<div class=\"BorlabsCookie _brlbs-cb-youtube\"><div class=\"_brlbs-content-blocker\"> <div class=\"_brlbs-embed _brlbs-video-youtube\"> <img class=\"_brlbs-thumbnail\" src=\"https:\/\/tippingpoint.net\/wp-content\/plugins\/borlabs-cookie\/assets\/images\/cb-no-thumbnail.png\" alt=\"YouTube\"> <div class=\"_brlbs-caption\"> <p>By loading the video, you agree to YouTube's privacy policy.<br><a href=\"https:\/\/policies.google.com\/privacy?hl=en&gl=en\" target=\"_blank\" rel=\"nofollow noopener noreferrer\">Learn more<\/a><\/p> <p><a class=\"_brlbs-btn _brlbs-icon-play-white\" href=\"#\" data-borlabs-cookie-unblock=\"youtube\" role=\"button\">Load video<\/a><\/p> <p><label><input type=\"checkbox\" name=\"unblockAll\" value=\"1\" checked> <small>Always unblock YouTube<\/small><\/label><\/p> <\/div> <\/div> <\/div><div class=\"borlabs-hide\" data-borlabs-cookie-type=\"content-blocker\" data-borlabs-cookie-id=\"youtube\">PGlmcmFtZQoJCWNsYXNzPSJ2aWRlbyBibG9jay12aWRlb19fdmlkZW8ganMtdmlkZW8gaXMtaGlkZGVuIgoJCXNyYz0iaHR0cHM6Ly93d3cueW91dHViZS1ub2Nvb2tpZS5jb20vZW1iZWQvY1FZNXRDZm5xYjQiCgkJYWxsb3c9ImF1dG9wbGF5OyBmdWxsc2NyZWVuIgoJCWFsbG93RnVsbFNjcmVlbgoJCT48L2lmcmFtZT4=<\/div><\/div>\n\t<\/div>\t\t\t<\/div>\n\t\t<\/div>\n\t<\/div>\n\n\n<div\n\tclass=\"wrapper  wrapper__bg-color--transparent  wrapper__spacing-bottom-large--10\" \n\t>\n\n\t\n\t\t\t<div class=\"wrapper__container wrapper__container-width-large--default wrapper__gutter-large--default\">\n\t\t\t<div class=\"wrapper__inner wrapper__width-large--12\">\n\t\t\t\t<p class=\"paragraph paragraph__color--secondary paragraph__size--medium paragraph__align--left paragraph__font--primary paragraph__font-weight--normal block-paragraph__paragraph\">\n\t\u201eOur Family Garden\u201c war als Heilungsritual konzipiert. Kulenovi\u0107 (28) lud Frauen \u2013 nicht nur aus Bosnien, Serbien und Kroatien, sondern aus der ganzen Welt \u2013 dazu ein, Ringelblumensamen zu sammeln und in den Boden zu pflanzen, in dem sich w\u00e4hrend des Kriegs Sch\u00fctzengr\u00e4ben befanden. Die Ringelblume oder Calendula ist ein Heilkraut, hat antibakterielle und antimykotische Eigenschaften und wird auch zur Wundbehandlung verwendet. Symbolisch gesehen haben die Blumen auch eine heilende Wirkung auf die ethnische Spaltung Bosniens sowie Kulenovi\u0107s pers\u00f6nliche Beziehung zur umliegenden Landschaft. \u201eDas Haus, in dem ich mit meiner Familie aufgewachsen bin, liegt nur f\u00fcnf Gehminuten [vom Zlati\u0161te] entfernt. Als Kinder gingen wir oft zum Picknicken dorthin. Als ich erfuhr, dass mein Gro\u00dfvater w\u00e4hrend des Bosnienkriegs in diesen Sch\u00fctzengr\u00e4ben die Stadt und uns verteidigte, lie\u00df mich dieser Ort nicht mehr los.\u201c<\/p>\t\t\t<\/div>\n\t\t<\/div>\n\t<\/div>\n\n\n<div\n\tclass=\"wrapper wrapper--overflow wrapper__bg-color--transparent  wrapper__spacing-bottom-large--10\" \n\t>\n\n\t\n\t\t\t<div class=\"wrapper__container wrapper__container-width-large--default wrapper__gutter-large--default\">\n\t\t\t<div class=\"wrapper__inner wrapper__width-large--12\">\n\t\t\t\t<p class=\"paragraph paragraph__color--primary paragraph__size--biggest paragraph__align--center paragraph__font--secondary paragraph__font-weight--normal block-quote__paragraph\">\n\t&#8220;Es ist erstaunlich zu sehen, wie die Natur sich selbst heilen kann \u2013 viel schneller als wir Menschen.\u201d<\/p><p class=\"paragraph paragraph__color--primary paragraph__size--small paragraph__align--center paragraph__font--secondary paragraph__font-weight--normal block-quote__author\">\n\t\u2014 Smirna Kulenovi\u0107<\/p>\t\t\t<\/div>\n\t\t<\/div>\n\t<\/div>\n\n\n<div\n\tclass=\"wrapper  wrapper__bg-color--transparent  wrapper__spacing-bottom-large--10\" \n\t>\n\n\t\n\t\t\t<div class=\"wrapper__container wrapper__container-width-large--default wrapper__gutter-large--default\">\n\t\t\t<div class=\"wrapper__inner wrapper__width-large--12\">\n\t\t\t\t<p class=\"paragraph paragraph__color--secondary paragraph__size--medium paragraph__align--left paragraph__font--primary paragraph__font-weight--normal block-paragraph__paragraph\">\n\tGemeinsam mit ihrer Mutter und ihrer Gro\u00dfmutter begann Kulenovi\u0107, in dem seit der Belagerung von Sarajevo 1995 verlassenen Gebiet Weizensamen zu pflanzen. Das heilende Potenzial dieser kleinen Geste inspirierte die K\u00fcnstlerin dazu, das Ritual einem breiteren Publikum zug\u00e4nglich zu machen und damit ein bleibendes, sich st\u00e4ndig selbst ver\u00e4nderndes, organisches Denkmal des Konflikts zu schaffen. \u201eDie verachtende Rhetorik der Politiker unseres Landes spiegelt sich in den offiziellen Denkm\u00e4lern wider, die h\u00e4ufig aus einem verf\u00e4lschten Geschichtsbild herr\u00fchren. Ein organisches Denkmal ist notwendig, um auf diese politische Agenda einzugehen, ohne verletzende Worte zu verwenden, sondern [stattdessen] durch ein heilendes \u00d6kosystem zu kommunizieren.\u201c<\/p>\t\t\t<\/div>\n\t\t<\/div>\n\t<\/div>\n\n\n<div\n\tclass=\"wrapper  wrapper__bg-color--transparent  wrapper__spacing-bottom-large--10\" \n\t>\n\n\t\n\t\t\t<div class=\"wrapper__container wrapper__container-width-large--default wrapper__gutter-large--default\">\n\t\t\t<div class=\"wrapper__inner wrapper__width-large--12\">\n\t\t\t\t\n<figure class=\"block-image-caption\">\n\t<div class=\"image-wrap block-image-caption__image-wrap\" data-align=\"center center\">\n\n\t\t\t<img\n\t\t\tsrc=\"https:\/\/tippingpoint.net\/wp-content\/uploads\/2022\/06\/Our-Family-Garden-Before_Portrait-scaled.jpg\"\n\t\t\tclass=\"image  block-image-caption__image\"\n\t\t\talt=\"\"\n\t\t\/>\n\t\n\t<\/div>\t<figcaption>\n\t\t<p class=\"paragraph paragraph__color--primary paragraph__size--small paragraph__align--center paragraph__font--secondary paragraph__font-weight--normal block-image-caption__paragraph\">\n\tFoto: Ajla Salki\u0107<\/p>\t<\/figcaption>\n<\/figure>\n\t\t\t<\/div>\n\t\t<\/div>\n\t<\/div>\n\n\n<div\n\tclass=\"wrapper  wrapper__bg-color--transparent  wrapper__spacing-bottom-large--10\" \n\t>\n\n\t\n\t\t\t<div class=\"wrapper__container wrapper__container-width-large--default wrapper__gutter-large--default\">\n\t\t\t<div class=\"wrapper__inner wrapper__width-large--12\">\n\t\t\t\t\n<figure class=\"block-image-caption\">\n\t<div class=\"image-wrap block-image-caption__image-wrap\" data-align=\"center center\">\n\n\t\t\t<img\n\t\t\tsrc=\"https:\/\/tippingpoint.net\/wp-content\/uploads\/2022\/06\/Our-Family-Garden-Before-scaled.jpg\"\n\t\t\tclass=\"image  block-image-caption__image\"\n\t\t\talt=\"\"\n\t\t\/>\n\t\n\t<\/div>\t<figcaption>\n\t\t<p class=\"paragraph paragraph__color--primary paragraph__size--small paragraph__align--center paragraph__font--secondary paragraph__font-weight--normal block-image-caption__paragraph\">\n\tFoto: Ajla Salki\u0107<\/p>\t<\/figcaption>\n<\/figure>\n\t\t\t<\/div>\n\t\t<\/div>\n\t<\/div>\n\n\n<div\n\tclass=\"wrapper  wrapper__bg-color--transparent  wrapper__spacing-bottom-large--10\" \n\t>\n\n\t\n\t\t\t<div class=\"wrapper__container wrapper__container-width-large--default wrapper__gutter-large--default\">\n\t\t\t<div class=\"wrapper__inner wrapper__width-large--12\">\n\t\t\t\t\n<figure class=\"block-image-caption\">\n\t<div class=\"image-wrap block-image-caption__image-wrap\" data-align=\"center center\">\n\n\t\t\t<img\n\t\t\tsrc=\"https:\/\/tippingpoint.net\/wp-content\/uploads\/2022\/06\/Our-Family-Garden-Vertical-1_small.jpg\"\n\t\t\tclass=\"image  block-image-caption__image\"\n\t\t\talt=\"\"\n\t\t\/>\n\t\n\t<\/div>\t<figcaption>\n\t\t<p class=\"paragraph paragraph__color--primary paragraph__size--small paragraph__align--center paragraph__font--secondary paragraph__font-weight--normal block-image-caption__paragraph\">\n\tFoto: Ajla Salki\u0107<\/p>\t<\/figcaption>\n<\/figure>\n\t\t\t<\/div>\n\t\t<\/div>\n\t<\/div>\n\n\n<div\n\tclass=\"wrapper  wrapper__bg-color--transparent  wrapper__spacing-bottom-large--10\" \n\t>\n\n\t\n\t\t\t<div class=\"wrapper__container wrapper__container-width-large--default wrapper__gutter-large--default\">\n\t\t\t<div class=\"wrapper__inner wrapper__width-large--12\">\n\t\t\t\t\n<figure class=\"block-image-caption\">\n\t<div class=\"image-wrap block-image-caption__image-wrap\" data-align=\"center center\">\n\n\t\t\t<img\n\t\t\tsrc=\"https:\/\/tippingpoint.net\/wp-content\/uploads\/2022\/06\/Our-Family-Garden-Vertical-2_small.jpg\"\n\t\t\tclass=\"image  block-image-caption__image\"\n\t\t\talt=\"\"\n\t\t\/>\n\t\n\t<\/div>\t<figcaption>\n\t\t<p class=\"paragraph paragraph__color--primary paragraph__size--small paragraph__align--center paragraph__font--secondary paragraph__font-weight--normal block-image-caption__paragraph\">\n\tFoto: Ajla Salki\u0107<\/p>\t<\/figcaption>\n<\/figure>\n\t\t\t<\/div>\n\t\t<\/div>\n\t<\/div>\n\n\n<div\n\tclass=\"wrapper  wrapper__bg-color--transparent  wrapper__spacing-bottom-large--10\" \n\t>\n\n\t\n\t\t\t<div class=\"wrapper__container wrapper__container-width-large--default wrapper__gutter-large--default\">\n\t\t\t<div class=\"wrapper__inner wrapper__width-large--12\">\n\t\t\t\t<p class=\"paragraph paragraph__color--secondary paragraph__size--medium paragraph__align--left paragraph__font--primary paragraph__font-weight--normal block-paragraph__paragraph\">\n\tArzneipflanzen wie die Ringelblume haben aber auch eine heilende Wirkung auf die Natur selbst. Als Lebewesen haben Pflanzen eine eigene Wirkkraft: Sie kommunizieren mit anderen Lebensformen und beeinflussen ihre gesamte Umgebung. \u201eNicht nur die Menschen leiden unter der Gewalt von Kriegen, auch andere Spezies und Landschaften werden massiv gesch\u00e4digt und verletzt\u201c, so Kulenovi\u0107.<\/p>\t\t\t<\/div>\n\t\t<\/div>\n\t<\/div>\n\n\n<div\n\tclass=\"wrapper  wrapper__bg-color--transparent  wrapper__spacing-bottom-large--10\" \n\t>\n\n\t\n\t\t\t<div class=\"wrapper__container wrapper__container-width-large--default wrapper__gutter-large--default\">\n\t\t\t<div class=\"wrapper__inner wrapper__width-large--12\">\n\t\t\t\t<p class=\"paragraph paragraph__color--secondary paragraph__size--medium paragraph__align--left paragraph__font--primary paragraph__font-weight--normal block-paragraph__paragraph\">\n\tKulenovi\u0107 hatte geplant, ihre Aktion jedes Jahr am 6. April zu wiederholen, dem \u201eTag der Stadt Sarajevo\u201c, der an die Befreiung Sarajevos von der Besetzung durch die Nazis im Jahr 1945 erinnert. Jedes Jahr soll eine neue Heilpflanze am Zlati\u0161te gepflanzt werden. Sie hoffte, eine neue Arzneipflanzenart hinzuf\u00fcgen und noch mehr Menschen in das Ritual einbeziehen zu k\u00f6nnen. \u201eDie Beschr\u00e4nkung der Aktion auf Frauen sollte die Vorstellung von ihrer st\u00e4ndigen Opferrolle durchbrechen. Ich wollte zeigen, wie stark und selbstbestimmt sie sein k\u00f6nnen\u201c, so Kulenovi\u0107. \u201e[Aber] angesichts der aktuellen Situation [in Bosnien] ist es wichtig, dass auch M\u00e4nner teilnehmen, um ein Zeichen f\u00fcr den k\u00fcnftigen Frieden im Land zu setzen.\u201c<\/p>\t\t\t<\/div>\n\t\t<\/div>\n\t<\/div>\n\n\n<div\n\tclass=\"wrapper  wrapper__bg-color--transparent  wrapper__spacing-bottom-large--10\" \n\t>\n\n\t\n\t\t\t<div class=\"wrapper__container wrapper__container-width-large--default wrapper__gutter-large--default\">\n\t\t\t<div class=\"wrapper__inner wrapper__width-large--12\">\n\t\t\t\t<p class=\"paragraph paragraph__color--secondary paragraph__size--medium paragraph__align--left paragraph__font--primary paragraph__font-weight--normal block-paragraph__paragraph\">\n\tDie politische Situation in Bosnien und Herzegowina stimmt Kulenovi\u0107 derzeit nicht optimistisch f\u00fcr eine zweite Aktion im Fr\u00fchjahr: \u201eDie Sch\u00fctzengr\u00e4ben am Zlati\u0161te bilden buchst\u00e4blich die Grenze zwischen der F\u00f6deration Bosnien und Herzegowina und der Republika Srpska. Heute h\u00e4tte ich Angst, ein solches Ritual an diesem Ort abzuhalten\u201c, sagt sie.<\/p>\t\t\t<\/div>\n\t\t<\/div>\n\t<\/div>\n\n\n<div\n\tclass=\"wrapper wrapper--overflow wrapper__bg-color--transparent  wrapper__spacing-bottom-large--10\" \n\t>\n\n\t\n\t\t\t<div class=\"wrapper__container wrapper__container-width-large--default wrapper__gutter-large--default\">\n\t\t\t<div class=\"wrapper__inner wrapper__width-large--12\">\n\t\t\t\t\n<figure class=\"block-image-caption\">\n\t<div class=\"image-wrap block-image-caption__image-wrap\" data-align=\"center center\">\n\n\t\t\t<img\n\t\t\tsrc=\"https:\/\/tippingpoint.net\/wp-content\/uploads\/2022\/06\/Our-Family-Garden-2-Drone-4-2_small.png\"\n\t\t\tclass=\"image  block-image-caption__image\"\n\t\t\talt=\"\"\n\t\t\/>\n\t\n\t<\/div>\t<figcaption>\n\t\t<p class=\"paragraph paragraph__color--primary paragraph__size--small paragraph__align--center paragraph__font--secondary paragraph__font-weight--normal block-image-caption__paragraph\">\n\tFoto: Jasmin Omerika<\/p>\t<\/figcaption>\n<\/figure>\n\t\t\t<\/div>\n\t\t<\/div>\n\t<\/div>\n\n\n<div\n\tclass=\"wrapper wrapper--overflow wrapper__bg-color--transparent  wrapper__spacing-bottom-large--10\" \n\t>\n\n\t\n\t\t\t<div class=\"wrapper__container wrapper__container-width-large--default wrapper__gutter-large--default\">\n\t\t\t<div class=\"wrapper__inner wrapper__width-large--12\">\n\t\t\t\t\n<figure class=\"block-image-caption\">\n\t<div class=\"image-wrap block-image-caption__image-wrap\" data-align=\"center center\">\n\n\t\t\t<img\n\t\t\tsrc=\"https:\/\/tippingpoint.net\/wp-content\/uploads\/2022\/06\/Our-Family-Garden-Drone-2-2_small.png\"\n\t\t\tclass=\"image  block-image-caption__image\"\n\t\t\talt=\"\"\n\t\t\/>\n\t\n\t<\/div>\t<figcaption>\n\t\t<p class=\"paragraph paragraph__color--primary paragraph__size--small paragraph__align--center paragraph__font--secondary paragraph__font-weight--normal block-image-caption__paragraph\">\n\tFoto: Jasmin Omerika<\/p>\t<\/figcaption>\n<\/figure>\n\t\t\t<\/div>\n\t\t<\/div>\n\t<\/div>\n\n\n<div\n\tclass=\"wrapper  wrapper__bg-color--transparent  wrapper__spacing-bottom-large--10\" \n\t>\n\n\t\n\t\t\t<div class=\"wrapper__container wrapper__container-width-large--default wrapper__gutter-large--default\">\n\t\t\t<div class=\"wrapper__inner wrapper__width-large--12\">\n\t\t\t\t<p class=\"paragraph paragraph__color--secondary paragraph__size--medium paragraph__align--left paragraph__font--primary paragraph__font-weight--normal block-paragraph__paragraph\">\n\tAber Kulenovi\u0107 hat ihre Idee noch nicht aufgegeben. Derzeit arbeitet sie an einem weiteren, mit \u201eOur Family Garden\u201c zusammenh\u00e4ngenden Projekt, das bei der Ars Electronica 2022 im September in Linz pr\u00e4sentiert werden soll. F\u00fcr dieses Projekt \u2013 mit dem Titel \u201eOur Family Garden: Micro\u201c \u2013 entnahm Kulenovi\u0107 vor dem Einpflanzen der Ringelblumensamen am Zlati\u0161te Bodenproben und sammelte gefundene Kriegsgegenst\u00e4nde (wie Metallplatten und Munitionsreste) und wiederholte dies einige Monate sp\u00e4ter. Gemeinsam mit der Mikrobiologin Anastasia Bragina analysiert sie nun die verschiedenen Lebensformen auf den gefundenen Gegenst\u00e4nden und im Boden, um die durch die Heilpflanze bewirkten Ver\u00e4nderungen aufzuzeigen.<\/p>\t\t\t<\/div>\n\t\t<\/div>\n\t<\/div>\n\n\n<div\n\tclass=\"wrapper wrapper--overflow wrapper__bg-color--transparent  wrapper__spacing-bottom-large--10\" \n\t>\n\n\t\n\t\t\t<div class=\"wrapper__container wrapper__container-width-large--default wrapper__gutter-large--default\">\n\t\t\t<div class=\"wrapper__inner wrapper__width-large--12\">\n\t\t\t\t\n<figure class=\"block-image-caption\">\n\t<div class=\"image-wrap block-image-caption__image-wrap\" data-align=\"center center\">\n\n\t\t\t<img\n\t\t\tsrc=\"https:\/\/tippingpoint.net\/wp-content\/uploads\/2022\/06\/Our-Family-Garden-2-Drone-1-2_small.png\"\n\t\t\tclass=\"image  block-image-caption__image\"\n\t\t\talt=\"\"\n\t\t\/>\n\t\n\t<\/div>\t<figcaption>\n\t\t<p class=\"paragraph paragraph__color--primary paragraph__size--small paragraph__align--center paragraph__font--secondary paragraph__font-weight--normal block-image-caption__paragraph\">\n\tFoto: Ajla Salki\u0107<\/p>\t<\/figcaption>\n<\/figure>\n\t\t\t<\/div>\n\t\t<\/div>\n\t<\/div>\n\n\n<div\n\tclass=\"wrapper wrapper--overflow wrapper__bg-color--transparent  wrapper__spacing-bottom-large--10\" \n\t>\n\n\t\n\t\t\t<div class=\"wrapper__container wrapper__container-width-large--default wrapper__gutter-large--default\">\n\t\t\t<div class=\"wrapper__inner wrapper__width-large--12\">\n\t\t\t\t\n<figure class=\"block-image-caption\">\n\t<div class=\"image-wrap block-image-caption__image-wrap\" data-align=\"center center\">\n\n\t\t\t<img\n\t\t\tsrc=\"https:\/\/tippingpoint.net\/wp-content\/uploads\/2022\/06\/vlcsnap-2021-08-16-21h36m51s707-2_small.png\"\n\t\t\tclass=\"image  block-image-caption__image\"\n\t\t\talt=\"\"\n\t\t\/>\n\t\n\t<\/div>\t<figcaption>\n\t\t<p class=\"paragraph paragraph__color--primary paragraph__size--small paragraph__align--center paragraph__font--secondary paragraph__font-weight--normal block-image-caption__paragraph\">\n\tFoto: Jasmin Omerika<\/p>\t<\/figcaption>\n<\/figure>\n\t\t\t<\/div>\n\t\t<\/div>\n\t<\/div>\n\n\n<div\n\tclass=\"wrapper  wrapper__bg-color--transparent  wrapper__spacing-bottom-large--10\" \n\t>\n\n\t\n\t\t\t<div class=\"wrapper__container wrapper__container-width-large--default wrapper__gutter-large--default\">\n\t\t\t<div class=\"wrapper__inner wrapper__width-large--12\">\n\t\t\t\t<p class=\"paragraph paragraph__color--secondary paragraph__size--medium paragraph__align--left paragraph__font--primary paragraph__font-weight--normal block-paragraph__paragraph\">\n\t\u201eDie Heilung findet auf allen mikroskopischen und makroskopischen Ebenen statt. Ob es uns gef\u00e4llt oder nicht, auf dem, was von unserer von Menschenhand ver\u00fcbten Gewalt \u00fcbrig bleibt, siedelt sich neues Leben an. Heilung geschieht in jeder Dimension, indem man der Natur einfach ihren Lauf l\u00e4sst, ihr zuh\u00f6rt und sich auf sie einl\u00e4sst \u2013 anstatt zu dominieren, zu zerst\u00f6ren und zu st\u00f6ren. M\u00f6ge es auf allen Ebenen des Lebens Empathie geben\u201c, schrieb Kulenovi\u0107 auf ihrem <a href=\"https:\/\/www.instagram.com\/smismismismi\/\" target=\"_blank\" rel=\"noreferrer noopener\">Instagram-Profil<\/a>.<\/p>\t\t\t<\/div>\n\t\t<\/div>\n\t<\/div>\n\n\n<div\n\tclass=\"wrapper  wrapper__bg-color--transparent  wrapper__spacing-bottom-large--10\" \n\t>\n\n\t\n\t\t\t<div class=\"wrapper__container wrapper__container-width-large--default wrapper__gutter-large--default\">\n\t\t\t<div class=\"wrapper__inner wrapper__width-large--12\">\n\t\t\t\t\n<figure class=\"block-image-caption\">\n\t<div class=\"image-wrap block-image-caption__image-wrap\" data-align=\"center center\">\n\n\t\t\t<img\n\t\t\tsrc=\"https:\/\/tippingpoint.net\/wp-content\/uploads\/2022\/06\/Our-Family-Garden-Bullets-Found-scaled.jpg\"\n\t\t\tclass=\"image  block-image-caption__image\"\n\t\t\talt=\"\"\n\t\t\/>\n\t\n\t<\/div>\t<figcaption>\n\t\t<p class=\"paragraph paragraph__color--primary paragraph__size--small paragraph__align--center paragraph__font--secondary paragraph__font-weight--normal block-image-caption__paragraph\">\n\tGefundene Munition w\u00e4hrend der Performance \u201cOur Family Garden\u201d. Foto: Smirna Kulenovi\u0107<\/p>\t<\/figcaption>\n<\/figure>\n\t\t\t<\/div>\n\t\t<\/div>\n\t<\/div>\n\n\n<div\n\tclass=\"wrapper  wrapper__bg-color--transparent  wrapper__spacing-bottom-large--10\" \n\t>\n\n\t\n\t\t\t<div class=\"wrapper__container wrapper__container-width-large--default wrapper__gutter-large--default\">\n\t\t\t<div class=\"wrapper__inner wrapper__width-large--12\">\n\t\t\t\t\n<figure class=\"block-image-caption\">\n\t<div class=\"image-wrap block-image-caption__image-wrap\" data-align=\"center center\">\n\n\t\t\t<img\n\t\t\tsrc=\"https:\/\/tippingpoint.net\/wp-content\/uploads\/2022\/06\/Our-Family-Garden-Bullets-Found-Microscope_small.jpg\"\n\t\t\tclass=\"image  block-image-caption__image\"\n\t\t\talt=\"\"\n\t\t\/>\n\t\n\t<\/div>\t<figcaption>\n\t\t<p class=\"paragraph paragraph__color--primary paragraph__size--small paragraph__align--center paragraph__font--secondary paragraph__font-weight--normal block-image-caption__paragraph\">\n\tDie gleichen Munitionsteile, dieses Mal unterm dem Mikroskop betrachtet. Foto: Smirna Kulenovi\u0107<\/p>\t<\/figcaption>\n<\/figure>\n\t\t\t<\/div>\n\t\t<\/div>\n\t<\/div>\n\n\n<div\n\tclass=\"wrapper  wrapper__bg-color--transparent  wrapper__spacing-bottom-large--10\" \n\t>\n\n\t\n\t\t\t<div class=\"wrapper__container wrapper__container-width-large--default wrapper__gutter-large--default\">\n\t\t\t<div class=\"wrapper__inner wrapper__width-large--12\">\n\t\t\t\t<p class=\"paragraph paragraph__color--secondary paragraph__size--medium paragraph__align--left paragraph__font--primary paragraph__font-weight--normal block-paragraph__paragraph\">\n\tKulenovi\u0107 m\u00f6chte schlie\u00dflich diesen Prozess mithilfe von Agar-Drucken illustrieren, um diese Regeneration f\u00fcr ein Publikum sichtbar zu machen. Sie hofft, dass die Natur damit als Vorbild f\u00fcr die Menschheit dienen kann. \u201eDer Boden hat sich in den letzten Monaten, w\u00e4hrend die Heilpflanzen gewachsen sind, komplett regeneriert. Es ist erstaunlich zu sehen, wie die Natur sich selbst heilen kann \u2013 viel schneller als wir Menschen\u201c, sagt Kulenovi\u0107 lachend. \u201eIm Moment macht mir die Arbeit mit Bakterien viel mehr Spa\u00df als die mit Menschen.\u201c<\/p>\t\t\t<\/div>\n\t\t<\/div>\n\t<\/div>\n\n\n<div\n\tclass=\"wrapper  wrapper__bg-color--transparent  wrapper__spacing-bottom-large--10\" \n\t>\n\n\t\n\t\t\t<div class=\"wrapper__container wrapper__container-width-large--default wrapper__gutter-large--default\">\n\t\t\t<div class=\"wrapper__inner wrapper__width-large--12\">\n\t\t\t\t<p class=\"paragraph paragraph__color--secondary paragraph__size--small paragraph__align--left paragraph__font--primary paragraph__font-weight--normal block-paragraph__paragraph\">\n\t<em>Original auf Englisch. Erstmals publiziert am 16. Februar 2022 auf <a href=\"https:\/\/www.calvertjournal.com\/features\/show\/13665\/smirna-kulenovi-our-family-garden-bosnia-performance-healing-art\" target=\"_blank\" rel=\"noreferrer noopener\">calvertjournal.com<\/a><br>Aus dem Englischen von\u00a0<a href=\"http:\/\/www.wordpool.at\/\" target=\"_blank\" rel=\"noreferrer noopener\">Barbara Maya<\/a>.<\/em><\/p>\t\t\t<\/div>\n\t\t<\/div>\n\t<\/div>\n\n\n<div\n\tclass=\"wrapper  wrapper__bg-color--transparent  wrapper__spacing-bottom-large--10\" \n\t>\n\n\t\n\t\t\t<div class=\"wrapper__container wrapper__container-width-large--default wrapper__gutter-large--default\">\n\t\t\t<div class=\"wrapper__inner wrapper__width-large--12\">\n\t\t\t\t<p class=\"paragraph paragraph__color--secondary paragraph__size--small paragraph__align--left paragraph__font--primary paragraph__font-weight--normal block-paragraph__paragraph\">\n\t<em>Dieser Text ist urheberrechtlich gesch\u00fctzt: \u00a9 Brigitte Egger \/ The Calvert Journal. Bei Interesse an Wiederver\u00f6ffentlichung bitten wir um Kontaktaufnahme mit der\u00a0<a href=\"https:\/\/tippingpoint.net\/de\/kontakt\/\">Redaktion<\/a>. Urheberrechtliche Angaben zu Bildern, Grafiken und Videos sind direkt bei den Abbildungen vermerkt. Titelbild: Our Family Garden. Foto: Ajla Salki\u0107<\/em><\/p>\t\t\t<\/div>\n\t\t<\/div>\n\t<\/div>\n","protected":false},"excerpt":{"rendered":"<p>Ein lebendiges Denkmal soll Narben des Kriegs heilen.<\/p>\n","protected":false},"author":184,"featured_media":8124,"comment_status":"open","ping_status":"open","sticky":false,"template":"","format":"standard","meta":{"footnotes":""},"categories":[299,3,14,434],"tags":[40,65,247,77,293,43,256,73],"formats":[],"acf":[],"_links":{"self":[{"href":"https:\/\/tippingpoint.net\/de\/wp-json\/wp\/v2\/posts\/8173"}],"collection":[{"href":"https:\/\/tippingpoint.net\/de\/wp-json\/wp\/v2\/posts"}],"about":[{"href":"https:\/\/tippingpoint.net\/de\/wp-json\/wp\/v2\/types\/post"}],"author":[{"embeddable":true,"href":"https:\/\/tippingpoint.net\/de\/wp-json\/wp\/v2\/users\/184"}],"replies":[{"embeddable":true,"href":"https:\/\/tippingpoint.net\/de\/wp-json\/wp\/v2\/comments?post=8173"}],"version-history":[{"count":3,"href":"https:\/\/tippingpoint.net\/de\/wp-json\/wp\/v2\/posts\/8173\/revisions"}],"predecessor-version":[{"id":8177,"href":"https:\/\/tippingpoint.net\/de\/wp-json\/wp\/v2\/posts\/8173\/revisions\/8177"}],"wp:featuredmedia":[{"embeddable":true,"href":"https:\/\/tippingpoint.net\/de\/wp-json\/wp\/v2\/media\/8124"}],"wp:attachment":[{"href":"https:\/\/tippingpoint.net\/de\/wp-json\/wp\/v2\/media?parent=8173"}],"wp:term":[{"taxonomy":"category","embeddable":true,"href":"https:\/\/tippingpoint.net\/de\/wp-json\/wp\/v2\/categories?post=8173"},{"taxonomy":"post_tag","embeddable":true,"href":"https:\/\/tippingpoint.net\/de\/wp-json\/wp\/v2\/tags?post=8173"},{"taxonomy":"format","embeddable":true,"href":"https:\/\/tippingpoint.net\/de\/wp-json\/wp\/v2\/formats?post=8173"}],"curies":[{"name":"wp","href":"https:\/\/api.w.org\/{rel}","templated":true}]}}