{"id":3749,"date":"2020-12-24T00:00:00","date_gmt":"2020-12-24T00:00:00","guid":{"rendered":"https:\/\/erste-foundation.byinfinum.co\/wir-lieben-sarajevo\/"},"modified":"2021-08-17T13:25:40","modified_gmt":"2021-08-17T13:25:40","slug":"wir-lieben-sarajevo","status":"publish","type":"post","link":"https:\/\/tippingpoint.net\/de\/wir-lieben-sarajevo\/","title":{"rendered":"\u201eWir lieben Sarajevo\u201c"},"content":{"rendered":"<div\n\tclass=\"wrapper  wrapper__bg-color--transparent  wrapper__spacing-bottom-large--10\" \n\t>\n\n\t\n\t\t\t<div class=\"wrapper__container wrapper__container-width-large--default wrapper__gutter-large--default\">\n\t\t\t<div class=\"wrapper__inner wrapper__width-large--12\">\n\t\t\t\t<p class=\"paragraph paragraph__color--secondary paragraph__size--medium paragraph__align--left paragraph__font--primary paragraph__font-weight--normal block-paragraph__paragraph\">\n\tLernen Sie den T\u00e4towierer, die Gr\u00fcnderin eines Technologieunternehmens, den Betreiber eines veganen Restaurants, den Galeristen und den Optiker kennen, die mit der Gr\u00fcndung ihrer Unternehmen in der bosnischen Hauptstadt ein Zeichen gegen den Auswanderungstrend gesetzt haben.<\/p>\t\t\t<\/div>\n\t\t<\/div>\n\t<\/div>\n\n\n<div\n\tclass=\"wrapper  wrapper__bg-color--transparent  wrapper__spacing-bottom-large--10\" \n\t>\n\n\t\n\t\t\t<div class=\"wrapper__container wrapper__container-width-large--default wrapper__gutter-large--default\">\n\t\t\t<div class=\"wrapper__inner wrapper__width-large--12\">\n\t\t\t\t<p class=\"paragraph paragraph__color--secondary paragraph__size--medium paragraph__align--left paragraph__font--primary paragraph__font-weight--normal block-paragraph__paragraph\">\n\tBosnien und Herzegowina leidet unter einer Bev\u00f6lkerungskrise. Im Jahr 1991, kurz vor dem Krieg, lebten rund vier Millionen Menschen im Land. Heute sind es sch\u00e4tzungsweise nur noch 3,3 Millionen, wobei die Bev\u00f6lkerungszahlen <a href=\"http:\/\/magazine.erstestiftung.org\/de\/unaufhaltsam\/\" target=\"_blank\" rel=\"noopener\">wahrscheinlich noch weiter zur\u00fcckgehen werden<\/a>. Die Auswanderung spielt hierbei eine ma\u00dfgebliche Rolle, da viele j\u00fcngere Menschen auf der Suche nach einer besseren Zukunft au\u00dferhalb des dysfunktionalen Systems ihres Landes, das keine Perspektiven zu bieten scheint, aus Bosnien weggehen. Einige wollen jedoch unbedingt bleiben. In Sarajevo dokumentierte der Fotograf Sacha Jennis mehrere Selbstst\u00e4ndige, die trotz der katastrophalen Wirtschaftsaussichten weiterhin am Erfolg ihrer Unternehmen in ihrer Heimatstadt arbeiten.<\/p>\t\t\t<\/div>\n\t\t<\/div>\n\t<\/div>\n\n\n<div\n\tclass=\"wrapper  wrapper__bg-color--transparent  wrapper__spacing-bottom-large--10\" \n\t>\n\n\t\n\t\t\t<div class=\"wrapper__container wrapper__container-width-large--default wrapper__gutter-large--default\">\n\t\t\t<div class=\"wrapper__inner wrapper__width-large--12\">\n\t\t\t\t<p class=\"paragraph paragraph__color--secondary paragraph__size--medium paragraph__align--left paragraph__font--primary paragraph__font-weight--normal block-paragraph__paragraph\">\n\t<strong>\u201eBosnien bietet die Chance f\u00fcr Ver\u00e4nderungen\u201c<\/strong><br><br>Mit Bizbook gr\u00fcndete die Juristin Erna \u0160o\u0161evi\u0107 2017 ein Peer-to-Peer-Netzwerk mit dem Ziel, die Entwicklung bosnischer Unternehmen zu f\u00f6rdern. \u201eMein Anliegen, ein Technologieunternehmen in Bosnien und Herzegowina aufzubauen, r\u00fchrt daher, dass ich kein anderes Land habe\u201c, erkl\u00e4rte sie. \u201eIch sah es als eine interessante Herausforderung, verschiedene Branchen miteinander zu vernetzen und sie dabei zu unterst\u00fctzen, sich \u00fcber die von ihnen angebotenen Produkte und Dienstleistungen kennenzulernen und zuverl\u00e4ssige Gesch\u00e4ftspartner zu finden.\u201c<\/p>\t\t\t<\/div>\n\t\t<\/div>\n\t<\/div>\n\n\n<div\n\tclass=\"wrapper wrapper--overflow wrapper__bg-color--transparent  wrapper__spacing-bottom-large--10\" \n\t>\n\n\t\n\t\t\t<div class=\"wrapper__container wrapper__container-width-large--default wrapper__gutter-large--default\">\n\t\t\t<div class=\"wrapper__inner wrapper__width-large--12 wrapper__offset-large--0\">\n\t\t\t\t\n<figure class=\"block-image-caption\">\n\t<div class=\"image-wrap block-image-caption__image-wrap\" data-align=\"center center\">\n\n\t\t\t<img\n\t\t\tsrc=\"http:\/\/tippingpoint.net\/wp-content\/uploads\/2021\/04\/ernasosevicsachajennis_1600x900px.jpg\"\n\t\t\tclass=\"image  block-image-caption__image\"\n\t\t\talt=\"Foto: \u00a9 Sacha Jennis\"\n\t\t\/>\n\t\n\t<\/div>\t<figcaption>\n\t\t<p class=\"paragraph paragraph__color--primary paragraph__size--small paragraph__align--center paragraph__font--secondary paragraph__font-weight--normal block-image-caption__paragraph\">\n\tErna \u0160o\u0161evi\u0107. Foto: \u00a9 Sacha Jennis<\/p>\t<\/figcaption>\n<\/figure>\n\t\t\t<\/div>\n\t\t<\/div>\n\t<\/div>\n\n\n<div\n\tclass=\"wrapper  wrapper__bg-color--transparent  wrapper__spacing-bottom-large--10\" \n\t>\n\n\t\n\t\t\t<div class=\"wrapper__container wrapper__container-width-large--default wrapper__gutter-large--default\">\n\t\t\t<div class=\"wrapper__inner wrapper__width-large--12\">\n\t\t\t\t<p class=\"paragraph paragraph__color--secondary paragraph__size--medium paragraph__align--left paragraph__font--primary paragraph__font-weight--normal block-paragraph__paragraph\">\n\tMittlerweile z\u00e4hlt das Bizbook-Netzwerk 700 Mitglieder und wird von einem Team von f\u00fcnf Frauen mit Sitz im Networks, einem Gesch\u00e4ftszentrum und Co-Working-Space in der N\u00e4he des Skenderija-Zentrums, geleitet. \u201eDas Land zu verlassen, war f\u00fcr mich nie eine Option, denn Bosnien und Herzegowina bietet trotz der schlechten geopolitischen und wirtschaftlichen Lage die Chance f\u00fcr bedeutende Ver\u00e4nderungen durch junge Menschen, die st\u00e4rker in die verschiedenen Prozesse dieses Landes einbezogen werden m\u00fcssen\u201c, so \u0160o\u0161evi\u0107.<\/p>\t\t\t<\/div>\n\t\t<\/div>\n\t<\/div>\n\n\n<div\n\tclass=\"wrapper  wrapper__bg-color--transparent  wrapper__spacing-bottom-large--10\" \n\t>\n\n\t\n\t\t\t<div class=\"wrapper__container wrapper__container-width-large--default wrapper__gutter-large--default\">\n\t\t\t<div class=\"wrapper__inner wrapper__width-large--12\">\n\t\t\t\t<p class=\"paragraph paragraph__color--secondary paragraph__size--medium paragraph__align--left paragraph__font--primary paragraph__font-weight--normal block-paragraph__paragraph\">\n\t<strong>\u201eWir k\u00f6nnen uns nicht vorstellen, woanders zu leben\u201c<\/strong><br><br>\u201eWir sagten uns, dass wir es \u00fcberall schaffen k\u00f6nnen, wenn wir alle zusammenhalten, auch hier in Sarajevo. Dazu braucht es nur eine Gruppe guter Freunde und hart arbeitender Leute, und der Erfolg gab uns bald nach der Er\u00f6ffnung des Studios recht.\u201c Diese Erfahrung machte der Grafiker und T\u00e4towierer Erva Nevesinjac. Er er\u00f6ffnete sein Tattoo-Studio in einer kleinen Wohnung in der N\u00e4he der Marschall-Tito-Stra\u00dfe in der Innenstadt von Sarajevo und ist fest entschlossen, dort zu bleiben.<\/p>\t\t\t<\/div>\n\t\t<\/div>\n\t<\/div>\n\n\n<div\n\tclass=\"wrapper wrapper--overflow wrapper__bg-color--transparent  wrapper__spacing-bottom-large--10\" \n\t>\n\n\t\n\t\t\t<div class=\"wrapper__container wrapper__container-width-large--default wrapper__gutter-large--default\">\n\t\t\t<div class=\"wrapper__inner wrapper__width-large--12 wrapper__offset-large--0\">\n\t\t\t\t\n<figure class=\"block-image-caption\">\n\t<div class=\"image-wrap block-image-caption__image-wrap\" data-align=\"center center\">\n\n\t\t\t<img\n\t\t\tsrc=\"http:\/\/tippingpoint.net\/wp-content\/uploads\/2021\/04\/ervinnevesinjacsachajennis_1600x900px.jpg\"\n\t\t\tclass=\"image  block-image-caption__image\"\n\t\t\talt=\"Foto: \u00a9 Sacha Jennis\"\n\t\t\/>\n\t\n\t<\/div>\t<figcaption>\n\t\t<p class=\"paragraph paragraph__color--primary paragraph__size--small paragraph__align--center paragraph__font--secondary paragraph__font-weight--normal block-image-caption__paragraph\">\n\tErva Nevesinjac. Foto: \u00a9 Sacha Jennis<\/p>\t<\/figcaption>\n<\/figure>\n\t\t\t<\/div>\n\t\t<\/div>\n\t<\/div>\n\n\n<div\n\tclass=\"wrapper  wrapper__bg-color--transparent  wrapper__spacing-bottom-large--10\" \n\t>\n\n\t\n\t\t\t<div class=\"wrapper__container wrapper__container-width-large--default wrapper__gutter-large--default\">\n\t\t\t<div class=\"wrapper__inner wrapper__width-large--12\">\n\t\t\t\t<p class=\"paragraph paragraph__color--secondary paragraph__size--medium paragraph__align--left paragraph__font--primary paragraph__font-weight--normal block-paragraph__paragraph\">\n\t\u201eWir lieben Sarajevo und wir lieben Bosnien, und wir k\u00f6nnen uns nicht vorstellen, woanders zu leben und zu arbeiten. Die Faszination und Erfahrung, die Menschen in Bosnien zu t\u00e4towieren, ist wirklich etwas Einzigartiges; das kann man nicht beschreiben\u201c, erkl\u00e4rte er.<\/p>\t\t\t<\/div>\n\t\t<\/div>\n\t<\/div>\n\n\n<div\n\tclass=\"wrapper  wrapper__bg-color--transparent  wrapper__spacing-bottom-large--10\" \n\t>\n\n\t\n\t\t\t<div class=\"wrapper__container wrapper__container-width-large--default wrapper__gutter-large--default\">\n\t\t\t<div class=\"wrapper__inner wrapper__width-large--12\">\n\t\t\t\t<p class=\"paragraph paragraph__color--secondary paragraph__size--medium paragraph__align--left paragraph__font--primary paragraph__font-weight--normal block-paragraph__paragraph\">\n\t<strong>\u201eIch brachte neue und coole Ideen nach Sarajevo\u201c<\/strong><br><br>Miran Lazic begann 2000 \u2013 als Skatewear und Basketballmode aus den USA in Sarajevo schwer zu bekommen war \u2013 mit dem Bedrucken eigener T-Shirts. Zun\u00e4chst produzierte er Shirts f\u00fcr seine Freunde und sich selbst, entschied sich aber 2010 zur Gr\u00fcndung des Labels Revolt Clothing und bietet seither in Sarajevo Streetfashion an. Seit Juli 2019 betreibt er auch seinen eigenen Shop, der sich Royal With Cheese nennt.<\/p>\t\t\t<\/div>\n\t\t<\/div>\n\t<\/div>\n\n\n<div\n\tclass=\"wrapper wrapper--overflow wrapper__bg-color--transparent  wrapper__spacing-bottom-large--10\" \n\t>\n\n\t\n\t\t\t<div class=\"wrapper__container wrapper__container-width-large--default wrapper__gutter-large--default\">\n\t\t\t<div class=\"wrapper__inner wrapper__width-large--12 wrapper__offset-large--0\">\n\t\t\t\t\n<figure class=\"block-image-caption\">\n\t<div class=\"image-wrap block-image-caption__image-wrap\" data-align=\"center center\">\n\n\t\t\t<img\n\t\t\tsrc=\"http:\/\/tippingpoint.net\/wp-content\/uploads\/2021\/04\/bosnia_impressions_sarajevodailylivessachajennis-miran.jpg\"\n\t\t\tclass=\"image  block-image-caption__image\"\n\t\t\talt=\"Foto: \u00a9 Sacha Jennis\"\n\t\t\/>\n\t\n\t<\/div>\t<figcaption>\n\t\t<p class=\"paragraph paragraph__color--primary paragraph__size--small paragraph__align--center paragraph__font--secondary paragraph__font-weight--normal block-image-caption__paragraph\">\n\tMiran Lazic. Foto: \u00a9 Sacha Jennis<\/p>\t<\/figcaption>\n<\/figure>\n\t\t\t<\/div>\n\t\t<\/div>\n\t<\/div>\n\n\n<div\n\tclass=\"wrapper  wrapper__bg-color--transparent  wrapper__spacing-bottom-large--10\" \n\t>\n\n\t\n\t\t\t<div class=\"wrapper__container wrapper__container-width-large--default wrapper__gutter-large--default\">\n\t\t\t<div class=\"wrapper__inner wrapper__width-large--12\">\n\t\t\t\t<p class=\"paragraph paragraph__color--secondary paragraph__size--medium paragraph__align--left paragraph__font--primary paragraph__font-weight--normal block-paragraph__paragraph\">\n\t\u201eIch bin als Fl\u00fcchtling in Moskau aufgewachsen, wo ich mit Hip-Hop, Graffitikunst und all den Dingen in Ber\u00fchrung kam\u201c, erkl\u00e4rte Lazic. Auch nach der R\u00fcckkehr in sein Heimatland reiste er viel und brachte \u201eneue und coole Ideen nach Sarajevo\u201c. \u201eIch wollte den Kids und den Leuten hier meine Erfahrungen und das, was ich gelernt habe, vermitteln\u201c, so Lazic.<\/p>\t\t\t<\/div>\n\t\t<\/div>\n\t<\/div>\n\n\n<div\n\tclass=\"wrapper  wrapper__bg-color--transparent  wrapper__spacing-bottom-large--10\" \n\t>\n\n\t\n\t\t\t<div class=\"wrapper__container wrapper__container-width-large--default wrapper__gutter-large--default\">\n\t\t\t<div class=\"wrapper__inner wrapper__width-large--12\">\n\t\t\t\t<p class=\"paragraph paragraph__color--secondary paragraph__size--medium paragraph__align--left paragraph__font--primary paragraph__font-weight--normal block-paragraph__paragraph\">\n\t<strong>\u201eIch m\u00f6chte, dass die Bosnier ges\u00fcnder essen\u201c<\/strong><br><br>Als Veganer hat man es in einem Land, dessen K\u00fcche von Fleischgerichten dominiert wird, mitunter schwer. Die Er\u00f6ffnung eines veganen Restaurants in einer Stadt, in der an allen Ecken \u0106evap\u010di\u0107i verkauft werden, ist ein noch ambitionierteres Unterfangen. Dieser Herausforderung hat sich Chefkoch Sasha Obucina gestellt: In seinem Slow-Food-Restaurant Karuzo in der Innenstadt von Sarajevo bietet er k\u00f6stliche Gerichte aus regionalen Produkten und ausgesuchte bosnische Weine.<\/p>\t\t\t<\/div>\n\t\t<\/div>\n\t<\/div>\n\n\n<div\n\tclass=\"wrapper wrapper--overflow wrapper__bg-color--transparent  wrapper__spacing-bottom-large--10\" \n\t>\n\n\t\n\t\t\t<div class=\"wrapper__container wrapper__container-width-large--default wrapper__gutter-large--default\">\n\t\t\t<div class=\"wrapper__inner wrapper__width-large--12 wrapper__offset-large--0\">\n\t\t\t\t\n<figure class=\"block-image-caption\">\n\t<div class=\"image-wrap block-image-caption__image-wrap\" data-align=\"center center\">\n\n\t\t\t<img\n\t\t\tsrc=\"http:\/\/tippingpoint.net\/wp-content\/uploads\/2021\/04\/sashaobucinasachajennis_1600x900px.jpg\"\n\t\t\tclass=\"image  block-image-caption__image\"\n\t\t\talt=\"Foto: \u00a9 Sacha Jennis\"\n\t\t\/>\n\t\n\t<\/div>\t<figcaption>\n\t\t<p class=\"paragraph paragraph__color--primary paragraph__size--small paragraph__align--center paragraph__font--secondary paragraph__font-weight--normal block-image-caption__paragraph\">\n\tSasha Obucina. Foto: \u00a9SachaJennis<\/p>\t<\/figcaption>\n<\/figure>\n\t\t\t<\/div>\n\t\t<\/div>\n\t<\/div>\n\n\n<div\n\tclass=\"wrapper  wrapper__bg-color--transparent  wrapper__spacing-bottom-large--10\" \n\t>\n\n\t\n\t\t\t<div class=\"wrapper__container wrapper__container-width-large--default wrapper__gutter-large--default\">\n\t\t\t<div class=\"wrapper__inner wrapper__width-large--12\">\n\t\t\t\t<p class=\"paragraph paragraph__color--secondary paragraph__size--medium paragraph__align--left paragraph__font--primary paragraph__font-weight--normal block-paragraph__paragraph\">\n\t\u201eEs war mir wichtig, die Bosnierinnen und Bosnier zu einer ges\u00fcnderen Ern\u00e4hrung zu bewegen und ihnen die Vorteile einer pflanzlichen Kost bewusster zu machen\u201c, erkl\u00e4rte Obucina. \u201eIch beschloss, mein eigenes veganes Restaurant in Sarajevo aufzumachen, weil das mein Leben ist.\u201c<\/p>\t\t\t<\/div>\n\t\t<\/div>\n\t<\/div>\n\n\n<div\n\tclass=\"wrapper  wrapper__bg-color--transparent  wrapper__spacing-bottom-large--10\" \n\t>\n\n\t\n\t\t\t<div class=\"wrapper__container wrapper__container-width-large--default wrapper__gutter-large--default\">\n\t\t\t<div class=\"wrapper__inner wrapper__width-large--12\">\n\t\t\t\t<p class=\"paragraph paragraph__color--secondary paragraph__size--medium paragraph__align--left paragraph__font--primary paragraph__font-weight--normal block-paragraph__paragraph\">\n\t<strong>\u201eWir werden unsere zeitgen\u00f6ssische Kunstszene st\u00e4rken\u201c<\/strong><br><br>Die Galerie Brodac ist ein kleiner Ausstellungsraum f\u00fcr zeitgen\u00f6ssische Kunst in der N\u00e4he der Ba\u0161\u010dar\u0161ija, dem Basar im historischen Stadtzentrum. Hier befand sich fr\u00fcher einmal ein Frauengef\u00e4ngnis, worauf die Gitterst\u00e4be im Logo verweisen. Geleitet wird sie von Mak Hubjer, einem engagierten selbstst\u00e4ndigen Galeristen, der ein h\u00e4ufig wechselndes Programm bietet.<\/p>\t\t\t<\/div>\n\t\t<\/div>\n\t<\/div>\n\n\n<div\n\tclass=\"wrapper wrapper--overflow wrapper__bg-color--transparent  wrapper__spacing-bottom-large--10\" \n\t>\n\n\t\n\t\t\t<div class=\"wrapper__container wrapper__container-width-large--default wrapper__gutter-large--default\">\n\t\t\t<div class=\"wrapper__inner wrapper__width-large--12 wrapper__offset-large--0\">\n\t\t\t\t\n<figure class=\"block-image-caption\">\n\t<div class=\"image-wrap block-image-caption__image-wrap\" data-align=\"center center\">\n\n\t\t\t<img\n\t\t\tsrc=\"http:\/\/tippingpoint.net\/wp-content\/uploads\/2021\/04\/makhubersachajennis_1600x900px.jpg\"\n\t\t\tclass=\"image  block-image-caption__image\"\n\t\t\talt=\"Foto: \u00a9 Sacha Jennis\"\n\t\t\/>\n\t\n\t<\/div>\t<figcaption>\n\t\t<p class=\"paragraph paragraph__color--primary paragraph__size--small paragraph__align--center paragraph__font--secondary paragraph__font-weight--normal block-image-caption__paragraph\">\n\tMak Hubjer. Foto: \u00a9SachaJennis<\/p>\t<\/figcaption>\n<\/figure>\n\t\t\t<\/div>\n\t\t<\/div>\n\t<\/div>\n\n\n<div\n\tclass=\"wrapper  wrapper__bg-color--transparent  wrapper__spacing-bottom-large--10\" \n\t>\n\n\t\n\t\t\t<div class=\"wrapper__container wrapper__container-width-large--default wrapper__gutter-large--default\">\n\t\t\t<div class=\"wrapper__inner wrapper__width-large--12\">\n\t\t\t\t<p class=\"paragraph paragraph__color--secondary paragraph__size--medium paragraph__align--left paragraph__font--primary paragraph__font-weight--normal block-paragraph__paragraph\">\n\tEr wolle \u201eM\u00f6glichkeiten der Interaktion zwischen K\u00fcnstlerinnen und K\u00fcnstlern und dem Publikum schaffen, in einem unabh\u00e4ngigen Raum, frei von jeglichem unerw\u00fcnschten politischen oder gesellschaftlichen Einfluss\u201c, so Hubjer, und dazu beitragen, \u201eunsere zeitgen\u00f6ssische Kunstszene st\u00e4rker und gr\u00f6\u00dfer zu machen \u2013 wie es ihr geb\u00fchrt\u201c.<\/p>\t\t\t<\/div>\n\t\t<\/div>\n\t<\/div>\n\n\n<div\n\tclass=\"wrapper  wrapper__bg-color--transparent  wrapper__spacing-bottom-large--10\" \n\t>\n\n\t\n\t\t\t<div class=\"wrapper__container wrapper__container-width-large--default wrapper__gutter-large--default\">\n\t\t\t<div class=\"wrapper__inner wrapper__width-large--12\">\n\t\t\t\t\n<ol class=\"block-footnotes js-footnote-list\">\n\n<\/ol>\n\t\t\t<\/div>\n\t\t<\/div>\n\t<\/div>\n\n\n<div\n\tclass=\"wrapper wrapper--overflow wrapper__bg-color--transparent  wrapper__spacing-bottom-large--10\" \n\t>\n\n\t\n\t\t\t<div class=\"wrapper__container wrapper__container-width-large--default wrapper__gutter-large--default\">\n\t\t\t<div class=\"wrapper__inner wrapper__width-large--12 wrapper__offset-large--0\">\n\t\t\t\t\n<figure class=\"block-image-caption\">\n\t<div class=\"image-wrap block-image-caption__image-wrap\" data-align=\"center center\">\n\n\t\t\t<img\n\t\t\tsrc=\"http:\/\/tippingpoint.net\/wp-content\/uploads\/2021\/04\/nebojsasavicsachajennis_1600x900px.jpg\"\n\t\t\tclass=\"image  block-image-caption__image\"\n\t\t\talt=\"Foto: \u00a9 Sacha Jennis\"\n\t\t\/>\n\t\n\t<\/div>\t<figcaption>\n\t\t<p class=\"paragraph paragraph__color--primary paragraph__size--small paragraph__align--center paragraph__font--secondary paragraph__font-weight--normal block-image-caption__paragraph\">\n\tNebojsa Savic. Foto: \u00a9Sacha Jennis<\/p>\t<\/figcaption>\n<\/figure>\n\t\t\t<\/div>\n\t\t<\/div>\n\t<\/div>\n\n\n<div\n\tclass=\"wrapper  wrapper__bg-color--transparent  wrapper__spacing-bottom-large--10\" \n\t>\n\n\t\n\t\t\t<div class=\"wrapper__container wrapper__container-width-large--default wrapper__gutter-large--default\">\n\t\t\t<div class=\"wrapper__inner wrapper__width-large--12\">\n\t\t\t\t<p class=\"paragraph paragraph__color--secondary paragraph__size--medium paragraph__align--left paragraph__font--primary paragraph__font-weight--normal block-paragraph__paragraph\">\n\t\u201eGerade jetzt geht es der Finanz- und Gesch\u00e4ftswelt nicht besonders gut\u201c, meinte er. \u201eAber selbst in diesen schwierigen Zeiten kommen wir zur Arbeit, genie\u00dfen das Leben und l\u00e4cheln!\u201c<\/p>\t\t\t<\/div>\n\t\t<\/div>\n\t<\/div>\n\n\n<div\n\tclass=\"wrapper  wrapper__bg-color--transparent  wrapper__spacing-bottom-large--10\" \n\t>\n\n\t\n\t\t\t<div class=\"wrapper__container wrapper__container-width-large--default wrapper__gutter-large--default\">\n\t\t\t<div class=\"wrapper__inner wrapper__width-large--12\">\n\t\t\t\t<p class=\"paragraph paragraph__color--secondary paragraph__size--medium paragraph__align--left paragraph__font--primary paragraph__font-weight--normal block-paragraph__paragraph\">\n\t<em>Original auf Englisch. Erstmals publiziert am\u00a026. August 2020 auf\u00a0<a href=\"https:\/\/balkaninsight.com\/2020\/08\/26\/we-love-sarajevo-independent-entrepreneurs-who-refuse-to-quit-bosnia\/\" target=\"_blank\" rel=\"noopener\">Reportingdemocracy.org<\/a>, einer journalistischen Plattform des Balkan Investigative Reporting Network.<\/em><br><em>Aus dem Englischen von\u00a0<a href=\"http:\/\/www.wordpool.at\/\" target=\"_blank\" rel=\"noopener\">Barbara Maya<\/a>.<\/em><br><br><em>Dieser Text ist urheberrechtlich gesch\u00fctzt:\u00a9 Sacha Jennis. Bei Interesse an Wiederver\u00f6ffentlichung bitten wir um Kontaktaufnahme mit der\u00a0<a href=\"http:\/\/magazine.erstestiftung.org\/de\/erste-stiftung\/impressum\/\" target=\"_blank\" rel=\"noopener\">Redaktion<\/a>.<br>Urheberrechtliche Angaben zu Bildern, Grafiken und Videos sind direkt bei den Abbildungen vermerkt. Titelbild: \u00a9 Sacha Jennis.<\/em><\/p>\t\t\t<\/div>\n\t\t<\/div>\n\t<\/div>\n","protected":false},"excerpt":{"rendered":"<p>Selbstst\u00e4ndige Unternehmer, die an Bosnien glauben<\/p>\n","protected":false},"author":1,"featured_media":2631,"comment_status":"closed","ping_status":"closed","sticky":false,"template":"","format":"standard","meta":{"footnotes":""},"categories":[299,436],"tags":[270,293,449,402],"formats":[],"acf":[],"_links":{"self":[{"href":"https:\/\/tippingpoint.net\/de\/wp-json\/wp\/v2\/posts\/3749"}],"collection":[{"href":"https:\/\/tippingpoint.net\/de\/wp-json\/wp\/v2\/posts"}],"about":[{"href":"https:\/\/tippingpoint.net\/de\/wp-json\/wp\/v2\/types\/post"}],"author":[{"embeddable":true,"href":"https:\/\/tippingpoint.net\/de\/wp-json\/wp\/v2\/users\/1"}],"replies":[{"embeddable":true,"href":"https:\/\/tippingpoint.net\/de\/wp-json\/wp\/v2\/comments?post=3749"}],"version-history":[{"count":3,"href":"https:\/\/tippingpoint.net\/de\/wp-json\/wp\/v2\/posts\/3749\/revisions"}],"predecessor-version":[{"id":4950,"href":"https:\/\/tippingpoint.net\/de\/wp-json\/wp\/v2\/posts\/3749\/revisions\/4950"}],"wp:featuredmedia":[{"embeddable":true,"href":"https:\/\/tippingpoint.net\/de\/wp-json\/wp\/v2\/media\/2631"}],"wp:attachment":[{"href":"https:\/\/tippingpoint.net\/de\/wp-json\/wp\/v2\/media?parent=3749"}],"wp:term":[{"taxonomy":"category","embeddable":true,"href":"https:\/\/tippingpoint.net\/de\/wp-json\/wp\/v2\/categories?post=3749"},{"taxonomy":"post_tag","embeddable":true,"href":"https:\/\/tippingpoint.net\/de\/wp-json\/wp\/v2\/tags?post=3749"},{"taxonomy":"format","embeddable":true,"href":"https:\/\/tippingpoint.net\/de\/wp-json\/wp\/v2\/formats?post=3749"}],"curies":[{"name":"wp","href":"https:\/\/api.w.org\/{rel}","templated":true}]}}