{"id":3742,"date":"2020-12-22T00:00:00","date_gmt":"2020-12-22T00:00:00","guid":{"rendered":"https:\/\/erste-foundation.byinfinum.co\/europas-sanktionsdilemma\/"},"modified":"2021-07-06T13:31:54","modified_gmt":"2021-07-06T13:31:54","slug":"europas-sanktionsdilemma","status":"publish","type":"post","link":"https:\/\/tippingpoint.net\/de\/europas-sanktionsdilemma\/","title":{"rendered":"Europas Sanktionsdilemma"},"content":{"rendered":"<div\n\tclass=\"wrapper  wrapper__bg-color--transparent  wrapper__spacing-bottom-large--10\" \n\t>\n\n\t\n\t\t\t<div class=\"wrapper__container wrapper__container-width-large--default wrapper__gutter-large--default\">\n\t\t\t<div class=\"wrapper__inner wrapper__width-large--12\">\n\t\t\t\t<p class=\"paragraph paragraph__color--secondary paragraph__size--medium paragraph__align--left paragraph__font--primary paragraph__font-weight--normal block-paragraph__paragraph\">\n\t<strong>W\u00e4hrend sich die EU daranmacht, ihre Finanzhilfen an strengere Auflagen zu kn\u00fcpfen, untersucht BIRN die politischen und wirtschaftlichen Risiken m\u00f6glicher Finanzsanktionen gegen Ungarn.<\/strong><\/p>\t\t\t<\/div>\n\t\t<\/div>\n\t<\/div>\n\n\n<div\n\tclass=\"wrapper  wrapper__bg-color--transparent  wrapper__spacing-bottom-large--10\" \n\t>\n\n\t\n\t\t\t<div class=\"wrapper__container wrapper__container-width-large--default wrapper__gutter-large--default\">\n\t\t\t<div class=\"wrapper__inner wrapper__width-large--12\">\n\t\t\t\t<p class=\"paragraph paragraph__color--secondary paragraph__size--medium paragraph__align--left paragraph__font--primary paragraph__font-weight--normal block-paragraph__paragraph\">\n\tIn der EU wird derzeit \u00fcber die Schaffung eines Mechanismus debattiert, der es der Union erm\u00f6glichen soll, ihre Zahlungen an Mitgliedstaaten bei Verst\u00f6\u00dfen gegen die Rechtsstaatlichkeit auszusetzen. Dieser Mechanismus richtet sich speziell gegen Verst\u00f6\u00dfe, die Einfluss auf die finanziellen Interessen der EU haben \u2013 sprich F\u00e4lle, in denen EU-Gelder gestohlen oder systematisch missbraucht werden.<\/p>\t\t\t<\/div>\n\t\t<\/div>\n\t<\/div>\n\n\n<div\n\tclass=\"wrapper  wrapper__bg-color--transparent  wrapper__spacing-bottom-large--10\" \n\t>\n\n\t\n\t\t\t<div class=\"wrapper__container wrapper__container-width-large--default wrapper__gutter-large--default\">\n\t\t\t<div class=\"wrapper__inner wrapper__width-large--12\">\n\t\t\t\t<p class=\"paragraph paragraph__color--secondary paragraph__size--medium paragraph__align--left paragraph__font--primary paragraph__font-weight--normal block-paragraph__paragraph\">\n\tWie die Diskussionen ausgehen werden, bleibt ungewiss, das Ziel ist jedoch klar. Der nationalkonservativen Regierung des ungarischen Ministerpr\u00e4sidenten Viktor Orb\u00e1n wird aufgrund der Verfassungs\u00e4nderungen, des neuen Medienrechts und der Wahlrechtsreform seit 2012 vorgehalten, sich der Verletzung der Rechtsstaatlichkeit im besonderen Ma\u00dfe schuldig gemacht zu haben. Wie aus einem\u00a0<a href=\"https:\/\/ec.europa.eu\/anti-fraud\/sites\/antifraud\/files\/olaf_report_2019_en.pdf\" target=\"_blank\" rel=\"noopener\"><span style=\"font-weight: 400\">Bericht des Europ\u00e4ischen Amts f\u00fcr Betrugsbek\u00e4mpfung OLAF aus dem Jahr 2019<\/span><\/a><span style=\"font-weight: 400\"> hervorgeht, wurde in Ungarn obendrein das h\u00f6chste Ausma\u00df an finanziellen Unregelm\u00e4\u00dfigkeiten im Umgang mit EU-Mitteln festgestellt. Zu den Hauptbeg\u00fcnstigten von EU-F\u00f6rderungen z\u00e4hlen in Ungarn Unternehmen im Besitz von Gesch\u00e4ftsleuten, die Orb\u00e1ns Fidesz-Partei nahestehen.<\/span><\/p>\t\t\t<\/div>\n\t\t<\/div>\n\t<\/div>\n\n\n<div\n\tclass=\"wrapper  wrapper__bg-color--transparent  wrapper__spacing-bottom-large--10\" \n\t>\n\n\t\n\t\t\t<div class=\"wrapper__container wrapper__container-width-large--default wrapper__gutter-large--default\">\n\t\t\t<div class=\"wrapper__inner wrapper__width-large--12\">\n\t\t\t\t<p class=\"paragraph paragraph__color--secondary paragraph__size--medium paragraph__align--left paragraph__font--primary paragraph__font-weight--normal block-paragraph__paragraph\">\n\tDoch w\u00e4hrend die EU an einem Mechanismus arbeitet, um die Auszahlung von EU-Geldern an ihre Mitgliedstaaten an die Einhaltung der Rechtstaatlichkeit zu kn\u00fcpfen, steht sie selbst vor einem Dilemma, das Weltm\u00e4chten, die internationale Sanktionen verh\u00e4ngen wollen, nicht unbekannt ist: Wie kann man die Regierung eines Landes, aber nicht die Bev\u00f6lkerung und die Opposition bestrafen?<\/p>\t\t\t<\/div>\n\t\t<\/div>\n\t<\/div>\n\n\n<div\n\tclass=\"wrapper  wrapper__bg-color--transparent  wrapper__spacing-bottom-large--10\" \n\t>\n\n\t\n\t\t\t<div class=\"wrapper__container wrapper__container-width-large--default wrapper__gutter-large--default\">\n\t\t\t<div class=\"wrapper__inner wrapper__width-large--12\">\n\t\t\t\t<p class=\"paragraph paragraph__color--secondary paragraph__size--medium paragraph__align--left paragraph__font--primary paragraph__font-weight--normal block-paragraph__paragraph\">\n\tDieser Artikel des Balkan Investigative Reporting Network (BIRN) zeigt auf, wie finanzielle Sanktionen nicht nur der ungarischen Regierung, sondern auch den pro-europ\u00e4ischen Oppositionsparteien schaden k\u00f6nnten, die seit einer dramatischen Wahl im vergangenen Jahr St\u00e4dte und Gemeinden im ganzen Land dominieren. Viele dieser Kommunalverwaltungen finanzieren wichtige, wenn auch unspektakul\u00e4re Projekte mit Geldern der EU \u2013 von der Instandhaltung \u00f6ffentlicher Geb\u00e4ude und Stra\u00dfen \u00fcber die Renovierung von Krankenh\u00e4usern bis zur Bereitstellung von Wohnraum f\u00fcr verarmte Bev\u00f6lkerungsgruppen wie die Roma.<\/p>\t\t\t<\/div>\n\t\t<\/div>\n\t<\/div>\n\n\n<div\n\tclass=\"wrapper  wrapper__bg-color--transparent  wrapper__spacing-bottom-large--10\" \n\t>\n\n\t\n\t\t\t<div class=\"wrapper__container wrapper__container-width-large--default wrapper__gutter-large--default\">\n\t\t\t<div class=\"wrapper__inner wrapper__width-large--12\">\n\t\t\t\t<p class=\"paragraph paragraph__color--secondary paragraph__size--medium paragraph__align--left paragraph__font--primary paragraph__font-weight--normal block-paragraph__paragraph\">\n\tW\u00e4hrend die ungarische Opposition die EU-Sanktionen gegen Orb\u00e1n nahezu ausnahmslos bef\u00fcrwortet, rechnet sie auch mit politischen Folgen der voraussichtlichen Budgetk\u00fcrzungen. \u201eNat\u00fcrlich werden die Menschen w\u00fctend auf mich sein, wenn die Projekte gestoppt werden\u201c, meinte Kl\u00e1ra Nyirati, B\u00fcrgermeisterin der liberalen Oppositionspartei Momentum in der s\u00fcdungarischen Stadt Baja, gegen\u00fcber BIRN. \u201eWenn in einer Stadt etwas schiefgeht, zieht man immer den B\u00fcrgermeister und den Polizeichef zur Verantwortung. Fast niemand hier versteht, wie [kommunale] Projekte finanziert werden.\u201c<\/p>\t\t\t<\/div>\n\t\t<\/div>\n\t<\/div>\n\n\n<div\n\tclass=\"wrapper wrapper--overflow wrapper__bg-color--transparent  wrapper__spacing-bottom-large--10\" \n\t>\n\n\t\n\t\t\t<div class=\"wrapper__container wrapper__container-width-large--default wrapper__gutter-large--default\">\n\t\t\t<div class=\"wrapper__inner wrapper__width-large--12 wrapper__offset-large--0\">\n\t\t\t\t\n<figure class=\"block-image-caption\">\n\t<div class=\"image-wrap block-image-caption__image-wrap\" data-align=\"center center\">\n\n\t\t\t<img\n\t\t\tsrc=\"http:\/\/tippingpoint.net\/wp-content\/uploads\/2021\/04\/image-one.jpg\"\n\t\t\tclass=\"image  block-image-caption__image\"\n\t\t\talt=\"Foto: \u00a9 Bea Bak\u00f3\"\n\t\t\/>\n\t\n\t<\/div>\t<figcaption>\n\t\t<p class=\"paragraph paragraph__color--primary paragraph__size--small paragraph__align--center paragraph__font--secondary paragraph__font-weight--normal block-image-caption__paragraph\">\n\tJ\u00f3zsef Baracskai, B\u00fcrgermeister der von der Opposition dominierten Stadt Zalaszentgr\u00f3t, bei einem Lokalaugenschein eines Wohnprojekts f\u00fcr Roma-Familien, das mit Hilfe der EU renoviert werden sollte. Foto: \u00a9 Bea Bak\u00f3<\/p>\t<\/figcaption>\n<\/figure>\n\t\t\t<\/div>\n\t\t<\/div>\n\t<\/div>\n\n\n<div\n\tclass=\"wrapper  wrapper__bg-color--transparent  wrapper__spacing-bottom-large--10\" \n\t>\n\n\t\n\t\t\t<div class=\"wrapper__container wrapper__container-width-large--default wrapper__gutter-large--default\">\n\t\t\t<div class=\"wrapper__inner wrapper__width-large--12\">\n\t\t\t\t<p class=\"paragraph paragraph__color--secondary paragraph__size--medium paragraph__align--left paragraph__font--primary paragraph__font-weight--normal block-paragraph__paragraph\">\n\tDie Auswirkungen der Sanktionen k\u00f6nnten zudem den Ruf der EU in Ungarn sch\u00e4digen. Die Mehrheit der Ungarinnen und Ungarn steht der Union derzeit positiv gegen\u00fcber. Viele beurteilen auch Orb\u00e1n wohlwollend \u2013 er hat immerhin drei Wahlen mit einer Zweidrittelmehrheit gewonnen. \u201eWenn diese Leute den Verlust von EU-Mitteln als Angriff auf ihren gew\u00e4hlten Regierungschef betrachten, k\u00f6nnte sich die Mehrheit gegen die EU stellen\u201c, glaubt Istv\u00e1n Ujhelyi, ein Abgeordneter der oppositionellen Sozialistischen Partei im Europ\u00e4ischen Parlament. Aus den Reihen der Fidesz ist indes zu vernehmen, dass man sich allen Versuchen einer K\u00fcrzung von EU-F\u00f6rdermitteln wegen angeblicher Verst\u00f6\u00dfe gegen die Rechtsstaatlichkeit widersetzen werde und dies als eine Form der Erpressung sieht.<\/p>\t\t\t<\/div>\n\t\t<\/div>\n\t<\/div>\n\n\n<div\n\tclass=\"wrapper  wrapper__bg-color--transparent  wrapper__spacing-bottom-large--10\" \n\t>\n\n\t\n\t\t\t<div class=\"wrapper__container wrapper__container-width-large--default wrapper__gutter-large--default\">\n\t\t\t<div class=\"wrapper__inner wrapper__width-large--12\">\n\t\t\t\t<p class=\"paragraph paragraph__color--secondary paragraph__size--medium paragraph__align--left paragraph__font--primary paragraph__font-weight--normal block-paragraph__paragraph\">\n\t<strong>\u201eWir haben keinen Plan B\u201c<\/strong><br><br>Nach zehn Jahren Orb\u00e1n-Regierung steht die EU vor dem Problem, dass ihre Forderungen nach Rechtsstaatlichkeit nur in L\u00e4ndern greifen, die der Union beitreten wollen. Sobald ein Land den Mitgliedsstatus hat, lassen sich die Werte der EU trotz ihres Anspruchs, eine \u201eWertegemeinschaft\u201c zu sein, faktisch nicht mehr durchsetzen.<\/p>\t\t\t<\/div>\n\t\t<\/div>\n\t<\/div>\n\n\n<div\n\tclass=\"wrapper  wrapper__bg-color--transparent  wrapper__spacing-bottom-large--10\" \n\t>\n\n\t\n\t\t\t<div class=\"wrapper__container wrapper__container-width-large--default wrapper__gutter-large--default\">\n\t\t\t<div class=\"wrapper__inner wrapper__width-large--12\">\n\t\t\t\t<p class=\"paragraph paragraph__color--secondary paragraph__size--medium paragraph__align--left paragraph__font--primary paragraph__font-weight--normal block-paragraph__paragraph\">\n\tNach erfolglosen Versuchen, Ungarns Abdriften in eine illiberale Richtung mit einem Verfahren nach Artikel 7 \u2013 dem offiziellen und weitgehend wirkungslosen Mechanismus der EU zur Bestrafung von Fehlverhalten von Mitgliedstaaten \u2013 zu verhindern, soll dies nun mit finanziellen Sanktionen gelingen. Die Debatte um die Einf\u00fchrung der sogenannten Rechtsstaatskonditionalit\u00e4t findet zeitgleich mit den Abschlussverhandlungen \u00fcber die Ausgestaltung des n\u00e4chsten Siebenjahresbudgets im Umfang von 1074 Milliarden Euro und eines 750 Milliarden Euro schweren Corona-Hilfspakets statt.<\/p>\t\t\t<\/div>\n\t\t<\/div>\n\t<\/div>\n\n\n<div\n\tclass=\"wrapper  wrapper__bg-color--transparent  wrapper__spacing-bottom-large--10\" \n\t>\n\n\t\n\t\t\t<div class=\"wrapper__container wrapper__container-width-large--default wrapper__gutter-large--default\">\n\t\t\t<div class=\"wrapper__inner wrapper__width-large--12\">\n\t\t\t\t<p class=\"paragraph paragraph__color--secondary paragraph__size--medium paragraph__align--left paragraph__font--primary paragraph__font-weight--normal block-paragraph__paragraph\">\n\tMit dem EU-Haushalt verf\u00fcgt die Union \u00fcber ein m\u00e4chtiges Druckmittel gegen Ungarn. Europ\u00e4ische F\u00f6rdermittel machen derzeit mehr als drei Prozent des j\u00e4hrlichen BIP Ungarns aus \u2013 das Land z\u00e4hlt somit zu den Mitgliedstaaten, die von der h\u00f6chsten F\u00f6rderung profitieren. Ein Gro\u00dfteil dieses Geldes landet bei den Kommunalregierungen. Der Politologe Gerg\u0151 Medve-B\u00e1lint vom Zentrum f\u00fcr Sozialwissenschaften in Budapest sch\u00e4tzt, dass die ungarischen Kommunalverwaltungen zwischen 2014 und 2020 etwa 5 Milliarden Euro von der EU erhalten haben, was 15 bis 20 Prozent der dem Land in diesem Zeitraum zugewiesenen Gesamtsumme entspricht.<\/p>\t\t\t<\/div>\n\t\t<\/div>\n\t<\/div>\n\n\n<div\n\tclass=\"wrapper wrapper--overflow wrapper__bg-color--transparent  wrapper__spacing-bottom-large--10\" \n\t>\n\n\t\n\t\t\t<div class=\"wrapper__container wrapper__container-width-large--default wrapper__gutter-large--default\">\n\t\t\t<div class=\"wrapper__inner wrapper__width-large--12 wrapper__offset-large--0\">\n\t\t\t\t\n<figure class=\"block-image-caption\">\n\t<div class=\"image-wrap block-image-caption__image-wrap\" data-align=\"center center\">\n\n\t\t\t<img\n\t\t\tsrc=\"http:\/\/tippingpoint.net\/wp-content\/uploads\/2021\/04\/image-two.jpg\"\n\t\t\tclass=\"image  block-image-caption__image\"\n\t\t\talt=\"Foto: \u00a9 Bea Bak\u00f3\"\n\t\t\/>\n\t\n\t<\/div>\t<figcaption>\n\t\t<p class=\"paragraph paragraph__color--primary paragraph__size--small paragraph__align--center paragraph__font--secondary paragraph__font-weight--normal block-image-caption__paragraph\">\n\tKinder\u00e4rztin Gy\u00f6ngyi Hargita (rechts) h\u00e4tte f\u00fcr ihre Praxis in Endrefalva gerne eine Schallschutzt\u00fcr. Foto: \u00a9 Bea Bak\u00f3<br><\/p>\t<\/figcaption>\n<\/figure>\n\t\t\t<\/div>\n\t\t<\/div>\n\t<\/div>\n\n\n<div\n\tclass=\"wrapper  wrapper__bg-color--transparent  wrapper__spacing-bottom-large--10\" \n\t>\n\n\t\n\t\t\t<div class=\"wrapper__container wrapper__container-width-large--default wrapper__gutter-large--default\">\n\t\t\t<div class=\"wrapper__inner wrapper__width-large--12\">\n\t\t\t\t<p class=\"paragraph paragraph__color--secondary paragraph__size--medium paragraph__align--left paragraph__font--primary paragraph__font-weight--normal block-paragraph__paragraph\">\n\tBesonders wichtig sind die Finanzhilfen der EU f\u00fcr die vielen kleinen Gemeinden und St\u00e4dte Ungarns, die \u00fcber keinen hochentwickelten Produktions- oder Tourismussektor verf\u00fcgen. Die Einnahmen aus den Kommunalsteuern und die Mittel der Zentralregierung k\u00f6nnen laut Istv\u00e1n Finta, Jurist und \u00d6konom am Zentrum f\u00fcr Wirtschafts- und Regionalforschung der Ungarischen Akademie der Wissenschaften, dort bestenfalls die laufenden Aufwendungen decken. \u201eWenn sie nicht um EU-F\u00f6rdermittel ansuchen k\u00f6nnen, werden ihre Entwicklungschancen schwinden\u201c, erkl\u00e4rte er BIRN.<\/p>\t\t\t<\/div>\n\t\t<\/div>\n\t<\/div>\n\n\n<div\n\tclass=\"wrapper  wrapper__bg-color--transparent  wrapper__spacing-bottom-large--10\" \n\t>\n\n\t\n\t\t\t<div class=\"wrapper__container wrapper__container-width-large--default wrapper__gutter-large--default\">\n\t\t\t<div class=\"wrapper__inner wrapper__width-large--12\">\n\t\t\t\t<p class=\"paragraph paragraph__color--secondary paragraph__size--medium paragraph__align--left paragraph__font--primary paragraph__font-weight--normal block-paragraph__paragraph\">\n\tB\u00fcrgermeisterin Nyirati aus Baja erz\u00e4hlte BIRN, sie hoffe auf EU-F\u00f6rdermittel f\u00fcr die Renovierung \u00f6ffentlicher Bereiche. Die 34.000 Einwohner z\u00e4hlende Stadt, die an der Donau liegt und f\u00fcr ihre Fischsuppe ber\u00fchmt ist, h\u00e4tte einen sehr h\u00fcbschen Hauptplatz, m\u00fcsste er nicht als Parkplatz herhalten. Wenige H\u00e4userblocks vom historischen Zentrum entfernt sind die Stra\u00dfen in einem derart desolaten Zustand, dass Rollstuhlfahrer und Eltern mit Kinderwagen mitunter verzweifeln.<\/p>\t\t\t<\/div>\n\t\t<\/div>\n\t<\/div>\n\n\n<div\n\tclass=\"wrapper  wrapper__bg-color--transparent  wrapper__spacing-bottom-large--10\" \n\t>\n\n\t\n\t\t\t<div class=\"wrapper__container wrapper__container-width-large--default wrapper__gutter-large--default\">\n\t\t\t<div class=\"wrapper__inner wrapper__width-large--12\">\n\t\t\t\t<p class=\"paragraph paragraph__color--secondary paragraph__size--medium paragraph__align--left paragraph__font--primary paragraph__font-weight--normal block-paragraph__paragraph\">\n\tNyirati ist Mitglied der liberalen Partei Momentum und wurde im Oktober 2019 ins Amt gew\u00e4hlt. Von der Fidesz-Vorg\u00e4ngerregierung erbte sie stapelweise nicht abgeschlossene EU-finanzierte Klein- und Gro\u00dfprojekte. Die europ\u00e4ischen F\u00f6rdermittel f\u00fcr die gr\u00f6\u00dferen Projekte, darunter ein neuer Marktplatz und ein Industriepark, w\u00fcrden sich laut Nyirati auf 11 bis 14 Millionen Euro belaufen \u2013 was in etwa der H\u00e4lfte des Jahresbudgets der Stadt entspricht. \u201eSollten die Zahlungen der EU ausgesetzt werden, werden wir keines davon abschlie\u00dfen k\u00f6nnen und kein Geld f\u00fcr Entwicklungsprojekte haben\u201c, erkl\u00e4rte sie BIRN.<\/p>\t\t\t<\/div>\n\t\t<\/div>\n\t<\/div>\n\n\n<div\n\tclass=\"wrapper  wrapper__bg-color--transparent  wrapper__spacing-bottom-large--10\" \n\t>\n\n\t\n\t\t\t<div class=\"wrapper__container wrapper__container-width-large--default wrapper__gutter-large--default\">\n\t\t\t<div class=\"wrapper__inner wrapper__width-large--12\">\n\t\t\t\t<p class=\"paragraph paragraph__color--secondary paragraph__size--medium paragraph__align--left paragraph__font--primary paragraph__font-weight--normal block-paragraph__paragraph\">\n\tIn der Ortschaft Endrefalva, 110 Kilometer nord\u00f6stlich von Budapest, hat die EU 350.000 Euro Unterst\u00fctzung f\u00fcr den Bau eines neuen Gesundheitszentrums zugesagt, die das heruntergekommene Geb\u00e4ude ersetzen soll, das derzeit der medizinischen Versorgung von rund 1200 Menschen dient. Da es keinen niedergelassenen Arzt gibt, wird die bestehende Einrichtung auf Teilzeitbasis betrieben und von verschiedenen \u00c4rztinnen und \u00c4rzten aus der Umgebung besetzt.<\/p>\t\t\t<\/div>\n\t\t<\/div>\n\t<\/div>\n\n\n<div\n\tclass=\"wrapper wrapper--overflow wrapper__bg-color--transparent  wrapper__spacing-bottom-large--10\" \n\t>\n\n\t\n\t\t\t<div class=\"wrapper__container wrapper__container-width-large--default wrapper__gutter-large--default\">\n\t\t\t<div class=\"wrapper__inner wrapper__width-large--12 wrapper__offset-large--0\">\n\t\t\t\t\n<figure class=\"block-image-caption\">\n\t<div class=\"image-wrap block-image-caption__image-wrap\" data-align=\"center center\">\n\n\t\t\t<img\n\t\t\tsrc=\"http:\/\/tippingpoint.net\/wp-content\/uploads\/2021\/04\/image-three.jpg\"\n\t\t\tclass=\"image  block-image-caption__image\"\n\t\t\talt=\"Foto: \u00a9 Bea Bak\u00f3\"\n\t\t\/>\n\t\n\t<\/div>\t<figcaption>\n\t\t<p class=\"paragraph paragraph__color--primary paragraph__size--small paragraph__align--center paragraph__font--secondary paragraph__font-weight--normal block-image-caption__paragraph\">\n\tWie viele Gemeinden in ganz Ungarn ist Endrefalva f\u00fcr die Instandhaltung und Modernisierung st\u00e4dtischer Einrichtungen auf EU-Mittel angewiesen. Foto: \u00a9 Bea Bak\u00f3<\/p>\t<\/figcaption>\n<\/figure>\n\t\t\t<\/div>\n\t\t<\/div>\n\t<\/div>\n\n\n<div\n\tclass=\"wrapper  wrapper__bg-color--transparent  wrapper__spacing-bottom-large--10\" \n\t>\n\n\t\n\t\t\t<div class=\"wrapper__container wrapper__container-width-large--default wrapper__gutter-large--default\">\n\t\t\t<div class=\"wrapper__inner wrapper__width-large--12\">\n\t\t\t\t\n<ol class=\"block-footnotes js-footnote-list\">\n\n<\/ol>\n\t\t\t<\/div>\n\t\t<\/div>\n\t<\/div>\n\n\n<div\n\tclass=\"wrapper  wrapper__bg-color--transparent  wrapper__spacing-bottom-large--10\" \n\t>\n\n\t\n\t\t\t<div class=\"wrapper__container wrapper__container-width-large--default wrapper__gutter-large--default\">\n\t\t\t<div class=\"wrapper__inner wrapper__width-large--12\">\n\t\t\t\t<p class=\"paragraph paragraph__color--secondary paragraph__size--medium paragraph__align--left paragraph__font--primary paragraph__font-weight--normal block-paragraph__paragraph\">\n\t<strong>Finanzielles Druckmittel<\/strong><br><br>Stadtverwaltungen, die sich um EU-F\u00f6rdermittel bem\u00fchen, beantragen diese nicht direkt in Br\u00fcssel, sondern beim ungarischen Finanzministerium in Budapest. Diese Regelung hat nichts mit Orb\u00e1ns vermeintlich autorit\u00e4rem Regierungsstil zu tun, sondern ist vielmehr EU-weit g\u00e4ngige Praxis: Die meisten Mitgliedstaaten haben f\u00fcr die Abwicklung ihrer F\u00f6rderantr\u00e4ge eine zentrale Stelle im eigenen Land.<\/p>\t\t\t<\/div>\n\t\t<\/div>\n\t<\/div>\n\n\n<div\n\tclass=\"wrapper  wrapper__bg-color--transparent  wrapper__spacing-bottom-large--10\" \n\t>\n\n\t\n\t\t\t<div class=\"wrapper__container wrapper__container-width-large--default wrapper__gutter-large--default\">\n\t\t\t<div class=\"wrapper__inner wrapper__width-large--12\">\n\t\t\t\t<p class=\"paragraph paragraph__color--secondary paragraph__size--medium paragraph__align--left paragraph__font--primary paragraph__font-weight--normal block-paragraph__paragraph\">\n\tSobald eine EU-F\u00f6rderung f\u00fcr ein Projekt zugesagt ist, erfolgt die Auszahlung in der Regel aus dem Budget des Mitgliedstaates und erst sp\u00e4ter von der EU. \u201eDie Mitgliedstaaten finanzieren diese Projekte praktisch mit ihrem eigenen Budget, weil die Europ\u00e4ische Kommission erst dann zahlt, wenn das Projekt abgeschlossen ist und die Rechnungen nach Br\u00fcssel geschickt wurden\u201c, erkl\u00e4rte Gerg\u0151 Medve-B\u00e1lint vom Zentrum f\u00fcr Sozialwissenschaften gegen\u00fcber BIRN. Er f\u00fcgte hinzu, dass die Kommunalverwaltungen oft nicht w\u00fcssten, dass das \u201evorl\u00e4ufige Defizit vom Zentralhaushalt \u00fcbernommen wird\u201c.<\/p>\t\t\t<\/div>\n\t\t<\/div>\n\t<\/div>\n\n\n<div\n\tclass=\"wrapper  wrapper__bg-color--transparent  wrapper__spacing-bottom-large--10\" \n\t>\n\n\t\n\t\t\t<div class=\"wrapper__container wrapper__container-width-large--default wrapper__gutter-large--default\">\n\t\t\t<div class=\"wrapper__inner wrapper__width-large--12\">\n\t\t\t\t<p class=\"paragraph paragraph__color--secondary paragraph__size--medium paragraph__align--left paragraph__font--primary paragraph__font-weight--normal block-paragraph__paragraph\">\n\tSomit fungiert die Zentralregierung sowohl als Vermittlerin f\u00fcr EU-F\u00f6rderantr\u00e4ge als auch als Garant f\u00fcr die Zwischenfinanzierung bis zur \u00dcberweisung des Geldes aus Br\u00fcssel. Dank dieses Systems hat die Zentralregierung die Oberhand \u00fcber die lokalen Verwaltungseinheiten, die Finanzmittel ben\u00f6tigen. K\u00f6nnte Fidesz versucht sein, ihren Einfluss f\u00fcr politische Zwecke zu nutzen, wenn Ungarn keine F\u00f6rdermittel von der EU mehr erh\u00e4lt?<\/p>\t\t\t<\/div>\n\t\t<\/div>\n\t<\/div>\n\n\n<div\n\tclass=\"wrapper wrapper--overflow wrapper__bg-color--transparent  wrapper__spacing-bottom-large--10\" \n\t>\n\n\t\n\t\t\t<div class=\"wrapper__container wrapper__container-width-large--default wrapper__gutter-large--default\">\n\t\t\t<div class=\"wrapper__inner wrapper__width-large--12 wrapper__offset-large--0\">\n\t\t\t\t\n<figure class=\"block-image-caption\">\n\t<div class=\"image-wrap block-image-caption__image-wrap\" data-align=\"center center\">\n\n\t\t\t<img\n\t\t\tsrc=\"http:\/\/tippingpoint.net\/wp-content\/uploads\/2021\/04\/image-four.jpg\"\n\t\t\tclass=\"image  block-image-caption__image\"\n\t\t\talt=\"Foto: \u00a9 Bea Bak\u00f3\"\n\t\t\/>\n\t\n\t<\/div>\t<figcaption>\n\t\t<p class=\"paragraph paragraph__color--primary paragraph__size--small paragraph__align--center paragraph__font--secondary paragraph__font-weight--normal block-image-caption__paragraph\">\n\tRoma-Familien am Stadtrand von Zalaszentgr\u00f3t warten seit Jahren auf die Renovierung ihrer heruntergekommenen Wohnungen und H\u00e4user. Foto: \u00a9 Bea Bak\u00f3<br><\/p>\t<\/figcaption>\n<\/figure>\n\t\t\t<\/div>\n\t\t<\/div>\n\t<\/div>\n\n\n<div\n\tclass=\"wrapper  wrapper__bg-color--transparent  wrapper__spacing-bottom-large--10\" \n\t>\n\n\t\n\t\t\t<div class=\"wrapper__container wrapper__container-width-large--default wrapper__gutter-large--default\">\n\t\t\t<div class=\"wrapper__inner wrapper__width-large--12\">\n\t\t\t\t<p class=\"paragraph paragraph__color--secondary paragraph__size--medium paragraph__align--left paragraph__font--primary paragraph__font-weight--normal block-paragraph__paragraph\">\n\tBislang scheint es Fidesz vermieden zu haben, den Zugang der von der Opposition dominierten Gemeinden zu EU-Geldern einzuschr\u00e4nken. Den von BIRN befragten Oppositionspolitikerinnen und -politikern zufolge habe die Zentralregierung die Zahlungen nicht gestoppt, obwohl Gemeinden, die von Fidesz kontrolliert werden, ihrer Meinung nach oft gro\u00dfz\u00fcgiger bedacht werden. \u201eDas mag aus meinem Mund \u00fcberraschend klingen, aber im Grunde arbeiten wir gut mit dem Finanzministerium zusammen, wir haben bei vielen Ausschreibungen f\u00fcr wichtige Projekte den Zuschlag erhalten\u201c, erkl\u00e4rte J\u00f3zsef Baracskai von der linksliberalen Demokratischen Koalition gegen\u00fcber BIRN. Seit zehn Jahren ist Baracskai B\u00fcrgermeister von Zalaszentgr\u00f3t, einer 6.000-Seelen-Stadt in Westungarn. Bei einem Rundgang durch das Stadtzentrum zeigte er BIRN mehrere Geb\u00e4ude, darunter das Rathaus, die mit EU-Mitteln gef\u00f6rdert worden waren.<\/p>\t\t\t<\/div>\n\t\t<\/div>\n\t<\/div>\n\n\n<div\n\tclass=\"wrapper  wrapper__bg-color--transparent  wrapper__spacing-bottom-large--10\" \n\t>\n\n\t\n\t\t\t<div class=\"wrapper__container wrapper__container-width-large--default wrapper__gutter-large--default\">\n\t\t\t<div class=\"wrapper__inner wrapper__width-large--12\">\n\t\t\t\t<p class=\"paragraph paragraph__color--secondary paragraph__size--medium paragraph__align--left paragraph__font--primary paragraph__font-weight--normal block-paragraph__paragraph\">\n\tDie Beziehungen zu Budapest seien jedoch nicht immer ganz reibungslos verlaufen. Baracskais Aussagen zufolge habe das Finanzministerium mehr als drei Jahre f\u00fcr die Abwicklung eines Antrags auf EU-Projektfinanzierung gebraucht. Es geht um die Renovierung eines Geb\u00e4udes am Stadtrand von Zalaszentgr\u00f3t, in dem Roma-Familien untergebracht sind. Das Geb\u00e4ude verf\u00fcgt \u00fcber keine ad\u00e4quate Kanalisation und Heizung \u2013 geheizt wird nach wie vor mit Holz\u00f6fen. Baracskai erz\u00e4hlte BIRN, dass er bereits 2016 um einen Zuschuss von 400.000 Euro angesucht habe, dieser aber erst k\u00fcrzlich genehmigt worden sei. In der Zwischenzeit, so Baracskai, seien die gesch\u00e4tzten Kosten f\u00fcr das Projekt gestiegen.<\/p>\t\t\t<\/div>\n\t\t<\/div>\n\t<\/div>\n\n\n<div\n\tclass=\"wrapper  wrapper__bg-color--transparent  wrapper__spacing-bottom-large--10\" \n\t>\n\n\t\n\t\t\t<div class=\"wrapper__container wrapper__container-width-large--default wrapper__gutter-large--default\">\n\t\t\t<div class=\"wrapper__inner wrapper__width-large--12\">\n\t\t\t\t<p class=\"paragraph paragraph__color--secondary paragraph__size--medium paragraph__align--left paragraph__font--primary paragraph__font-weight--normal block-paragraph__paragraph\">\n\tAngesichts des Umfangs der mittlerweile notwendigen Arbeiten pr\u00fcfe er nun die M\u00f6glichkeit, die Bewohnerinnen und Bewohner in einem anderen Geb\u00e4ude unterzubringen, anstatt das derzeit bewohnte Haus zu renovieren. Eine dort lebende Romni, die nicht namentlich genannt werden wollte, sagte, sie w\u00fcrde nicht bleiben wollen, selbst wenn die Renovierungsarbeiten fortgesetzt w\u00fcrden. \u201eMan kann hier kein normales Leben f\u00fchren, egal wie sehr man es auch versucht\u201c, sagte sie zu BIRN.<\/p>\t\t\t<\/div>\n\t\t<\/div>\n\t<\/div>\n\n\n<div\n\tclass=\"wrapper  wrapper__bg-color--transparent  wrapper__spacing-bottom-large--10\" \n\t>\n\n\t\n\t\t\t<div class=\"wrapper__container wrapper__container-width-large--default wrapper__gutter-large--default\">\n\t\t\t<div class=\"wrapper__inner wrapper__width-large--12\">\n\t\t\t\t<p class=\"paragraph paragraph__color--secondary paragraph__size--medium paragraph__align--left paragraph__font--primary paragraph__font-weight--normal block-paragraph__paragraph\">\n\t<strong>\u201eB\u00f6se EU bestraft Ungarn\u201c<\/strong><br><br>Auch wenn nichts darauf hindeutet, dass das Projekt in Zalaszentgr\u00f3t aus politischen Gr\u00fcnden aufgeschoben wurde, machen solche Verz\u00f6gerungen deutlich, wie sehr lokale Regierungsprogramme von der Unterst\u00fctzung aus Budapest abh\u00e4ngen, selbst wenn die Finanzierung seitens der EU sichergestellt ist. Experten zufolge k\u00f6nnten Projekte wie die Umsiedlung der Roma auf der Strecke bleiben, wenn diese Finanzierung gestrichen w\u00fcrde.<\/p>\t\t\t<\/div>\n\t\t<\/div>\n\t<\/div>\n\n\n<div\n\tclass=\"wrapper  wrapper__bg-color--transparent  wrapper__spacing-bottom-large--10\" \n\t>\n\n\t\n\t\t\t<div class=\"wrapper__container wrapper__container-width-large--default wrapper__gutter-large--default\">\n\t\t\t<div class=\"wrapper__inner wrapper__width-large--12\">\n\t\t\t\t<p class=\"paragraph paragraph__color--secondary paragraph__size--medium paragraph__align--left paragraph__font--primary paragraph__font-weight--normal block-paragraph__paragraph\">\n\tIm Falle von Sanktionen w\u00fcrde die Zentralregierung wahrscheinlich Mittel f\u00fcr \u201ewichtige Infrastrukturprojekte\u201c abzweigen und diese weiterhin, soweit leistbar, \u00fcber den zentralen Haushalt vorfinanzieren, meinte Gerg\u0151 Medve-B\u00e1lint vom Zentrum f\u00fcr Sozialwissenschaften gegen\u00fcber BIRN. \u201eWas jedoch unbedeutendere Bereiche betrifft, wie die soziale Integration in benachteiligten Gebieten, ist dies eher unwahrscheinlich.\u201c<\/p>\t\t\t<\/div>\n\t\t<\/div>\n\t<\/div>\n\n\n<div\n\tclass=\"wrapper  wrapper__bg-color--transparent  wrapper__spacing-bottom-large--10\" \n\t>\n\n\t\n\t\t\t<div class=\"wrapper__container wrapper__container-width-large--default wrapper__gutter-large--default\">\n\t\t\t<div class=\"wrapper__inner wrapper__width-large--12\">\n\t\t\t\t<p class=\"paragraph paragraph__color--secondary paragraph__size--medium paragraph__align--left paragraph__font--primary paragraph__font-weight--normal block-paragraph__paragraph\">\n\tEs ist jedoch sehr wahrscheinlich, dass Fidesz versuchen wird, aus etwaigen Sanktionen politisches Kapital zu schlagen und sie dazu zu nutzen, die Opposition und die EU zu diskreditieren. Die B\u00fcrgermeisterinnen und B\u00fcrgermeister der von der Opposition kontrollierten Gemeinden, denen die Mittel f\u00fcr den Abschluss von Projekten fehlen, k\u00f6nnten ohne Weiteres als inkompetent hingestellt werden. Wie Zolt\u00e1n Vasali, Politologe am IDEA-Institut, einem in Budapest ans\u00e4ssigen Thinktank, gegen\u00fcber BIRN erkl\u00e4rte, sei es denkbar, dass Sanktionen als Werk einer \u201eb\u00f6sen EU, die die Ungarn aus politischen Gr\u00fcnden bestraft\u201c dargestellt werden.<\/p>\t\t\t<\/div>\n\t\t<\/div>\n\t<\/div>\n\n\n<div class=\"embed-code\">\n<div class=\"infogram-embed\" data-id=\"54729070-9fac-4116-9f2d-5b84e0fe7cbe\" data-type=\"interactive\" data-title=\"eu-s penzek magyarok\"><\/div>\n<p><script>!function(e,i,n,s){var t=\"InfogramEmbeds\",d=e.getElementsByTagName(\"script\")[0];if(window[t]&&window[t].initialized)window[t].process&&window[t].process();else if(!e.getElementById(n)){var o=e.createElement(\"script\");o.async=1,o.id=n,o.src=\"https:\/\/e.infogram.com\/js\/dist\/embed-loader-min.js\",d.parentNode.insertBefore(o,d)}}(document,0,\"infogram-async\");<\/script><\/p>\n<div style=\"padding:8px 0;font-family:Arial!important;font-size:13px!important;line-height:15px!important;text-align:center;border-top:1px solid #dadada;margin:0 30px\"><a href=\"https:\/\/infogram.com\/54729070-9fac-4116-9f2d-5b84e0fe7cbe\" style=\"color:#989898!important;text-decoration:none!important;\" target=\"_blank\" rel=\"noopener\">eu-s penzek magyarok<\/a><br><a href=\"https:\/\/infogram.com\" style=\"color:#989898!important;text-decoration:none!important;\" target=\"_blank\" rel=\"nofollow noopener\">Infogram<\/a><\/div>\n<\/div>\n\n<div\n\tclass=\"wrapper  wrapper__bg-color--transparent  wrapper__spacing-bottom-large--10\" \n\t>\n\n\t\n\t\t\t<div class=\"wrapper__container wrapper__container-width-large--default wrapper__gutter-large--default\">\n\t\t\t<div class=\"wrapper__inner wrapper__width-large--12\">\n\t\t\t\t<p class=\"paragraph paragraph__color--secondary paragraph__size--medium paragraph__align--left paragraph__font--primary paragraph__font-weight--normal block-paragraph__paragraph\">\n\tDas Finanzministerium in Budapest reagierte nicht auf Fragen seitens BIRN, was man im Falle von Sanktionen zu tun gedenke. Obwohl das Ministerium \u00fcber einen f\u00fcr die Kontrolle der Mittelverwendung zust\u00e4ndigen Staatssekret\u00e4r verf\u00fcgt, teilte ein Pressesprecher des Ministeriums BIRN in einem Telefongespr\u00e4ch mit, dass man in dieser Angelegenheit keine Verantwortung trage. Es liegen weitere Gr\u00fcnde f\u00fcr die Vermutung vor, dass Fidesz finanzielle Hebel ansetzen wird, um die Opposition zu schw\u00e4chen, sollten Sanktionen verh\u00e4ngt werden. Erkennbar sei dies an Fidesz\u2018 anma\u00dfender Haltung gegen\u00fcber den Kommunalverwaltungen im Allgemeinen und den von der Opposition kontrollierten Regionalregierungen im Besonderen. Seit 2010 greift die Zentralregierung kontinuierlich in die Kompetenzen der Lokalregierungen ein und \u00fcbernimmt viele ihrer Agenden. Da die Gemeinden weniger Aufgaben zu erf\u00fcllen haben, werden ihnen auch weniger Mittel zugewiesen.<\/p>\t\t\t<\/div>\n\t\t<\/div>\n\t<\/div>\n\n\n<div\n\tclass=\"wrapper wrapper--overflow wrapper__bg-color--transparent  wrapper__spacing-bottom-large--10\" \n\t>\n\n\t\n\t\t\t<div class=\"wrapper__container wrapper__container-width-large--default wrapper__gutter-large--default\">\n\t\t\t<div class=\"wrapper__inner wrapper__width-large--12\">\n\t\t\t\t\n<div class=\"block-columns block-columns__gutter-large--10 block-columns__vertical-spacing-large--0\">\n\t\n\n<div class=\"block-column block-column__width-large--5 block-column__width-mobile--12\">\n\t\n<div class=\"wrapper  wrapper__bg-color--transparent  wrapper__spacing-bottom-large--10\">\n\n\t\n\t\t\t\n<div class=\"block-infobox\">\n\t<h2 class=\"heading heading__color--primary heading__size--small heading__align--left heading__font--secondary block-infobox__heading\">\n\tOrb\u00e1n, die EU und die \u00f6ffentliche Meinung Ungarns<\/h2>\n\t<div class=\"block-infobox__content\">\n\t\t\n<p class=\"paragraph paragraph__color--secondary paragraph__size--medium paragraph__align--left paragraph__font--secondary paragraph__font-weight--normal block-infobox__paragraph\">\n\tDas ungarische Volk scheint sich der gro\u00dfz\u00fcgigen finanziellen Unterst\u00fctzung seitens der EU sehr wohl bewusst zu sein und bef\u00fcrwortet haupts\u00e4chlich aus diesem Grund auch die Mitgliedschaft in der Union. Laut einer Umfrage des progressiven Thinktanks Policy Solutions glaubt man in Ungarn jedoch auch, dass ein betr\u00e4chtlicher Teil der EU-Gelder im Land gestohlen oder missbr\u00e4uchlich verwendet wird und w\u00fcrde es vorziehen, wenn die EU die Verwendung der von ihr bereitgestellten Mittel strenger kontrollieren w\u00fcrde. Aus der Umfrage geht hervor, dass diese Ansichten nicht nur von den Ungarinnen und Ungarn generell, sondern auch von einer Mehrheit der Fidesz-W\u00e4hlerinnen und -W\u00e4hler vertreten werden. Eine andere Umfrage des IDEA-Instituts ergab, dass 40 Prozent der Fidesz-W\u00e4hlerinnen und -W\u00e4hler der Auffassung sind, dass die EU die Finanzierung von Mitgliedstaaten, die die Rechtsstaatlichkeit untergraben, aussetzen sollte, und weitere 27 Prozent stimmten zu, dass solche Ma\u00dfnahmen auch f\u00fcr Ungarn gelten sollten. Beide Umfragen zeigen, dass Fidesz-Anh\u00e4nger zwar zustimmen, dass es in den Reihen ihrer Partei Korruption gibt, dem aber keine besondere Bedeutung beimessen. \u00c4hnliches ist auch immer wieder an den Stammtischen zu h\u00f6ren: \u201eNat\u00fcrlich stiehlt Fidesz, genau wie es die Sozialisten getan haben. Aber wenigstens k\u00fcmmern sie sich um nationale Interessen und lassen keine Immigranten rein!\u201c<\/p>\n\t<\/div>\n<\/div>\n\t<\/div>\n\n<\/div>\n\n\n\n<div class=\"block-column block-column__width-large--7 block-column__width-mobile--12\">\n\t\n<div class=\"wrapper  wrapper__bg-color--transparent  wrapper__spacing-bottom-large--10\">\n\n\t\n\t\t\t<p class=\"paragraph paragraph__color--secondary paragraph__size--medium paragraph__align--left paragraph__font--primary paragraph__font-weight--normal block-paragraph__paragraph\">\n\tSeit dem Sieg der Opposition bei den Kommunalwahlen 2019 ist die Zentralregierung des Weiteren entschlossen, Geld von ihren Gegnern abzuzweigen.<br><br>K\u00fcrzlich wurde ein Gesetz verabschiedet, das die Zentralregierung erm\u00e4chtigt, sogenannte \u201eSonderwirtschaftszonen\u201c zu bilden, in denen die in den Kommunen erhobenen Steuern von Komitatsverwaltungen eingezogen werden, einer regionalen Verwaltungsebene, die ausschlie\u00dflich von Fidesz kontrolliert wird.<br><br>Umstritten ist der Einsatz dieser Ma\u00dfnahme in der Stadt G\u00f6d, einem Investitionshotspot, wo sich eine gro\u00dfe Samsung-Fabrik befindet.<br><br>Die oppositionelle Kommunalverwaltung von G\u00f6d bem\u00e4ngelte, dass mit der Schaffung einer Sonderwirtschaftszone Anfang dieses Jahres die Steuereinnahmen um ein Drittel eingebrochen seien. F\u00fcr die Opposition gelten diese Zonen als politische Waffe, Fidesz verteidigte die Politik jedoch mit dem Argument, dass sie eine gerechte Umverteilung der Einnahmen auf die St\u00e4dte und D\u00f6rfer erm\u00f6glichen.<br><br><strong>Opposition f\u00fcr Direktzahlungen<\/strong><br><br>Von der ungarischen Opposition werden allf\u00e4llige EU-Sanktionen gegen Orb\u00e1n trotz m\u00f6glicher Defizite in den kommunalen Haushalten und politischer Gegenreaktionen weitgehend bef\u00fcrwortet. Das deutet zum Teil auf die Polarisierung des Landes unter Orb\u00e1n hin \u2013 seine Gegner sind bereit, alles zu riskieren, um ihn loszuwerden.<br><br>Die Oppositionsparteien der bzw. des f\u00fcr diesen Artikel interviewten B\u00fcrgermeisterin bzw. B\u00fcrgermeisters, Momentum und Demokratische Koalition, bezeichnen die EU regelm\u00e4\u00dfig als Verb\u00fcndete des ungarischen Volkes in einem innenpolitischen Kampf gegen eine korrupte und autokratische Regierung.<\/p>\t<\/div>\n\n<\/div>\n\n<\/div>\n\t\t\t<\/div>\n\t\t<\/div>\n\t<\/div>\n\n\n<div\n\tclass=\"wrapper  wrapper__bg-color--transparent  wrapper__spacing-bottom-large--10\" \n\t>\n\n\t\n\t\t\t<div class=\"wrapper__container wrapper__container-width-large--default wrapper__gutter-large--default\">\n\t\t\t<div class=\"wrapper__inner wrapper__width-large--12\">\n\t\t\t\t<p class=\"paragraph paragraph__color--secondary paragraph__size--medium paragraph__align--left paragraph__font--primary paragraph__font-weight--normal block-paragraph__paragraph\">\n\tZolt\u00e1n Vasali vom IDEA-Institut h\u00e4lt es politisch f\u00fcr gef\u00e4hrlich, w\u00fcrden Oppositionsparteien ihre Haltung gegen\u00fcber Sanktionen zu diesem Zeitpunkt \u00e4ndern. \u201eSie m\u00fcssen weiterhin darauf beharren, dass eine Aussetzung der Finanzhilfen richtig ist und es keinen Verrat bedeutet, dies zu unterst\u00fctzen\u201c, sagte er. Es mag auch einfacher sein, sich f\u00fcr Sanktionen auszusprechen, solange unklar ist, ob sie jemals verh\u00e4ngt werden. Der komplexe, langwierige Entscheidungsfindungsprozess innerhalb der EU hat viele Politikerinnen und Politiker daran zweifeln lassen, ob Strafma\u00dfnahmen jemals umgesetzt werden. J\u00f3zsef Baracskai, der oppositionelle B\u00fcrgermeister von Zalaszentgr\u00f3t, erkl\u00e4rte BIRN, dass selbst wenn man sich auf eine Rechtsgrundlage f\u00fcr Sanktionen einigen w\u00fcrde, \u201edies lange dauern w\u00fcrde und schwer durchsetzbar w\u00e4re\u201c.<\/p>\t\t\t<\/div>\n\t\t<\/div>\n\t<\/div>\n\n\n<div\n\tclass=\"wrapper wrapper--overflow wrapper__bg-color--transparent  wrapper__spacing-bottom-large--10\" \n\t>\n\n\t\n\t\t\t<div class=\"wrapper__container wrapper__container-width-large--default wrapper__gutter-large--default\">\n\t\t\t<div class=\"wrapper__inner wrapper__width-large--12 wrapper__offset-large--0\">\n\t\t\t\t\n<figure class=\"block-image-caption\">\n\t<div class=\"image-wrap block-image-caption__image-wrap\" data-align=\"center center\">\n\n\t\t\t<img\n\t\t\tsrc=\"http:\/\/tippingpoint.net\/wp-content\/uploads\/2021\/04\/image-five-1.jpg\"\n\t\t\tclass=\"image  block-image-caption__image\"\n\t\t\talt=\"Foto: \u00a9 Bea Bak\u00f3\"\n\t\t\/>\n\t\n\t<\/div>\t<figcaption>\n\t\t<p class=\"paragraph paragraph__color--primary paragraph__size--small paragraph__align--center paragraph__font--secondary paragraph__font-weight--normal block-image-caption__paragraph\">\n\tEU-Gelder flossen in die Instandhaltung des Rathauses in der von der Opposition kontrollierten Stadt Baja. Foto: \u00a9 Bea Bak\u00f3<\/p>\t<\/figcaption>\n<\/figure>\n\t\t\t<\/div>\n\t\t<\/div>\n\t<\/div>\n\n\n<div\n\tclass=\"wrapper  wrapper__bg-color--transparent  wrapper__spacing-bottom-large--10\" \n\t>\n\n\t\n\t\t\t<div class=\"wrapper__container wrapper__container-width-large--default wrapper__gutter-large--default\">\n\t\t\t<div class=\"wrapper__inner wrapper__width-large--12\">\n\t\t\t\t<p class=\"paragraph paragraph__color--secondary paragraph__size--medium paragraph__align--left paragraph__font--primary paragraph__font-weight--normal block-paragraph__paragraph\">\n\tAuf der anderen Seite des politischen Spektrums ist man derselben Ansicht. Es gilt der Grundsatz \u201ebusiness as usual\u201c. Der Fidesz-B\u00fcrgermeister der Stadt Sz\u00e9kesfeh\u00e9rv\u00e1r, Andr\u00e1s Cser-Palkovics, sagte gegen\u00fcber BIRN, er habe keinen offiziellen Hinweis darauf erhalten, dass eine Aussetzung von EU-Geldern eine \u201erealistische\u201c Option sei. Um ihre gr\u00f6\u00dfte Finanzierungsquelle nicht zu verlieren, vertrauen manche ungarische Oppositionspolitikerinnen und -politiker auf die Schaffung eines alternativen Systems, das es ihnen erlauben w\u00fcrde, um Zusch\u00fcsse direkt in Br\u00fcssel, unter Umgehung von Budapest, anzusuchen.<\/p>\t\t\t<\/div>\n\t\t<\/div>\n\t<\/div>\n\n\n<div\n\tclass=\"wrapper  wrapper__bg-color--transparent  wrapper__spacing-bottom-large--10\" \n\t>\n\n\t\n\t\t\t<div class=\"wrapper__container wrapper__container-width-large--default wrapper__gutter-large--default\">\n\t\t\t<div class=\"wrapper__inner wrapper__width-large--12\">\n\t\t\t\t<p class=\"paragraph paragraph__color--secondary paragraph__size--medium paragraph__align--left paragraph__font--primary paragraph__font-weight--normal block-paragraph__paragraph\">\n\t\u201eDie finanzielle Bestrafung ist im Grunde eine gute Idee\u201c, meinte die B\u00fcrgermeisterin von Baja, Kl\u00e1ra Nyirati, gegen\u00fcber BIRN. Sie stimmte zu, dass Sanktionen die M\u00f6glichkeiten f\u00fcr Korruption und Verschwendung bei Gro\u00dfprojekten unter Federf\u00fchrung der Zentralregierung verringern w\u00fcrden. Sie war jedoch auch der Meinung, dass lokale Regierungen nicht bestraft werden sollten. \u201eGemeinden sollten die M\u00f6glichkeit haben, Mittel direkt zu beantragen.\u201c Das Europ\u00e4ische Parlament hat die Bedenken der Kommunalverwaltungen aufgegriffen und vergangenes Jahr eine \u00c4nderung beschlossen, die Antragstellern, denen F\u00f6rdergelder zugesagt, aber noch nicht ausbezahlt wurden, die M\u00f6glichkeit gibt, Beschwerde einzureichen. Es ist jedoch unklar, ob diese Zusicherung die Schlussphase der Verhandlungen \u00fcber den Mechanismus zur Sanktionierung von L\u00e4ndern bei Rechtsstaatlichkeitsverst\u00f6\u00dfen \u00fcberdauern wird.<\/p>\t\t\t<\/div>\n\t\t<\/div>\n\t<\/div>\n\n\n<div\n\tclass=\"wrapper  wrapper__bg-color--transparent  wrapper__spacing-bottom-large--10\" \n\t>\n\n\t\n\t\t\t<div class=\"wrapper__container wrapper__container-width-large--default wrapper__gutter-large--default\">\n\t\t\t<div class=\"wrapper__inner wrapper__width-large--12\">\n\t\t\t\t<p class=\"paragraph paragraph__color--secondary paragraph__size--medium paragraph__align--left paragraph__font--primary paragraph__font-weight--normal block-paragraph__paragraph\">\n\tIn den j\u00fcngsten Dokumenten des Rates der Europ\u00e4ischen Union \u2013 zusammen mit dem Europ\u00e4ischen Parlament das zweite Gesetzgebungsorgan der EU \u2013 finden sich keine Hinweise auf irgendwelche Zusicherungen. Abgesehen davon w\u00fcrde eine solche Zusicherung, selbst wenn sie umgesetzt wird, lokalen Regierungen, die vielleicht hoffen, im Falle des Inkrafttretens von Sanktionen EU-Zusch\u00fcsse beantragen zu k\u00f6nnen, keine Gewissheit bieten.<\/p>\t\t\t<\/div>\n\t\t<\/div>\n\t<\/div>\n\n\n<div\n\tclass=\"wrapper  wrapper__bg-color--transparent  wrapper__spacing-bottom-large--10\" \n\t>\n\n\t\n\t\t\t<div class=\"wrapper__container wrapper__container-width-large--default wrapper__gutter-large--default\">\n\t\t\t<div class=\"wrapper__inner wrapper__width-large--12\">\n\t\t\t\t<p class=\"paragraph paragraph__color--secondary paragraph__size--medium paragraph__align--left paragraph__font--primary paragraph__font-weight--normal block-paragraph__paragraph\">\n\tDie Opposition versucht, Druck auf die EU auszu\u00fcben. Am vergangenen Wochenende k\u00fcndigten 31 von der Opposition gef\u00fchrte St\u00e4dte und Gemeinden in ganz Ungarn an, lokale Referenden abzuhalten, bei denen es um die Frage geht, ob die Kommunalverwaltungen die H\u00e4lfte der f\u00fcr das Land bereitgestellten EU-Mittel aus dem Corona-Hilfspaket direkt erhalten sollen. Obwohl diese Idee von Dutzenden anderen europ\u00e4ischen St\u00e4dten bef\u00fcrwortet wird, ist das Ergebnis solcher Referenden weder f\u00fcr die ungarische Regierung noch die EU bindend und es ist fraglich, ob diese Form des Drucks Br\u00fcssel beeindrucken wird.<\/p>\t\t\t<\/div>\n\t\t<\/div>\n\t<\/div>\n\n\n<div\n\tclass=\"wrapper wrapper--overflow wrapper__bg-color--transparent  wrapper__spacing-bottom-large--10\" \n\t>\n\n\t\n\t\t\t<div class=\"wrapper__container wrapper__container-width-large--default wrapper__gutter-large--default\">\n\t\t\t<div class=\"wrapper__inner wrapper__width-large--12 wrapper__offset-large--0\">\n\t\t\t\t\n<figure class=\"block-image-caption\">\n\t<div class=\"image-wrap block-image-caption__image-wrap\" data-align=\"center center\">\n\n\t\t\t<img\n\t\t\tsrc=\"http:\/\/tippingpoint.net\/wp-content\/uploads\/2021\/04\/image-six-1.jpg\"\n\t\t\tclass=\"image  block-image-caption__image\"\n\t\t\talt=\"Foto: \u00a9 Bea Bak\u00f3\"\n\t\t\/>\n\t\n\t<\/div>\t<figcaption>\n\t\t<p class=\"paragraph paragraph__color--primary paragraph__size--small paragraph__align--center paragraph__font--secondary paragraph__font-weight--normal block-image-caption__paragraph\">\n\tEin ungarisches Plakat der Opposition, das die W\u00e4hler auffordert, zwischen Orb\u00e1n und Europa zu w\u00e4hlen. Foto:  \u00a9 Bea Bak\u00f3<\/p>\t<\/figcaption>\n<\/figure>\n\t\t\t<\/div>\n\t\t<\/div>\n\t<\/div>\n\n\n<div\n\tclass=\"wrapper  wrapper__bg-color--transparent  wrapper__spacing-bottom-large--10\" \n\t>\n\n\t\n\t\t\t<div class=\"wrapper__container wrapper__container-width-large--default wrapper__gutter-large--default\">\n\t\t\t<div class=\"wrapper__inner wrapper__width-large--12\">\n\t\t\t\t<p class=\"paragraph paragraph__color--secondary paragraph__size--medium paragraph__align--left paragraph__font--primary paragraph__font-weight--normal block-paragraph__paragraph\">\n\tVon Beobachtern wird bezweifelt, dass die EU es den Kommunalverwaltungen gestatten wird, F\u00f6rdermittel direkt zu beantragen, oder dass sie den damit verbundenen Verwaltungsaufwand bew\u00e4ltigen k\u00f6nnte. \u201eSelbst wenn die Aussetzung der F\u00f6rdermittel nur ein oder zwei Mitgliedstaaten betr\u00e4fe, h\u00e4tte die Europ\u00e4ische Kommission nicht die Kapazit\u00e4t, [direkte Antr\u00e4ge] abzuwickeln, weil ihr Verwaltungsapparat nicht so gro\u00df ist, wie man sich das vorstellt\u201c, meinte Gerg\u0151 Medve-B\u00e1lint vom Zentrum f\u00fcr Sozialwissenschaften gegen\u00fcber BIRN.<\/p>\t\t\t<\/div>\n\t\t<\/div>\n\t<\/div>\n\n\n<div\n\tclass=\"wrapper  wrapper__bg-color--transparent  wrapper__spacing-bottom-large--10\" \n\t>\n\n\t\n\t\t\t<div class=\"wrapper__container wrapper__container-width-large--default wrapper__gutter-large--default\">\n\t\t\t<div class=\"wrapper__inner wrapper__width-large--12\">\n\t\t\t\t<p class=\"paragraph paragraph__color--secondary paragraph__size--medium paragraph__align--left paragraph__font--primary paragraph__font-weight--normal block-paragraph__paragraph\">\n\tDem widerspricht ein Bef\u00fcrworter der Direktfinanzierung im Europ\u00e4ischen Parlament, der deutsche Gr\u00fcnen-Abgeordnete Daniel Freund: Er ist der Ansicht, dass die dadurch entstehenden zus\u00e4tzlichen Verwaltungskosten immer noch weitaus geringer seien als die Summen, die derzeit durch Korruption verloren gehen. Sollte die EU Direktfinanzierungen unter Umgehung der Regierung in Budapest erm\u00f6glichen, h\u00e4tten die von Fidesz kontrollierten Gemeinden technisch gesehen das gleiche Recht, um Mittel anzusuchen, wie ihre Gegner aus der Opposition. K\u00f6nnte dies den Zweck der Sanktionen effektiv zunichtemachen?<\/p>\t\t\t<\/div>\n\t\t<\/div>\n\t<\/div>\n\n\n<div\n\tclass=\"wrapper  wrapper__bg-color--transparent  wrapper__spacing-bottom-large--10\" \n\t>\n\n\t\n\t\t\t<div class=\"wrapper__container wrapper__container-width-large--default wrapper__gutter-large--default\">\n\t\t\t<div class=\"wrapper__inner wrapper__width-large--12\">\n\t\t\t\t<p class=\"paragraph paragraph__color--secondary paragraph__size--medium paragraph__align--left paragraph__font--primary paragraph__font-weight--normal block-paragraph__paragraph\">\n\tZolt\u00e1n Vasali vom IDEA-Institut glaubt das nicht und meint, dass Orb\u00e1ns Partei trotzdem in ihrem Stolz verletzt w\u00e4re. \u201eDie Regierung ist \u00fcberempfindlich bei jedem Euro, den sie teilen soll\u201c, meinte er. \u201eDie Kontrolle \u00fcber einen Teil des Geldes zu verlieren, wird die Regierung vielleicht nicht st\u00fcrzen, jedoch eine gewaltige politische Niederlage bedeuten.\u201c<\/p>\t\t\t<\/div>\n\t\t<\/div>\n\t<\/div>\n\n\n<div\n\tclass=\"wrapper  wrapper__bg-color--transparent  wrapper__spacing-bottom-large--10\" \n\t>\n\n\t\n\t\t\t<div class=\"wrapper__container wrapper__container-width-large--default wrapper__gutter-large--default\">\n\t\t\t<div class=\"wrapper__inner wrapper__width-large--12\">\n\t\t\t\t<p class=\"paragraph paragraph__color--secondary paragraph__size--medium paragraph__align--left paragraph__font--primary paragraph__font-weight--normal block-paragraph__paragraph\">\n\tInnerhalb des Lagers der Opposition schwanke die Sicht auf die EU laut dem sozialdemokratischen Europaabgeordneten Istv\u00e1n Ujhelyi zwischen zwei Extremen. Manche glauben, dass die EU Orb\u00e1n den Weg geebnet hat, weil sie es konsequent vers\u00e4umte, ihn im Zaum zu halten. Andere sehen in der EU die Retterin, weil sie sich endlich daranmacht, Orb\u00e1n zu bestrafen. \u201eKeine Seite hat recht\u201c, sagte er gegen\u00fcber BIRN. \u201eWir m\u00fcssen die politische Situation selbst l\u00f6sen. Wir k\u00f6nnen nicht darauf warten, dass die EU unsere Probleme f\u00fcr uns l\u00f6st.\u201c<\/p>\t\t\t<\/div>\n\t\t<\/div>\n\t<\/div>\n\n\n<div\n\tclass=\"wrapper  wrapper__bg-color--transparent  wrapper__spacing-bottom-large--10\" \n\t>\n\n\t\n\t\t\t<div class=\"wrapper__container wrapper__container-width-large--default wrapper__gutter-large--default\">\n\t\t\t<div class=\"wrapper__inner wrapper__width-large--12\">\n\t\t\t\t<p class=\"paragraph paragraph__color--secondary paragraph__size--medium paragraph__align--left paragraph__font--primary paragraph__font-weight--normal block-paragraph__paragraph\">\n\tVorerst ist davon auszugehen, dass sich die EU-Institutionen auf einen Mechanismus zur Sanktionierung von Rechtsstaatlichkeitsverst\u00f6\u00dfen einigen werden. Es ist jedoch bei Weitem nicht klar, wie streng dieser Mechanismus sein wird, wie schwer er durchzusetzen ist und wie \u2013 wenn \u00fcberhaupt \u2013 er sicherstellen wird, dass den lokalen Regierungen nicht die Mittel entzogen werden.<\/p>\t\t\t<\/div>\n\t\t<\/div>\n\t<\/div>\n\n\n<div\n\tclass=\"wrapper  wrapper__bg-color--transparent  wrapper__spacing-bottom-large--10\" \n\t>\n\n\t\n\t\t\t<div class=\"wrapper__container wrapper__container-width-large--default wrapper__gutter-large--default\">\n\t\t\t<div class=\"wrapper__inner wrapper__width-large--12\">\n\t\t\t\t<p class=\"paragraph paragraph__color--secondary paragraph__size--medium paragraph__align--left paragraph__font--primary paragraph__font-weight--normal block-paragraph__paragraph\">\n\t<em>Original auf Englisch. Erstmals publiziert am\u00a021. Oktober\u00a02020 auf\u00a0<a href=\"https:\/\/balkaninsight.com\/2020\/10\/21\/europes-sanctions-dilemma-how-to-punish-hungary-without-hurting-hungarians\/\" target=\"_blank\" rel=\"noopener\">Reportingdemocracy.org<\/a>, einer journalistischen Plattform des Balkan Investigative Reporting Network.<\/em><br><em>Aus dem Englischen von\u00a0<a href=\"http:\/\/www.wordpool.at\/\" target=\"_blank\" rel=\"noopener\">Barbara Maya<\/a>.<\/em><br><br><em>Dieser Text ist urheberrechtlich gesch\u00fctzt: \u00a9 Bea Bak\u00f3,\u00a0bearbeitet von Neil Arun. Bei Interesse an Wiederver\u00f6ffentlichung bitten wir um Kontaktaufnahme mit der\u00a0<a href=\"http:\/\/magazine.erstestiftung.org\/de\/erste-stiftung\/impressum\/\" target=\"_blank\" rel=\"noopener\">Redaktion<\/a>.<br>Urheberrechtliche Angaben zu Bildern, Grafiken und Videos sind direkt bei den Abbildungen vermerkt. Titelbild: Illustration: \u00a9 BIRN \/ Sanja Panti\u0107<\/em><\/p>\t\t\t<\/div>\n\t\t<\/div>\n\t<\/div>\n\n\n<div\n\tclass=\"wrapper wrapper--overflow wrapper__bg-color--transparent  wrapper__spacing-bottom-large--10    wrapper__divider-bottom-large\" \n\t>\n\n\t\n\t\t\t<div class=\"wrapper__container wrapper__container-width-large--default wrapper__gutter-large--default\">\n\t\t\t<div class=\"wrapper__inner wrapper__width-large--12\">\n\t\t\t\t<p class=\"paragraph paragraph__color--secondary paragraph__size--medium paragraph__align--left paragraph__font--primary paragraph__font-weight--normal block-paragraph__paragraph\">\n\t<\/p>\t\t\t<\/div>\n\t\t<\/div>\n\t<\/div>\n\n\n<div\n\tclass=\"wrapper  wrapper__bg-color--transparent  wrapper__spacing-bottom-large--10\" \n\t>\n\n\t\n\t\t\t<div class=\"wrapper__container wrapper__container-width-large--default wrapper__gutter-large--default\">\n\t\t\t<div class=\"wrapper__inner wrapper__width-large--12\">\n\t\t\t\t<p class=\"paragraph paragraph__color--secondary paragraph__size--medium paragraph__align--left paragraph__font--primary paragraph__font-weight--normal block-paragraph__paragraph\">\n\t<em>Dieser Artikel entstand im Rahmen des\u00a0<a href=\"http:\/\/fellowship.birn.eu.com\/en\/page\/home\" target=\"_blank\" rel=\"noopener\">Balkan Fellowship for Journalistic Excellence<\/a>, unterst\u00fctzt von der ERSTE Stiftung in Kooperation mit dem\u00a0<a href=\"http:\/\/birn.eu.com\/\" target=\"_blank\" rel=\"noopener\">Balkan Investigative Reporting Network<\/a>.<\/em><\/p>\t\t\t<\/div>\n\t\t<\/div>\n\t<\/div>\n","protected":false},"excerpt":{"rendered":"<p>Wie kann man Ungarn bestrafen, ohne dass die Bev\u00f6lkerung darunter leidet?<\/p>\n","protected":false},"author":1,"featured_media":2577,"comment_status":"closed","ping_status":"closed","sticky":false,"template":"","format":"standard","meta":{"footnotes":""},"categories":[433,299],"tags":[492,312],"formats":[],"acf":[],"_links":{"self":[{"href":"https:\/\/tippingpoint.net\/de\/wp-json\/wp\/v2\/posts\/3742"}],"collection":[{"href":"https:\/\/tippingpoint.net\/de\/wp-json\/wp\/v2\/posts"}],"about":[{"href":"https:\/\/tippingpoint.net\/de\/wp-json\/wp\/v2\/types\/post"}],"author":[{"embeddable":true,"href":"https:\/\/tippingpoint.net\/de\/wp-json\/wp\/v2\/users\/1"}],"replies":[{"embeddable":true,"href":"https:\/\/tippingpoint.net\/de\/wp-json\/wp\/v2\/comments?post=3742"}],"version-history":[{"count":4,"href":"https:\/\/tippingpoint.net\/de\/wp-json\/wp\/v2\/posts\/3742\/revisions"}],"predecessor-version":[{"id":4953,"href":"https:\/\/tippingpoint.net\/de\/wp-json\/wp\/v2\/posts\/3742\/revisions\/4953"}],"wp:featuredmedia":[{"embeddable":true,"href":"https:\/\/tippingpoint.net\/de\/wp-json\/wp\/v2\/media\/2577"}],"wp:attachment":[{"href":"https:\/\/tippingpoint.net\/de\/wp-json\/wp\/v2\/media?parent=3742"}],"wp:term":[{"taxonomy":"category","embeddable":true,"href":"https:\/\/tippingpoint.net\/de\/wp-json\/wp\/v2\/categories?post=3742"},{"taxonomy":"post_tag","embeddable":true,"href":"https:\/\/tippingpoint.net\/de\/wp-json\/wp\/v2\/tags?post=3742"},{"taxonomy":"format","embeddable":true,"href":"https:\/\/tippingpoint.net\/de\/wp-json\/wp\/v2\/formats?post=3742"}],"curies":[{"name":"wp","href":"https:\/\/api.w.org\/{rel}","templated":true}]}}