{"id":3665,"date":"2019-11-07T00:00:00","date_gmt":"2019-11-07T00:00:00","guid":{"rendered":"https:\/\/erste-foundation.byinfinum.co\/wir-brauchen-einen-europa-reflex\/"},"modified":"2022-04-01T16:57:25","modified_gmt":"2022-04-01T16:57:25","slug":"wir-brauchen-einen-europa-reflex","status":"publish","type":"post","link":"https:\/\/tippingpoint.net\/de\/wir-brauchen-einen-europa-reflex\/","title":{"rendered":"Wir brauchen einen Europa-Reflex!"},"content":{"rendered":"<div\n\tclass=\"wrapper  wrapper__bg-color--transparent  wrapper__spacing-bottom-large--10\" \n\t>\n\n\t\n\t\t\t<div class=\"wrapper__container wrapper__container-width-large--default wrapper__gutter-large--default\">\n\t\t\t<div class=\"wrapper__inner wrapper__width-large--12\">\n\t\t\t\t<p class=\"paragraph paragraph__color--secondary paragraph__size--medium paragraph__align--left paragraph__font--primary paragraph__font-weight--normal block-paragraph__paragraph\">\n\t<strong>Begleiten Sie uns auf unserer Zugreise mit Verena Ringler, Direktorin von\u00a0<a href=\"http:\/\/www.europeancommons.eu\/\" target=\"_blank\" rel=\"noreferrer noopener\">European Commons<\/a>\u00a0und Kuratorin der\u00a0<a href=\"https:\/\/www.erstestiftung.org\/de\/the-tipping-point-talks-2019\/\" target=\"_blank\" rel=\"noreferrer noopener\">Tipping Point Talks 2019<\/a>, die versucht den Boden f\u00fcr die n\u00e4chste EU vorzubereiten. Sie schl\u00e4gt vor Dinge anders zu tun um andere Dinge zu tun. In der\u00a0sechsten Folge erkl\u00e4rt sie, warum wir einen Europa-Reflex brauchen.<\/strong><\/p>\t\t\t<\/div>\n\t\t<\/div>\n\t<\/div>\n\n\n<div\n\tclass=\"wrapper  wrapper__bg-color--transparent  wrapper__spacing-bottom-large--10\" \n\t>\n\n\t\n\t\t\t<div class=\"wrapper__container wrapper__container-width-large--default wrapper__gutter-large--default\">\n\t\t\t<div class=\"wrapper__inner wrapper__width-large--12\">\n\t\t\t\t<p class=\"paragraph paragraph__color--secondary paragraph__size--medium paragraph__align--left paragraph__font--primary paragraph__font-weight--normal block-paragraph__paragraph\">\n\t&#8220;Vor kurzem hatte ich mit einigen Firmenchefs zu tun, die europ\u00e4ische Projekte unterst\u00fctzen wollen. Ich bat sie, gemeinsam mit mir eine SWOT Analyse f\u00fcr Europa durchzuf\u00fchren: Wir formulierten die St\u00e4rken, Schw\u00e4chen, Chancen und Risiken, die sie mit Europa assoziierten. Und wissen Sie was? Vier von f\u00fcnf Assoziationen waren negativ: B\u00fcrokratie, Zerrissenheit, mangelnde Zusammenarbeit und fehlende Strategien im Umgang mit China, Russland und Afrika. Warum l\u00f6st das ehrgeizigste, zivilisatorischste und friedvollste Regierungsprojekt unserer Zeit in unseren K\u00f6pfen so viele negative Gedanken aus? Um eine Antwort auf diese Frage zu finden, wandte ich mich an alte Diplomatenfreunde aus gemeinsamen Kosovo-Zeiten. Sie sagten: An einem guten Tag in Br\u00fcssel finden wir bei 44 von 47 Themen einen Konsens. Das Problem ist aber, dass die Medien am n\u00e4chsten Tag \u00fcber die drei F\u00e4lle berichten, bei denen wir uns nicht einig waren. Also wandte ich mich an die Journalisten und fragte: Wie k\u00f6nnt ihr die 44 F\u00e4lle ignorieren, bei denen Einigkeit herrschte? Sie sagten: Einigkeit macht keine Schlagzeilen. Die Person, die entzweit, ist interessanter als eine Person, die eint.&#8221;<\/p>\t\t\t<\/div>\n\t\t<\/div>\n\t<\/div>\n\n\n<div\n\tclass=\"wrapper  wrapper__bg-color--transparent  wrapper__spacing-bottom-large--10\" \n\t>\n\n\t\n\t\t\t<div class=\"wrapper__container wrapper__container-width-large--default wrapper__gutter-large--default\">\n\t\t\t<div class=\"wrapper__inner wrapper__width-large--12\">\n\t\t\t\t<div class=\"story-card block-story-card__story-card\">\n\t<hr class=\"story-card__divider\">\n\t<div class=\"story-card__wrap\">\n\t\t<a class=\"story-card__image-container\" href=\"https:\/\/tippingpoint.net\/de\/timothy-snyder-judenplatz-1010\/\">\n\t\t\t<div class=\"image-wrap story-card__image-wrap\" data-align=\"center center\">\n\n\t\t\t<div\n\t\t\tstyle=\"background-image:url(https:\/\/tippingpoint.net\/wp-content\/uploads\/2021\/04\/855a0401-3-1200x800.jpg)\"\n\t\t\tclass=\"image image--bg story-card__image\"\n\t\t>\n\t\t<\/div>\n\t\n\t<\/div>\t\t<\/a>\n\t\t<div class=\"story-card__content\">\n\t\t\t<a href=\"https:\/\/tippingpoint.net\/de\/timothy-snyder-judenplatz-1010\/\" id=\"\" class=\"link-heading link-heading__color--primary link-heading__size--small link-heading__align--left link-heading__font--primary  link-heading--no-margin story-card__link-heading\">\n\t<h2 class=\"link-heading__heading\" >\n\t\tTimothy Snyder: Judenplatz 1010\t<\/h2>\n<\/a>\t\t\t<a href=\"https:\/\/tippingpoint.net\/de\/timothy-snyder-judenplatz-1010\/\" class=\"story-card__link\">\n\t\t\t\t<p class=\"paragraph paragraph__color--primary paragraph__size--small paragraph__align--left paragraph__font--primary paragraph__font-weight--normal story-card__paragraph\">\n\tEine Rede an Europa 2019<\/p>\t\t\t<\/a>\n\t\t<\/div>\n\t<\/div>\n\t<hr class=\"story-card__divider\">\n<\/div>\t\t\t<\/div>\n\t\t<\/div>\n\t<\/div>\n\n\n<div\n\tclass=\"wrapper  wrapper__bg-color--transparent  wrapper__spacing-bottom-large--10\" \n\t>\n\n\t\n\t\t\t<div class=\"wrapper__container wrapper__container-width-large--default wrapper__gutter-large--default\">\n\t\t\t<div class=\"wrapper__inner wrapper__width-large--12\">\n\t\t\t\t<p class=\"paragraph paragraph__color--secondary paragraph__size--medium paragraph__align--left paragraph__font--primary paragraph__font-weight--normal block-paragraph__paragraph\">\n\t&#8220;Dann habe ich in einem Buch nachgelesen: \u201eJean Monnet \u2013 The First Statesman of Interdependence\u201c von Fran\u00e7ois Duch\u00eane. Jean Monnet, der Erbe einer Cognac-Dynastie in Frankreich, beschloss im Sommer 1945, im Tr\u00fcmmerhaufen des 2. Weltkriegs, die europ\u00e4ische Integration als eine Chance zu sehen und unsere Kohle- und Stahlindustrie als eine St\u00e4rke. Also setzte er alles daran, die europ\u00e4ische Kriegsmaschinerie in ein Friedensprojekt zu verwandeln. Er brachte franz\u00f6sische Kohle- und Stahlproduzenten mit dem Erzfeind, der deutschen Kohle- und Stahlindustrie, zusammen. Sie trafen sich dann f\u00fcnf Jahre lang immer wieder, bis sie 1950 den Schuman-Plan pr\u00e4sentierten. Und das war der offizielle Start f\u00fcr die europ\u00e4ische Integration. Aber Moment mal &#8230; Wenn Jean Monnet nur an die Gefahren und Risiken gedacht h\u00e4tte, dann g\u00e4be es heute keine EU. Also habe ich schlie\u00dflich Psychologen konsultiert: Warum verbinden wir so viel Negatives mit der europ\u00e4ischen Einheit? Und sie erkl\u00e4rten mir, dass Menschen nicht einfach so l\u00f6sungsorientiert und an die Wahrnehmung von Chancen denken. Das muss gesellschaftlich gef\u00f6rdert und individuell ge\u00fcbt werden. Dieses Verhalten muss antrainiert werden, genauso wie man lernt, ein neues Musikinstrument zu spielen oder eine neue Sportart auszu\u00fcben. Was wir also brauchen, ist eine Morgenroutine f\u00fcr 500 Millionen Europ\u00e4erInnen, um \u00fcber den ersten und dritten Buchstaben von SWOT Europa nachzudenken. Die St\u00e4rken und die Chancen! Wir brauchen einen Europa-Reflex.&#8221;<\/p>\t\t\t<\/div>\n\t\t<\/div>\n\t<\/div>\n\n\n<div\n\tclass=\"wrapper  wrapper__bg-color--transparent  wrapper__spacing-bottom-large--10\" \n\t>\n\n\t\n\t\t\t<div class=\"wrapper__container wrapper__container-width-large--default wrapper__gutter-large--default\">\n\t\t\t<div class=\"wrapper__inner wrapper__width-large--12\">\n\t\t\t\t<div class=\"video__wrap video__ratio--default video__ratio--youtube block-video__video-wrap\">\n\t\t\t<div class=\"video__placeholder block-video__placeholder js-video-trigger\">\n\t\t\t<div class=\"image-wrap video__image-wrap\" data-align=\"center center\">\n\n\t\t\t<div\n\t\t\tstyle=\"background-image:url(https:\/\/i.ytimg.com\/vi\/_XgDZMAYt64\/maxresdefault.jpg)\"\n\t\t\tclass=\"image image--bg video__image\"\n\t\t>\n\t\t<\/div>\n\t\n\t<\/div><i class=\"icon icon icon__play video__icon\">\n\t<svg width='24' height='24' viewBox='0 0 24 24' xmlns='http:\/\/www.w3.org\/2000\/svg'><path fill-rule='evenodd' clip-rule='evenodd' d='M12 24C18.6274 24 24 18.6274 24 12C24 5.37258 18.6274 0 12 0C5.37258 0 0 5.37258 0 12C0 18.6274 5.37258 24 12 24ZM17.8043 12.9319C18.471 12.547 18.471 11.5847 17.8043 11.1998L9.84783 6.60612C9.18116 6.22122 8.34783 6.70235 8.34783 7.47215V16.6595C8.34783 17.4293 9.18116 17.9105 9.84783 17.5256L17.8043 12.9319Z' fill='currentColor'><\/path><\/svg><\/i>\t\t<\/div>\n\t\t<div class=\"BorlabsCookie _brlbs-cb-youtube\"><div class=\"_brlbs-content-blocker\"> <div class=\"_brlbs-embed _brlbs-video-youtube\"> <img class=\"_brlbs-thumbnail\" src=\"https:\/\/tippingpoint.net\/wp-content\/plugins\/borlabs-cookie\/assets\/images\/cb-no-thumbnail.png\" alt=\"YouTube\"> <div class=\"_brlbs-caption\"> <p>By loading the video, you agree to YouTube's privacy policy.<br><a href=\"https:\/\/policies.google.com\/privacy?hl=en&gl=en\" target=\"_blank\" rel=\"nofollow noopener noreferrer\">Learn more<\/a><\/p> <p><a class=\"_brlbs-btn _brlbs-icon-play-white\" href=\"#\" data-borlabs-cookie-unblock=\"youtube\" role=\"button\">Load video<\/a><\/p> <p><label><input type=\"checkbox\" name=\"unblockAll\" value=\"1\" checked> <small>Always unblock YouTube<\/small><\/label><\/p> <\/div> <\/div> <\/div><div class=\"borlabs-hide\" data-borlabs-cookie-type=\"content-blocker\" data-borlabs-cookie-id=\"youtube\">PGlmcmFtZQoJCWNsYXNzPSJ2aWRlbyBibG9jay12aWRlb19fdmlkZW8ganMtdmlkZW8gaXMtaGlkZGVuIgoJCXNyYz0iaHR0cHM6Ly93d3cueW91dHViZS1ub2Nvb2tpZS5jb20vZW1iZWQvX1hnRFpNQVl0NjQiCgkJYWxsb3c9ImF1dG9wbGF5OyBmdWxsc2NyZWVuIgoJCWFsbG93RnVsbFNjcmVlbgoJCT48L2lmcmFtZT4=<\/div><\/div>\n\t<\/div>\t\t\t<\/div>\n\t\t<\/div>\n\t<\/div>\n\n\n<div\n\tclass=\"wrapper  wrapper__bg-color--transparent  wrapper__spacing-bottom-large--10\" \n\t>\n\n\t\n\t\t\t<div class=\"wrapper__container wrapper__container-width-large--default wrapper__gutter-large--default\">\n\t\t\t<div class=\"wrapper__inner wrapper__width-large--12\">\n\t\t\t\t<p class=\"paragraph paragraph__color--secondary paragraph__size--small paragraph__align--left paragraph__font--primary paragraph__font-weight--normal block-paragraph__paragraph\">\n\t<em>Dieser Text und dieses Video ist unter der Creative Commons Lizenz ver\u00f6ffentlicht:\u00a0<a href=\"https:\/\/creativecommons.org\/licenses\/by-nc-nd\/3.0\/\" target=\"_blank\" rel=\"noopener\">CC BY-NC-ND 3.0<\/a>. Der Name des Autors\/Rechteinhabers soll wie folgt genannt werden. Autor: Jovana Trifunovic und Igor Bararon \/ tippingpoint.net.\u00a0Titelbild: Benjavisa \/ istockphoto.com<\/em><\/p>\t\t\t<\/div>\n\t\t<\/div>\n\t<\/div>\n\n\n<div\n\tclass=\"wrapper  wrapper__bg-color--transparent  wrapper__spacing-bottom-large--10\" \n\t>\n\n\t\n\t\t\t<div class=\"wrapper__container wrapper__container-width-large--default wrapper__gutter-large--default\">\n\t\t\t<div class=\"wrapper__inner wrapper__width-large--12\">\n\t\t\t\t\n<hr class=\"block-divider block-divider__color--primary\">\n\t\t\t<\/div>\n\t\t<\/div>\n\t<\/div>\n\n\n<div\n\tclass=\"wrapper  wrapper__bg-color--transparent  wrapper__spacing-bottom-large--10\" \n\t>\n\n\t\n\t\t\t<div class=\"wrapper__container wrapper__container-width-large--default wrapper__gutter-large--default\">\n\t\t\t<div class=\"wrapper__inner wrapper__width-large--12\">\n\t\t\t\t<h2 class=\"heading heading__color--primary heading__size--default heading__align--left heading__font--primary block-heading__heading\">\n\tBack on Track<\/h2>\t\t\t<\/div>\n\t\t<\/div>\n\t<\/div>\n\n\n<div\n\tclass=\"wrapper  wrapper__bg-color--transparent  wrapper__spacing-bottom-large--10\" \n\t>\n\n\t\n\t\t\t<div class=\"wrapper__container wrapper__container-width-large--default wrapper__gutter-large--default\">\n\t\t\t<div class=\"wrapper__inner wrapper__width-large--12\">\n\t\t\t\t<p class=\"paragraph paragraph__color--secondary paragraph__size--medium paragraph__align--left paragraph__font--primary paragraph__font-weight--normal block-paragraph__paragraph\">\n\tIn Anbetracht der gro\u00dfen geopolitischen Ver\u00e4nderungen und Herausforderungen in unserer Welt, von zunehmendem Nationalismus \u00fcber vermehrte Forderungen nach Privatsph\u00e4re bis hin zum Spannungsfeld zwischen wachsenden menschlichen Bed\u00fcrfnissen und \u00f6kologischen Grenzen, gibt es zweifelsohne noch Raum f\u00fcr erhebliche Verbesserungen. Wir von der ERSTE Stiftung sehen die Zivilgesellschaft in diesem Prozess als wesentlichen Impulsgeber und haben daher die Videoreihe\u00a0<a href=\"https:\/\/tippingpoint.net\/de\/videos\/#back-on-track-ringler\"><em>Back on Track\u00a0<\/em><\/a>\u00fcber soziales Engagement und Aktivismus gestartet \u2013 als ein klares Zeichen der Unterst\u00fctzung all jener, die sich daf\u00fcr einsetzen, unsere im Umbruch befindliche Gesellschaft aktiv mitzugestalten. <\/p>\t\t\t<\/div>\n\t\t<\/div>\n\t<\/div>\n\n\n<div\n\tclass=\"wrapper  wrapper__bg-color--transparent  wrapper__spacing-bottom-large--10\" \n\t>\n\n\t\n\t\t\t<div class=\"wrapper__container wrapper__container-width-large--default wrapper__gutter-large--default\">\n\t\t\t<div class=\"wrapper__inner wrapper__width-large--12\">\n\t\t\t\t<p class=\"paragraph paragraph__color--secondary paragraph__size--medium paragraph__align--left paragraph__font--primary paragraph__font-weight--normal block-paragraph__paragraph\">\n\tDas Video <a href=\"https:\/\/www.youtube.com\/watch?v=_XgDZMAYt64\" target=\"_blank\" rel=\"noreferrer noopener\"><em>Wir brauchen einen Europa-Reflex!<\/em><\/a> ist die sechste Episode der zweiten Staffel von <em>Back on Track<\/em>.<\/p>\t\t\t<\/div>\n\t\t<\/div>\n\t<\/div>\n","protected":false},"excerpt":{"rendered":"<p>Back on Track mit Verena Ringler<\/p>\n","protected":false},"author":1,"featured_media":1958,"comment_status":"closed","ping_status":"closed","sticky":false,"template":"","format":"standard","meta":{"footnotes":""},"categories":[433,268,438],"tags":[484,545,334,531],"formats":[],"acf":[],"_links":{"self":[{"href":"https:\/\/tippingpoint.net\/de\/wp-json\/wp\/v2\/posts\/3665"}],"collection":[{"href":"https:\/\/tippingpoint.net\/de\/wp-json\/wp\/v2\/posts"}],"about":[{"href":"https:\/\/tippingpoint.net\/de\/wp-json\/wp\/v2\/types\/post"}],"author":[{"embeddable":true,"href":"https:\/\/tippingpoint.net\/de\/wp-json\/wp\/v2\/users\/1"}],"replies":[{"embeddable":true,"href":"https:\/\/tippingpoint.net\/de\/wp-json\/wp\/v2\/comments?post=3665"}],"version-history":[{"count":6,"href":"https:\/\/tippingpoint.net\/de\/wp-json\/wp\/v2\/posts\/3665\/revisions"}],"predecessor-version":[{"id":6961,"href":"https:\/\/tippingpoint.net\/de\/wp-json\/wp\/v2\/posts\/3665\/revisions\/6961"}],"wp:featuredmedia":[{"embeddable":true,"href":"https:\/\/tippingpoint.net\/de\/wp-json\/wp\/v2\/media\/1958"}],"wp:attachment":[{"href":"https:\/\/tippingpoint.net\/de\/wp-json\/wp\/v2\/media?parent=3665"}],"wp:term":[{"taxonomy":"category","embeddable":true,"href":"https:\/\/tippingpoint.net\/de\/wp-json\/wp\/v2\/categories?post=3665"},{"taxonomy":"post_tag","embeddable":true,"href":"https:\/\/tippingpoint.net\/de\/wp-json\/wp\/v2\/tags?post=3665"},{"taxonomy":"format","embeddable":true,"href":"https:\/\/tippingpoint.net\/de\/wp-json\/wp\/v2\/formats?post=3665"}],"curies":[{"name":"wp","href":"https:\/\/api.w.org\/{rel}","templated":true}]}}