{"id":3662,"date":"2019-10-30T00:00:00","date_gmt":"2019-10-30T00:00:00","guid":{"rendered":"https:\/\/erste-foundation.byinfinum.co\/social-networks-oder-social-nightmares\/"},"modified":"2021-07-01T05:27:40","modified_gmt":"2021-07-01T05:27:40","slug":"social-networks-oder-social-nightmares","status":"publish","type":"post","link":"https:\/\/tippingpoint.net\/de\/social-networks-oder-social-nightmares\/","title":{"rendered":"Social Networks oder Social Nightmares?"},"content":{"rendered":"<div\n\tclass=\"wrapper  wrapper__bg-color--transparent  wrapper__spacing-bottom-large--10\" \n\t>\n\n\t\n\t\t\t<div class=\"wrapper__container wrapper__container-width-large--default wrapper__gutter-large--default\">\n\t\t\t<div class=\"wrapper__inner wrapper__width-large--12\">\n\t\t\t\t<p class=\"paragraph paragraph__color--secondary paragraph__size--medium paragraph__align--left paragraph__font--primary paragraph__font-weight--normal block-paragraph__paragraph\">\n\t<strong>Vor einem Jahrzehnt wurden soziale Netzwerke, Big Data und k\u00fcnstliche Intelligenz bejubelt. Sie versprachen Fortschritt und einem Gro\u00dfteil der Bev\u00f6lkerung Zugang zu Informationen. Heute hat sich der Fokus auf ihre Schattenseiten verlagert: die Bedrohung unserer Privatsph\u00e4re, die Gef\u00e4hrdung der Demokratie und eine neue Form konstanter \u00dcberwachung. Drei der weltweit f\u00fchrenden Aktivisten des sogenannten elektronischen Zeitalters diskutieren [in Englisch] dar\u00fcber und \u00fcber die digitale Zukunft der Gesellschaften in der wir leben.<\/strong><\/p>\t\t\t<\/div>\n\t\t<\/div>\n\t<\/div>\n\n\n<div\n\tclass=\"wrapper  wrapper__bg-color--transparent  wrapper__spacing-bottom-large--10\" \n\t>\n\n\t\n\t\t\t<div class=\"wrapper__container wrapper__container-width-large--default wrapper__gutter-large--default\">\n\t\t\t<div class=\"wrapper__inner wrapper__width-large--12\">\n\t\t\t\t<p class=\"paragraph paragraph__color--secondary paragraph__size--medium paragraph__align--left paragraph__font--primary paragraph__font-weight--normal block-paragraph__paragraph\">\n\t<a href=\"https:\/\/en.wikipedia.org\/wiki\/Roger_McNamee\" rel=\"noopener\" target=\"_blank\">Roger McNamee<\/a>, ein fr\u00fcherer Berater des Facebook-Gr\u00fcnders Mark Zuckerberg, hat sich zu einem seiner sch\u00e4rfsten Kritiker entwickelt. Sein vielzitiertes Buch <em>Zucked<\/em> ist ein umfassendes Zeugnis auf den Umgang des Social-Media-Riesen mit Datensicherheit. Bekannt wurde <a href=\"https:\/\/de.wikipedia.org\/wiki\/Evgeny_Morozov\" rel=\"noopener\" target=\"_blank\">Evgeny Morozov<\/a> mit seinem Buch <em>The Net Delusion: The Dark Side of Internet Freedom<\/em>, einer prophetisch wirkenden fr\u00fchen Warnung vor den Gefahren des digitalen Zeitalters. Der \u00f6sterreichische Datenschutzaktivist <a href=\"https:\/\/de.wikipedia.org\/wiki\/Max_Schrems\" rel=\"noopener\" target=\"_blank\">Max Schrems<\/a> erlangte weltweite Ber\u00fchmtheit, als er die erste erfolgreiche Klage gegen Facebook wegen Datenschutzverletzungen einleitete. Das Gespr\u00e4ch wird von der Rektorin des Instituts f\u00fcr die Wissenschaften vom Menschen (IWM), Shalini Randeria geleitet.<br><\/p>\t\t\t<\/div>\n\t\t<\/div>\n\t<\/div>\n\n\n<div\n\tclass=\"wrapper  wrapper__bg-color--transparent  wrapper__spacing-bottom-large--10\" \n\t>\n\n\t\n\t\t\t<div class=\"wrapper__container wrapper__container-width-large--default wrapper__gutter-large--default\">\n\t\t\t<div class=\"wrapper__inner wrapper__width-large--12\">\n\t\t\t\t<div class=\"video__wrap video__ratio--default video__ratio--youtube block-video__video-wrap\">\n\t\t\t<div class=\"video__placeholder block-video__placeholder js-video-trigger\">\n\t\t\t<div class=\"image-wrap video__image-wrap\" data-align=\"center center\">\n\n\t\t\t<div\n\t\t\tstyle=\"background-image:url(https:\/\/i.ytimg.com\/vi\/vMwU3C0kiO4\/maxresdefault.jpg)\"\n\t\t\tclass=\"image image--bg video__image\"\n\t\t>\n\t\t<\/div>\n\t\n\t<\/div><i class=\"icon icon icon__play video__icon\">\n\t<svg width='24' height='24' viewBox='0 0 24 24' xmlns='http:\/\/www.w3.org\/2000\/svg'><path fill-rule='evenodd' clip-rule='evenodd' d='M12 24C18.6274 24 24 18.6274 24 12C24 5.37258 18.6274 0 12 0C5.37258 0 0 5.37258 0 12C0 18.6274 5.37258 24 12 24ZM17.8043 12.9319C18.471 12.547 18.471 11.5847 17.8043 11.1998L9.84783 6.60612C9.18116 6.22122 8.34783 6.70235 8.34783 7.47215V16.6595C8.34783 17.4293 9.18116 17.9105 9.84783 17.5256L17.8043 12.9319Z' fill='currentColor'><\/path><\/svg><\/i>\t\t<\/div>\n\t\t<div class=\"BorlabsCookie _brlbs-cb-youtube\"><div class=\"_brlbs-content-blocker\"> <div class=\"_brlbs-embed _brlbs-video-youtube\"> <img class=\"_brlbs-thumbnail\" src=\"https:\/\/tippingpoint.net\/wp-content\/plugins\/borlabs-cookie\/assets\/images\/cb-no-thumbnail.png\" alt=\"YouTube\"> <div class=\"_brlbs-caption\"> <p>By loading the video, you agree to YouTube's privacy policy.<br><a href=\"https:\/\/policies.google.com\/privacy?hl=en&gl=en\" target=\"_blank\" rel=\"nofollow noopener noreferrer\">Learn more<\/a><\/p> <p><a class=\"_brlbs-btn _brlbs-icon-play-white\" href=\"#\" data-borlabs-cookie-unblock=\"youtube\" role=\"button\">Load video<\/a><\/p> <p><label><input type=\"checkbox\" name=\"unblockAll\" value=\"1\" checked> <small>Always unblock YouTube<\/small><\/label><\/p> <\/div> <\/div> <\/div><div class=\"borlabs-hide\" data-borlabs-cookie-type=\"content-blocker\" data-borlabs-cookie-id=\"youtube\">PGlmcmFtZQoJCWNsYXNzPSJ2aWRlbyBibG9jay12aWRlb19fdmlkZW8ganMtdmlkZW8gaXMtaGlkZGVuIgoJCXNyYz0iaHR0cHM6Ly93d3cueW91dHViZS1ub2Nvb2tpZS5jb20vZW1iZWQvdk13VTNDMGtpTzQiCgkJYWxsb3c9ImF1dG9wbGF5OyBmdWxsc2NyZWVuIgoJCWFsbG93RnVsbFNjcmVlbgoJCT48L2lmcmFtZT4=<\/div><\/div>\n\t<\/div>\t\t\t<\/div>\n\t\t<\/div>\n\t<\/div>\n\n\n<div\n\tclass=\"wrapper  wrapper__bg-color--transparent  wrapper__spacing-bottom-large--10\" \n\t>\n\n\t\n\t\t\t<div class=\"wrapper__container wrapper__container-width-large--default wrapper__gutter-large--default\">\n\t\t\t<div class=\"wrapper__inner wrapper__width-large--12\">\n\t\t\t\t<p class=\"paragraph paragraph__color--secondary paragraph__size--medium paragraph__align--left paragraph__font--primary paragraph__font-weight--normal block-paragraph__paragraph\">\n\t<em>Titelbild: \u00a9 Markus Spiske \/ unsplash.com<\/em><\/p>\t\t\t<\/div>\n\t\t<\/div>\n\t<\/div>\n\n\n<div\n\tclass=\"wrapper wrapper--overflow wrapper__bg-color--transparent  wrapper__spacing-bottom-large--10    wrapper__divider-bottom-large\" \n\t>\n\n\t\n\t\t\t<div class=\"wrapper__container wrapper__container-width-large--default wrapper__gutter-large--default\">\n\t\t\t<div class=\"wrapper__inner wrapper__width-large--12\">\n\t\t\t\t<p class=\"paragraph paragraph__color--secondary paragraph__size--medium paragraph__align--left paragraph__font--primary paragraph__font-weight--normal block-paragraph__paragraph\">\n\t<\/p>\t\t\t<\/div>\n\t\t<\/div>\n\t<\/div>\n\n\n<div\n\tclass=\"wrapper  wrapper__bg-color--transparent  wrapper__spacing-bottom-large--10\" \n\t>\n\n\t\n\t\t\t<div class=\"wrapper__container wrapper__container-width-large--default wrapper__gutter-large--default\">\n\t\t\t<div class=\"wrapper__inner wrapper__width-large--12\">\n\t\t\t\t<h2 class=\"heading heading__color--primary heading__size--default heading__align--left heading__font--secondary block-heading__heading\">\n\tVienna Humanities Festival<\/h2>\t\t\t<\/div>\n\t\t<\/div>\n\t<\/div>\n\n\n<div\n\tclass=\"wrapper  wrapper__bg-color--transparent  wrapper__spacing-bottom-large--10\" \n\t>\n\n\t\n\t\t\t<div class=\"wrapper__container wrapper__container-width-large--default wrapper__gutter-large--default\">\n\t\t\t<div class=\"wrapper__inner wrapper__width-large--12\">\n\t\t\t\t<p class=\"paragraph paragraph__color--secondary paragraph__size--medium paragraph__align--left paragraph__font--primary paragraph__font-weight--normal block-paragraph__paragraph\">\n\tDas <a href=\"http:\/\/humanitiesfestival.at\/\" target=\"_blank\" rel=\"noopener\">Vienna Humanities Festival<\/a>, veranstaltet vom <a href=\"http:\/\/www.iwm.at\/\" target=\"_blank\" rel=\"noopener\">IWM<\/a>, <a href=\"https:\/\/www.wienmuseum.at\/\" target=\"_blank\" rel=\"noopener\">Wien Museum<\/a> und <a href=\"https:\/\/www.tttdebates.org\/\" target=\"_blank\" rel=\"noopener\">Time to Talk<\/a>, ist eine Reihe von rund 40 Veranstaltungen (in deutscher und englischer Sprache), die vom 26. bis 29. September 2018 zum dritten Mal in Wien stattfanden. Das hier angef\u00fchrte Gespr\u00e4ch wurde in Kooperation mit der <a href=\"https:\/\/www.viennacontemporary.at\/de\/\" rel=\"noopener\" target=\"_blank\">viennacontemporary<\/a> realisiert.<br><br>Das Thema &#8220;Unheil und Hoffnung&#8221; griff brennende Fragen auf in einer Zeit wo drei\u00dfig Jahre nach dem Ende des Kommunismus in Osteuropa die liberale, marktwirtschaftliche Demokratie l\u00e4ngst nicht mehr das selbstverst\u00e4ndliche gesellschaftliche Ziel darstellt. Bei so viel Unheil ist die Aussicht auf Hoffnung dringender denn je. Was sind die aktuellen Visionen f\u00fcr eine erstrebenswerte Zukunft? Und welche Lehren k\u00f6nnen wir aus historischen Beispielen des Widerstands ziehen?<\/p>\t\t\t<\/div>\n\t\t<\/div>\n\t<\/div>\n","protected":false},"excerpt":{"rendered":"<p>Roger McNamee, Evgeny Morozov und Max Schrems beim Vienna Humanities Festival 2019<\/p>\n","protected":false},"author":1,"featured_media":1949,"comment_status":"closed","ping_status":"closed","sticky":false,"template":"","format":"standard","meta":{"footnotes":""},"categories":[433,436,268],"tags":[386,387,488,474],"formats":[],"acf":[],"_links":{"self":[{"href":"https:\/\/tippingpoint.net\/de\/wp-json\/wp\/v2\/posts\/3662"}],"collection":[{"href":"https:\/\/tippingpoint.net\/de\/wp-json\/wp\/v2\/posts"}],"about":[{"href":"https:\/\/tippingpoint.net\/de\/wp-json\/wp\/v2\/types\/post"}],"author":[{"embeddable":true,"href":"https:\/\/tippingpoint.net\/de\/wp-json\/wp\/v2\/users\/1"}],"replies":[{"embeddable":true,"href":"https:\/\/tippingpoint.net\/de\/wp-json\/wp\/v2\/comments?post=3662"}],"version-history":[{"count":2,"href":"https:\/\/tippingpoint.net\/de\/wp-json\/wp\/v2\/posts\/3662\/revisions"}],"predecessor-version":[{"id":4416,"href":"https:\/\/tippingpoint.net\/de\/wp-json\/wp\/v2\/posts\/3662\/revisions\/4416"}],"wp:featuredmedia":[{"embeddable":true,"href":"https:\/\/tippingpoint.net\/de\/wp-json\/wp\/v2\/media\/1949"}],"wp:attachment":[{"href":"https:\/\/tippingpoint.net\/de\/wp-json\/wp\/v2\/media?parent=3662"}],"wp:term":[{"taxonomy":"category","embeddable":true,"href":"https:\/\/tippingpoint.net\/de\/wp-json\/wp\/v2\/categories?post=3662"},{"taxonomy":"post_tag","embeddable":true,"href":"https:\/\/tippingpoint.net\/de\/wp-json\/wp\/v2\/tags?post=3662"},{"taxonomy":"format","embeddable":true,"href":"https:\/\/tippingpoint.net\/de\/wp-json\/wp\/v2\/formats?post=3662"}],"curies":[{"name":"wp","href":"https:\/\/api.w.org\/{rel}","templated":true}]}}