{"id":3648,"date":"2019-09-17T00:00:00","date_gmt":"2019-09-17T00:00:00","guid":{"rendered":"https:\/\/erste-foundation.byinfinum.co\/die-macht-der-allianzen-auf-den-zweiten-blick\/"},"modified":"2022-04-01T17:02:56","modified_gmt":"2022-04-01T17:02:56","slug":"die-macht-der-allianzen-auf-den-zweiten-blick","status":"publish","type":"post","link":"https:\/\/tippingpoint.net\/de\/die-macht-der-allianzen-auf-den-zweiten-blick\/","title":{"rendered":"Die Macht der Allianzen auf den zweiten Blick"},"content":{"rendered":"<div\n\tclass=\"wrapper  wrapper__bg-color--transparent  wrapper__spacing-bottom-large--10\" \n\t>\n\n\t\n\t\t\t<div class=\"wrapper__container wrapper__container-width-large--default wrapper__gutter-large--default\">\n\t\t\t<div class=\"wrapper__inner wrapper__width-large--12\">\n\t\t\t\t<p class=\"paragraph paragraph__color--secondary paragraph__size--medium paragraph__align--left paragraph__font--primary paragraph__font-weight--normal block-paragraph__paragraph\">\n\t<strong>Begleiten Sie uns auf unserer Zugreise mit Verena Ringler, Direktorin von <a href=\"http:\/\/www.europeancommons.eu\/\" target=\"_blank\" rel=\"noopener\">European Commons<\/a> und Kuratorin der <a href=\"https:\/\/www.erstestiftung.org\/de\/the-tipping-point-talks-2019\/\" target=\"_blank\" rel=\"noreferrer noopener\">Tipping Point Talks 2019<\/a>, die versucht den Boden f\u00fcr die n\u00e4chste EU vorzubereiten. Sie schl\u00e4gt vor Dinge anders zu tun um andere Dinge zu tun. In der\u00a0dritten Episode erkl\u00e4rt sie, wie wir die Weisheit der Vielen nutzen k\u00f6nnen, um Herausforderungen rund um die Themen Klima, Technologie und Gesellschaft zu meistern. <\/strong><\/p>\t\t\t<\/div>\n\t\t<\/div>\n\t<\/div>\n\n\n<div\n\tclass=\"wrapper  wrapper__bg-color--transparent  wrapper__spacing-bottom-large--10\" \n\t>\n\n\t\n\t\t\t<div class=\"wrapper__container wrapper__container-width-large--default wrapper__gutter-large--default\">\n\t\t\t<div class=\"wrapper__inner wrapper__width-large--12\">\n\t\t\t\t<p class=\"paragraph paragraph__color--secondary paragraph__size--medium paragraph__align--left paragraph__font--primary paragraph__font-weight--normal block-paragraph__paragraph\">\n\t&#8220;Im Jahr 2019 habe ich einen Bericht f\u00fcr die n\u00e4chsten Entscheidungstr\u00e4ger in der Europ\u00e4ischen Union mitverfasst. Der Titel: \u201eRefocus the European Union \u2013 Planet,\u00a0Lifetime,\u00a0Technology\u201c. Es gibt drei Priorit\u00e4ten, die wir jetzt setzen m\u00fcssen: Klimawandel und Wirtschaftswende, Steuerung technologischer Innovation und alles, was soziale Angelegenheiten und unsere demografische Entwicklung betrifft.\u00a0Aber wie sollen wir das hinbekommen? Wie k\u00f6nnen wir die Roadmaps und Reformen entwickeln, die wir jetzt brauchen, wenn selbst f\u00fchrende EU-Strategen noch keine Mechanismen haben, um die sehr schwachen Signale der europ\u00e4ischen Gesellschaften zu erfassen? Wer soll das hinbekommen, wenn diejenigen, die oft die Antworten und Ans\u00e4tze haben \u2013 die Seismografen in Sachen Klima-, Technologie- und Sozialfragen \u2013 nicht greifbar sind?&#8221;<\/p>\t\t\t<\/div>\n\t\t<\/div>\n\t<\/div>\n\n\n<div\n\tclass=\"wrapper  wrapper__bg-color--transparent  wrapper__spacing-bottom-large--10\" \n\t>\n\n\t\n\t\t\t<div class=\"wrapper__container wrapper__container-width-large--default wrapper__gutter-large--default\">\n\t\t\t<div class=\"wrapper__inner wrapper__width-large--12\">\n\t\t\t\t<div class=\"story-card block-story-card__story-card\">\n\t<hr class=\"story-card__divider\">\n\t<div class=\"story-card__wrap\">\n\t\t<a class=\"story-card__image-container\" href=\"https:\/\/tippingpoint.net\/de\/willkommen-im-jahr-2048\/\">\n\t\t\t<div class=\"image-wrap story-card__image-wrap\" data-align=\"center center\">\n\n\t\t\t<div\n\t\t\tstyle=\"background-image:url(https:\/\/tippingpoint.net\/wp-content\/uploads\/2021\/04\/c_republica-gregorfischer_re_publica2017demokratie-biennale_34412521872_1bb2e0ba1c_o-e1519292114416-1200x801.jpg)\"\n\t\t\tclass=\"image image--bg story-card__image\"\n\t\t>\n\t\t<\/div>\n\t\n\t<\/div>\t\t<\/a>\n\t\t<div class=\"story-card__content\">\n\t\t\t<a href=\"https:\/\/tippingpoint.net\/de\/willkommen-im-jahr-2048\/\" id=\"\" class=\"link-heading link-heading__color--primary link-heading__size--small link-heading__align--left link-heading__font--primary  link-heading--no-margin story-card__link-heading\">\n\t<h2 class=\"link-heading__heading\" >\n\t\tWillkommen im Jahr 2048!\t<\/h2>\n<\/a>\t\t\t<a href=\"https:\/\/tippingpoint.net\/de\/willkommen-im-jahr-2048\/\" class=\"story-card__link\">\n\t\t\t\t<p class=\"paragraph paragraph__color--primary paragraph__size--small paragraph__align--left paragraph__font--primary paragraph__font-weight--normal story-card__paragraph\">\n\tVerena Ringler berichtet aus der Zukunft Europas. EU-Regierungen priorisieren zivile Belange vor einer Politik der Angst.<\/p>\t\t\t<\/a>\n\t\t<\/div>\n\t<\/div>\n\t<hr class=\"story-card__divider\">\n<\/div>\t\t\t<\/div>\n\t\t<\/div>\n\t<\/div>\n\n\n<div\n\tclass=\"wrapper  wrapper__bg-color--transparent  wrapper__spacing-bottom-large--10\" \n\t>\n\n\t\n\t\t\t<div class=\"wrapper__container wrapper__container-width-large--default wrapper__gutter-large--default\">\n\t\t\t<div class=\"wrapper__inner wrapper__width-large--12\">\n\t\t\t\t<p class=\"paragraph paragraph__color--secondary paragraph__size--medium paragraph__align--left paragraph__font--primary paragraph__font-weight--normal block-paragraph__paragraph\">\n\t&#8220;Damit sind die Aktivistinnen auf den Stra\u00dfen, die Aktiven in den D\u00f6rfern, die Gestalterinnen und Planer im privaten Sektor, die St\u00e4dte und Stadtverwaltungen gemeint.\u00a0Die EU muss drei gro\u00dfe Allianzen zu Klima-, Technologie und Sozialfragen ins Leben rufen und sie vernetzen. Staat und nicht staatliche Akteure m\u00fcssen von Anfang an im selben Raum sitzen: Bauern und Filmemacherinnen, Banker und Bienenz\u00fcchter, Aktivisten und Architektinnen. Diese Allianzen scheinen heute undenkbar. Doch der B\u00fcrgeraktivist des einen ist der politische Berater des anderen. Der erste Schritt zur L\u00f6sung von Governance-Problemen unserer Zeit sind Allianzen, die sich erst auf den zweiten Blick erschlie\u00dfen.&#8221;<\/p>\t\t\t<\/div>\n\t\t<\/div>\n\t<\/div>\n\n\n<div\n\tclass=\"wrapper  wrapper__bg-color--transparent  wrapper__spacing-bottom-large--10\" \n\t>\n\n\t\n\t\t\t<div class=\"wrapper__container wrapper__container-width-large--default wrapper__gutter-large--default\">\n\t\t\t<div class=\"wrapper__inner wrapper__width-large--12\">\n\t\t\t\t<div class=\"video__wrap video__ratio--default video__ratio--youtube block-video__video-wrap\">\n\t\t\t<div class=\"video__placeholder block-video__placeholder js-video-trigger\">\n\t\t\t<div class=\"image-wrap video__image-wrap\" data-align=\"center center\">\n\n\t\t\t<div\n\t\t\tstyle=\"background-image:url(https:\/\/i.ytimg.com\/vi\/dmHNNztcdSc\/maxresdefault.jpg)\"\n\t\t\tclass=\"image image--bg video__image\"\n\t\t>\n\t\t<\/div>\n\t\n\t<\/div><i class=\"icon icon icon__play video__icon\">\n\t<svg width='24' height='24' viewBox='0 0 24 24' xmlns='http:\/\/www.w3.org\/2000\/svg'><path fill-rule='evenodd' clip-rule='evenodd' d='M12 24C18.6274 24 24 18.6274 24 12C24 5.37258 18.6274 0 12 0C5.37258 0 0 5.37258 0 12C0 18.6274 5.37258 24 12 24ZM17.8043 12.9319C18.471 12.547 18.471 11.5847 17.8043 11.1998L9.84783 6.60612C9.18116 6.22122 8.34783 6.70235 8.34783 7.47215V16.6595C8.34783 17.4293 9.18116 17.9105 9.84783 17.5256L17.8043 12.9319Z' fill='currentColor'><\/path><\/svg><\/i>\t\t<\/div>\n\t\t<div class=\"BorlabsCookie _brlbs-cb-youtube\"><div class=\"_brlbs-content-blocker\"> <div class=\"_brlbs-embed _brlbs-video-youtube\"> <img class=\"_brlbs-thumbnail\" src=\"https:\/\/tippingpoint.net\/wp-content\/plugins\/borlabs-cookie\/assets\/images\/cb-no-thumbnail.png\" alt=\"YouTube\"> <div class=\"_brlbs-caption\"> <p>By loading the video, you agree to YouTube's privacy policy.<br><a href=\"https:\/\/policies.google.com\/privacy?hl=en&gl=en\" target=\"_blank\" rel=\"nofollow noopener noreferrer\">Learn more<\/a><\/p> <p><a class=\"_brlbs-btn _brlbs-icon-play-white\" href=\"#\" data-borlabs-cookie-unblock=\"youtube\" role=\"button\">Load video<\/a><\/p> <p><label><input type=\"checkbox\" name=\"unblockAll\" value=\"1\" checked> <small>Always unblock YouTube<\/small><\/label><\/p> <\/div> <\/div> <\/div><div class=\"borlabs-hide\" data-borlabs-cookie-type=\"content-blocker\" data-borlabs-cookie-id=\"youtube\">PGlmcmFtZQoJCWNsYXNzPSJ2aWRlbyBibG9jay12aWRlb19fdmlkZW8ganMtdmlkZW8gaXMtaGlkZGVuIgoJCXNyYz0iaHR0cHM6Ly93d3cueW91dHViZS1ub2Nvb2tpZS5jb20vZW1iZWQvZG1ITk56dGNkU2MiCgkJYWxsb3c9ImF1dG9wbGF5OyBmdWxsc2NyZWVuIgoJCWFsbG93RnVsbFNjcmVlbgoJCT48L2lmcmFtZT4=<\/div><\/div>\n\t<\/div>\t\t\t<\/div>\n\t\t<\/div>\n\t<\/div>\n\n\n<div\n\tclass=\"wrapper  wrapper__bg-color--transparent  wrapper__spacing-bottom-large--10\" \n\t>\n\n\t\n\t\t\t<div class=\"wrapper__container wrapper__container-width-large--default wrapper__gutter-large--default\">\n\t\t\t<div class=\"wrapper__inner wrapper__width-large--12\">\n\t\t\t\t<p class=\"paragraph paragraph__color--secondary paragraph__size--small paragraph__align--left paragraph__font--primary paragraph__font-weight--normal block-paragraph__paragraph\">\n\t<em>Dieser Text und dieses Video ist unter der Creative Commons Lizenz ver\u00f6ffentlicht: <a href=\"https:\/\/creativecommons.org\/licenses\/by-nc-nd\/3.0\/\" target=\"_blank\" rel=\"noopener\">CC BY-NC-ND 3.0<\/a>. Der Name des Autors\/Rechteinhabers soll wie folgt genannt werden. Autor: Jovana Trifunovic und Igor Bararon \/ tippingpoint.net.\u00a0Titelbild: Verena Ringler, Standfoto. Foto: Igor Bararon \/ tippingpoint.net<\/em><\/p>\t\t\t<\/div>\n\t\t<\/div>\n\t<\/div>\n\n\n<div\n\tclass=\"wrapper  wrapper__bg-color--transparent  wrapper__spacing-bottom-large--10\" \n\t>\n\n\t\n\t\t\t<div class=\"wrapper__container wrapper__container-width-large--default wrapper__gutter-large--default\">\n\t\t\t<div class=\"wrapper__inner wrapper__width-large--12\">\n\t\t\t\t\n<hr class=\"block-divider block-divider__color--primary\">\n\t\t\t<\/div>\n\t\t<\/div>\n\t<\/div>\n\n\n<div\n\tclass=\"wrapper  wrapper__bg-color--transparent  wrapper__spacing-bottom-large--10\" \n\t>\n\n\t\n\t\t\t<div class=\"wrapper__container wrapper__container-width-large--default wrapper__gutter-large--default\">\n\t\t\t<div class=\"wrapper__inner wrapper__width-large--12\">\n\t\t\t\t<h2 class=\"heading heading__color--primary heading__size--default heading__align--left heading__font--primary block-heading__heading\">\n\tBack on Track<\/h2>\t\t\t<\/div>\n\t\t<\/div>\n\t<\/div>\n\n\n<div\n\tclass=\"wrapper  wrapper__bg-color--transparent  wrapper__spacing-bottom-large--10\" \n\t>\n\n\t\n\t\t\t<div class=\"wrapper__container wrapper__container-width-large--default wrapper__gutter-large--default\">\n\t\t\t<div class=\"wrapper__inner wrapper__width-large--12\">\n\t\t\t\t<p class=\"paragraph paragraph__color--secondary paragraph__size--medium paragraph__align--left paragraph__font--primary paragraph__font-weight--normal block-paragraph__paragraph\">\n\tIn Anbetracht der gro\u00dfen geopolitischen Ver\u00e4nderungen und Herausforderungen in unserer Welt, von zunehmendem Nationalismus \u00fcber vermehrte Forderungen nach Privatsph\u00e4re bis hin zum Spannungsfeld zwischen wachsenden menschlichen Bed\u00fcrfnissen und \u00f6kologischen Grenzen, gibt es zweifelsohne noch Raum f\u00fcr erhebliche Verbesserungen. Wir von der ERSTE Stiftung sehen die Zivilgesellschaft in diesem Prozess als wesentlichen Impulsgeber und haben daher die Videoreihe <a href=\"https:\/\/tippingpoint.net\/de\/videos\/#back-on-track-ringler\"><em>Back on Track<\/em><\/a> \u00fcber soziales Engagement und Aktivismus gestartet \u2013 als ein klares Zeichen der Unterst\u00fctzung all jener, die sich daf\u00fcr einsetzen, unsere im Umbruch befindliche Gesellschaft aktiv mitzugestalten. <\/p>\t\t\t<\/div>\n\t\t<\/div>\n\t<\/div>\n\n\n<div\n\tclass=\"wrapper  wrapper__bg-color--transparent  wrapper__spacing-bottom-large--10\" \n\t>\n\n\t\n\t\t\t<div class=\"wrapper__container wrapper__container-width-large--default wrapper__gutter-large--default\">\n\t\t\t<div class=\"wrapper__inner wrapper__width-large--12\">\n\t\t\t\t<p class=\"paragraph paragraph__color--secondary paragraph__size--medium paragraph__align--left paragraph__font--primary paragraph__font-weight--normal block-paragraph__paragraph\">\n\tDas Video <a href=\"https:\/\/www.youtube.com\/watch?v=dmHNNztcdSc\" target=\"_blank\" rel=\"noreferrer noopener\"><em>Die Macht der\u00a0Allianzen auf den zweiten Blick<\/em><\/a> ist\u00a0die\u00a0dritte Episode der zweiten Staffel von <em>Back on Track<\/em>.<\/p>\t\t\t<\/div>\n\t\t<\/div>\n\t<\/div>\n","protected":false},"excerpt":{"rendered":"<p>Back on Track mit Verena Ringler<\/p>\n","protected":false},"author":1,"featured_media":1866,"comment_status":"closed","ping_status":"closed","sticky":false,"template":"","format":"standard","meta":{"footnotes":""},"categories":[433,268,438],"tags":[484,545,212,257,531],"formats":[],"acf":[],"_links":{"self":[{"href":"https:\/\/tippingpoint.net\/de\/wp-json\/wp\/v2\/posts\/3648"}],"collection":[{"href":"https:\/\/tippingpoint.net\/de\/wp-json\/wp\/v2\/posts"}],"about":[{"href":"https:\/\/tippingpoint.net\/de\/wp-json\/wp\/v2\/types\/post"}],"author":[{"embeddable":true,"href":"https:\/\/tippingpoint.net\/de\/wp-json\/wp\/v2\/users\/1"}],"replies":[{"embeddable":true,"href":"https:\/\/tippingpoint.net\/de\/wp-json\/wp\/v2\/comments?post=3648"}],"version-history":[{"count":7,"href":"https:\/\/tippingpoint.net\/de\/wp-json\/wp\/v2\/posts\/3648\/revisions"}],"predecessor-version":[{"id":6967,"href":"https:\/\/tippingpoint.net\/de\/wp-json\/wp\/v2\/posts\/3648\/revisions\/6967"}],"wp:featuredmedia":[{"embeddable":true,"href":"https:\/\/tippingpoint.net\/de\/wp-json\/wp\/v2\/media\/1866"}],"wp:attachment":[{"href":"https:\/\/tippingpoint.net\/de\/wp-json\/wp\/v2\/media?parent=3648"}],"wp:term":[{"taxonomy":"category","embeddable":true,"href":"https:\/\/tippingpoint.net\/de\/wp-json\/wp\/v2\/categories?post=3648"},{"taxonomy":"post_tag","embeddable":true,"href":"https:\/\/tippingpoint.net\/de\/wp-json\/wp\/v2\/tags?post=3648"},{"taxonomy":"format","embeddable":true,"href":"https:\/\/tippingpoint.net\/de\/wp-json\/wp\/v2\/formats?post=3648"}],"curies":[{"name":"wp","href":"https:\/\/api.w.org\/{rel}","templated":true}]}}