{"id":3620,"date":"2019-05-23T00:00:00","date_gmt":"2019-05-23T00:00:00","guid":{"rendered":"https:\/\/erste-foundation.byinfinum.co\/stresstest\/"},"modified":"2021-08-23T08:54:03","modified_gmt":"2021-08-23T08:54:03","slug":"stresstest","status":"publish","type":"post","link":"https:\/\/tippingpoint.net\/de\/stresstest\/","title":{"rendered":"Stresstest"},"content":{"rendered":"<div\n\tclass=\"wrapper  wrapper__bg-color--transparent  wrapper__spacing-bottom-large--10\" \n\t>\n\n\t\n\t\t\t<div class=\"wrapper__container wrapper__container-width-large--default wrapper__gutter-large--default\">\n\t\t\t<div class=\"wrapper__inner wrapper__width-large--12\">\n\t\t\t\t<p class=\"paragraph paragraph__color--secondary paragraph__size--medium paragraph__align--left paragraph__font--primary paragraph__font-weight--normal block-paragraph__paragraph\">\n\t<strong>Die bevorstehenden EU-Wahlen gelten als Stresstest f\u00fcr die Rolle, die Kroatien als zuletzt beigetretener Mitgliedsstaat in der EU einnimmt. Das Land trat 2013 der Europ\u00e4ischen Union bei, an den Europawahlen 2014 beteiligten sich aber nur ein Viertel aller Wahlberechtigten Kroatiens. Und das, obwohl es zwischen kroatischen und europ\u00e4ischen \u00dcberlegungen bei den Themen Migration und Arbeit sehr wohl \u00dcberschneidungen gibt.<\/strong><\/p>\t\t\t<\/div>\n\t\t<\/div>\n\t<\/div>\n\n\n<div\n\tclass=\"wrapper wrapper--overflow wrapper__bg-color--transparent  wrapper__spacing-bottom-large--10\" \n\t>\n\n\t\n\t\t\t<div class=\"wrapper__container wrapper__container-width-large--default wrapper__gutter-large--default\">\n\t\t\t<div class=\"wrapper__inner wrapper__width-large--12\">\n\t\t\t\t<p class=\"paragraph paragraph__color--primary paragraph__size--biggest paragraph__align--center paragraph__font--secondary paragraph__font-weight--normal block-quote__paragraph\">\n\tKroatien: von der Sozialdemokratie zum rechten Rand<\/p>\t\t\t<\/div>\n\t\t<\/div>\n\t<\/div>\n\n\n<div\n\tclass=\"wrapper  wrapper__bg-color--transparent  wrapper__spacing-bottom-large--10\" \n\t>\n\n\t\n\t\t\t<div class=\"wrapper__container wrapper__container-width-large--default wrapper__gutter-large--default\">\n\t\t\t<div class=\"wrapper__inner wrapper__width-large--12\">\n\t\t\t\t<p class=\"paragraph paragraph__color--secondary paragraph__size--medium paragraph__align--left paragraph__font--primary paragraph__font-weight--normal block-paragraph__paragraph\">\n\tDie Ergebnisse der EU-Wahlen 2014 in Kroatien waren etwas \u00fcberraschend: Die rechtskonservative Kroatische Demokratische Union (HDZ) gewann 41,42 % der Stimmen und sechs Sitze (f\u00fcnf in der EVP und einen in der EKR). Die in der Mitte-links verortete Sozialdemokratische Partei Kroatiens (SDP) gewann 29,93 % und vier Sitze (zwei in der S&amp;D und zwei in der ALDE). Und die gr\u00fcnliberale ORaH erzielte mit 9,42 % der Stimmen einen Sitz (bei den Gr\u00fcnen\/EFA).<\/p>\t\t\t<\/div>\n\t\t<\/div>\n\t<\/div>\n\n\n<div\n\tclass=\"wrapper  wrapper__bg-color--transparent  wrapper__spacing-bottom-large--10\" \n\t>\n\n\t\n\t\t\t<div class=\"wrapper__container wrapper__container-width-large--default wrapper__gutter-large--default\">\n\t\t\t<div class=\"wrapper__inner wrapper__width-large--12\">\n\t\t\t\t<p class=\"paragraph paragraph__color--secondary paragraph__size--medium paragraph__align--left paragraph__font--primary paragraph__font-weight--normal block-paragraph__paragraph\">\n\tDieses Ergebnis war insofern \u00fcberraschend, als die SDP bis dahin die st\u00e4rkste Partei im kroatischen Parlament gewesen war, sie f\u00fchrte die Koalitionsregierung von 2011 bis 2015 an. Nachdem sie jedoch in den Europawahlen hinter die HDZ gefallen war, verlor die SDP bei den Parlamentswahlen 2015 und auch den erneut abgehaltenen Wahlen zum Sabor 2016 wieder gegen die HDZ, obwohl die HDZ in einen Korruptionsskandal mit ihrem damaligen Vizepremier verwickelt war. Die Gruppe der derzeitigen Europaabgeordneten kann daher als getreues Spiegelbild der politischen Lage Kroatiens bezeichnet werden.<\/p>\t\t\t<\/div>\n\t\t<\/div>\n\t<\/div>\n\n\n<div\n\tclass=\"wrapper  wrapper__bg-color--transparent  wrapper__spacing-bottom-large--10\" \n\t>\n\n\t\n\t\t\t<div class=\"wrapper__container wrapper__container-width-large--default wrapper__gutter-large--default\">\n\t\t\t<div class=\"wrapper__inner wrapper__width-large--12\">\n\t\t\t\t<p class=\"paragraph paragraph__color--secondary paragraph__size--medium paragraph__align--left paragraph__font--primary paragraph__font-weight--normal block-paragraph__paragraph\">\n\t<strong>\u00dcber den eigenen Tellerrand hinaus<\/strong><br><br>Einen wichtigen Punkt muss man beachten, bevor man zu beurteilen versucht, wie hoch das Interesse der Kroatinnen und Kroaten an den EU-Wahlen ist: Kroatien stellt kein Mitglied in den wichtigsten st\u00e4ndigen Aussch\u00fcssen des Europ\u00e4ischen Parlaments, wie z. B. dem Haushaltsausschuss oder jenen, die sich den f\u00fcr das Land so wichtigen Wirtschaftszweigen wie dem Tourismus widmen. Hierin liegt vermutlich auch der Grund f\u00fcr die niedrige Wahlbeteiligung in Kroatien im Jahr 2014, als gerade einmal 25,24 % aller Wahlberechtigten (950.980 B\u00fcrgerinnen und B\u00fcrger) zu den Urnen schritten \u2013 deutlich weniger als bei den letzten Parlamentswahlen (61,77 % im Jahr 2011, 61,5 % im Jahr 2015 und 52,59 % im Jahr 2016). Man kann daher wohl davon ausgehen, dass das mangelnde Bewusstsein der Kroatinnen und Kroaten f\u00fcr die Bedeutung des Europ\u00e4ischen Parlaments daher r\u00fchrt, dass ihr eigenes Land in der EU nur eine Randposition einnimmt.<\/p>\t\t\t<\/div>\n\t\t<\/div>\n\t<\/div>\n\n\n<div\n\tclass=\"wrapper  wrapper__bg-color--transparent  wrapper__spacing-bottom-large--10\" \n\t>\n\n\t\n\t\t\t<div class=\"wrapper__container wrapper__container-width-large--default wrapper__gutter-large--default\">\n\t\t\t<div class=\"wrapper__inner wrapper__width-large--12\">\n\t\t\t\t<p class=\"paragraph paragraph__color--secondary paragraph__size--medium paragraph__align--left paragraph__font--primary paragraph__font-weight--normal block-paragraph__paragraph\">\n\tDie EU-Wahlen 2019 finden in Kroatien vor dem Hintergrund der bevorstehenden Parlamentswahlen im eigenen Land statt, die noch vor dem Ende des Jahres 2020 \u00fcber die B\u00fchne gehen sollen. Viele wichtige Bereiche \u00fcberschneiden sich auf europ\u00e4ischer und kroatischer Ebene, darunter Migration und Arbeit. Es wird interessant zu beobachten sein, ob sich der wachsende politische Unmut im eigenen Land in den Ergebnissen der Europawahlen widerspiegeln wird, quasi als Vorgeschmack auf zuk\u00fcnftige Wahlergebnisse in Kroatien. Oder ob die Bev\u00f6lkerung eine neue \u201edritte Option\u201c unterst\u00fctzt, die sich allerdings vor den kroatischen Wahlen erst noch auftun m\u00fcsste.<\/p>\t\t\t<\/div>\n\t\t<\/div>\n\t<\/div>\n\n\n<div\n\tclass=\"wrapper  wrapper__bg-color--transparent  wrapper__spacing-bottom-large--10\" \n\t>\n\n\t\n\t\t\t<div class=\"wrapper__container wrapper__container-width-large--default wrapper__gutter-large--default\">\n\t\t\t<div class=\"wrapper__inner wrapper__width-large--12\">\n\t\t\t\t<p class=\"paragraph paragraph__color--secondary paragraph__size--medium paragraph__align--left paragraph__font--primary paragraph__font-weight--normal block-paragraph__paragraph\">\n\t<em>Original auf Englisch. Erstmals publiziert am 29. April 2019 auf <a href=\"https:\/\/www.eurozine.com\/stress-test\/\" rel=\"noopener\" target=\"_blank\">Eurozine<\/a>.<br>Aus dem Englischen von Margit Hengsberger.<\/em><br><br><em>Dieser Text ist urheberrechtlich gesch\u00fctzt: \u00a9 Ivana Dra\u017ei\u0107 \/ Eurozine. Bei Interesse an Wiederver\u00f6ffentlichung bitten wir um Kontaktaufnahme mit der <a href=\"http:\/\/magazine.erstestiftung.org\/de\/erste-stiftung\/impressum\/\" target=\"_blank\" rel=\"noopener\">Redaktion<\/a>.<br>Urheberrechtliche Angaben zu Bildern, Grafiken und Videos sind direkt bei den Abbildungen vermerkt. Titelbild: Warschau, Polen. Foto: \u00a9 iStock \/ Dreamer4787<\/em><\/p>\t\t\t<\/div>\n\t\t<\/div>\n\t<\/div>\n\n\n<div\n\tclass=\"wrapper wrapper--overflow wrapper__bg-color--transparent  wrapper__spacing-bottom-large--10    wrapper__divider-bottom-large\" \n\t>\n\n\t\n\t\t\t<div class=\"wrapper__container wrapper__container-width-large--default wrapper__gutter-large--default\">\n\t\t\t<div class=\"wrapper__inner wrapper__width-large--12\">\n\t\t\t\t<p class=\"paragraph paragraph__color--secondary paragraph__size--medium paragraph__align--left paragraph__font--primary paragraph__font-weight--normal block-paragraph__paragraph\">\n\t<\/p>\t\t\t<\/div>\n\t\t<\/div>\n\t<\/div>\n\n\n<div\n\tclass=\"wrapper  wrapper__bg-color--transparent  wrapper__spacing-bottom-large--10\" \n\t>\n\n\t\n\t\t\t<div class=\"wrapper__container wrapper__container-width-large--default wrapper__gutter-large--default\">\n\t\t\t<div class=\"wrapper__inner wrapper__width-large--12\">\n\t\t\t\t<p class=\"paragraph paragraph__color--secondary paragraph__size--medium paragraph__align--left paragraph__font--primary paragraph__font-weight--normal block-paragraph__paragraph\">\n\t<strong>Mood of the Union<\/strong><br><br>Die Serie <a href=\"https:\/\/www.eurozine.com\/mood-of-the-union\/\" target=\"_blank\" rel=\"noopener\"><em>Mood of the Union<\/em><\/a> sammelt Artikel zur Wahl zum Europ\u00e4ischen Parlament aus allen 28 EU-Mitgliedstaaten. Die Serie wird von der ERSTE Foundation und dem <a href=\"https:\/\/www.ned.org\/\" target=\"_blank\" rel=\"noopener\">National Endowment for Democracy<\/a> unterst\u00fctzt.<br><br>In der Serie <em>The Mood of the Union<\/em> berichten Redakteure des Magazins <a href=\"https:\/\/www.eurozine.com\/\" rel=\"noopener\" target=\"_blank\">Eurozine<\/a> \u00fcber die Lage in der gesamten Europ\u00e4ischen Union und diskutieren mit Journalisten und Analysten die Einstellungen zu den EU-Wahlen und \u00fcber das, was auf nationaler Ebene auf dem Spiel steht. Ziel der Serie ist es, \u00fcber die Berichterstattung nationaler Medien hinaus, einen detaillierteren Einblick in die Stimmung vor Ort zu liefern. Die Serie wird von <a href=\"https:\/\/www.eurozine.com\/authors\/agnieszka-rosner\/\" target=\"_blank\" rel=\"noopener\">Agnieszka Rosner<\/a> kuratiert und vom mitwirkenden Redakteur Ben Tendler editiert.<\/p>\t\t\t<\/div>\n\t\t<\/div>\n\t<\/div>\n","protected":false},"excerpt":{"rendered":"<p>Kroatien vor den Wahlen zum Europ\u00e4ischen Parlament<\/p>\n","protected":false},"author":1,"featured_media":1757,"comment_status":"closed","ping_status":"closed","sticky":false,"template":"","format":"standard","meta":{"footnotes":""},"categories":[433,360],"tags":[263,476],"formats":[],"acf":[],"_links":{"self":[{"href":"https:\/\/tippingpoint.net\/de\/wp-json\/wp\/v2\/posts\/3620"}],"collection":[{"href":"https:\/\/tippingpoint.net\/de\/wp-json\/wp\/v2\/posts"}],"about":[{"href":"https:\/\/tippingpoint.net\/de\/wp-json\/wp\/v2\/types\/post"}],"author":[{"embeddable":true,"href":"https:\/\/tippingpoint.net\/de\/wp-json\/wp\/v2\/users\/1"}],"replies":[{"embeddable":true,"href":"https:\/\/tippingpoint.net\/de\/wp-json\/wp\/v2\/comments?post=3620"}],"version-history":[{"count":4,"href":"https:\/\/tippingpoint.net\/de\/wp-json\/wp\/v2\/posts\/3620\/revisions"}],"predecessor-version":[{"id":5490,"href":"https:\/\/tippingpoint.net\/de\/wp-json\/wp\/v2\/posts\/3620\/revisions\/5490"}],"wp:featuredmedia":[{"embeddable":true,"href":"https:\/\/tippingpoint.net\/de\/wp-json\/wp\/v2\/media\/1757"}],"wp:attachment":[{"href":"https:\/\/tippingpoint.net\/de\/wp-json\/wp\/v2\/media?parent=3620"}],"wp:term":[{"taxonomy":"category","embeddable":true,"href":"https:\/\/tippingpoint.net\/de\/wp-json\/wp\/v2\/categories?post=3620"},{"taxonomy":"post_tag","embeddable":true,"href":"https:\/\/tippingpoint.net\/de\/wp-json\/wp\/v2\/tags?post=3620"},{"taxonomy":"format","embeddable":true,"href":"https:\/\/tippingpoint.net\/de\/wp-json\/wp\/v2\/formats?post=3620"}],"curies":[{"name":"wp","href":"https:\/\/api.w.org\/{rel}","templated":true}]}}