{"id":3599,"date":"2019-06-11T00:00:00","date_gmt":"2019-06-11T00:00:00","guid":{"rendered":"https:\/\/erste-foundation.byinfinum.co\/living-in-truth-vaclav-havels-power-of-the-powerless\/"},"modified":"2021-07-01T05:40:13","modified_gmt":"2021-07-01T05:40:13","slug":"living-in-truth-vaclav-havels-power-of-the-powerless","status":"publish","type":"post","link":"https:\/\/tippingpoint.net\/de\/living-in-truth-vaclav-havels-power-of-the-powerless\/","title":{"rendered":"&#8220;Living in Truth: V\u00e1clav Havel\u2019s Power of the Powerless&#8221;"},"content":{"rendered":"<div\n\tclass=\"wrapper  wrapper__bg-color--transparent  wrapper__spacing-bottom-large--10\" \n\t>\n\n\t\n\t\t\t<div class=\"wrapper__container wrapper__container-width-large--default wrapper__gutter-large--default\">\n\t\t\t<div class=\"wrapper__inner wrapper__width-large--12\">\n\t\t\t\t<p class=\"paragraph paragraph__color--secondary paragraph__size--medium paragraph__align--left paragraph__font--primary paragraph__font-weight--normal block-paragraph__paragraph\">\n\t<strong>Es k\u00f6nnte der gr\u00f6\u00dfte jemals geschriebene Text sein, der das Wesen und die Zerbrechlichkeit der sp\u00e4ten kommunistischen Macht beschreibt: V\u00e1clav Havel&#8217;s Essay aus dem Jahr 1978 &#8220;Die Macht der M\u00e4chtigen oder Die Macht der Machtlosen&#8221; wird nicht zum Symbol f\u00fcr sozialistischen Enthusiasmus, sondern f\u00fcr die Entw\u00fcrdigung einer erzwungenen Einwilligung &#8211; Leben in L\u00fcgen. <\/strong><\/p>\t\t\t<\/div>\n\t\t<\/div>\n\t<\/div>\n\n\n<div\n\tclass=\"wrapper  wrapper__bg-color--transparent  wrapper__spacing-bottom-large--10\" \n\t>\n\n\t\n\t\t\t<div class=\"wrapper__container wrapper__container-width-large--default wrapper__gutter-large--default\">\n\t\t\t<div class=\"wrapper__inner wrapper__width-large--12\">\n\t\t\t\t<p class=\"paragraph paragraph__color--secondary paragraph__size--medium paragraph__align--left paragraph__font--primary paragraph__font-weight--normal block-paragraph__paragraph\">\n\tWissenschaftler der Humanwissenschaftlichen Fakult\u00e4t der Karls-Universit\u00e4t Prag und IWM Pato\u010dka-Stipendiat Milan Hany\u0161 er\u00f6rtert die Relevanz von Havels Konzepten des menschlichen Daseins, des \u201eLebens in der Wahrheit\u201c, der Menschenw\u00fcrde und der individuellen Rechte f\u00fcr den gegenw\u00e4rtigen politischen Zustand des Westens. Ludger Hagedorn, IWM Permanent Fellow und Leiter des Pato\u010dka Archivs und Programms, f\u00fchrt das Gespr\u00e4ch.<\/p>\t\t\t<\/div>\n\t\t<\/div>\n\t<\/div>\n\n\n<div\n\tclass=\"wrapper  wrapper__bg-color--transparent  wrapper__spacing-bottom-large--10\" \n\t>\n\n\t\n\t\t\t<div class=\"wrapper__container wrapper__container-width-large--default wrapper__gutter-large--default\">\n\t\t\t<div class=\"wrapper__inner wrapper__width-large--12\">\n\t\t\t\t<div class=\"video__wrap video__ratio--default video__ratio--youtube block-video__video-wrap\">\n\t\t\t<div class=\"video__placeholder block-video__placeholder js-video-trigger\">\n\t\t\t<div class=\"image-wrap video__image-wrap\" data-align=\"center center\">\n\n\t\t\t<div\n\t\t\tstyle=\"background-image:url(https:\/\/i.ytimg.com\/vi\/S3xl76gx_mg\/maxresdefault.jpg)\"\n\t\t\tclass=\"image image--bg video__image\"\n\t\t>\n\t\t<\/div>\n\t\n\t<\/div><i class=\"icon icon icon__play video__icon\">\n\t<svg width='24' height='24' viewBox='0 0 24 24' xmlns='http:\/\/www.w3.org\/2000\/svg'><path fill-rule='evenodd' clip-rule='evenodd' d='M12 24C18.6274 24 24 18.6274 24 12C24 5.37258 18.6274 0 12 0C5.37258 0 0 5.37258 0 12C0 18.6274 5.37258 24 12 24ZM17.8043 12.9319C18.471 12.547 18.471 11.5847 17.8043 11.1998L9.84783 6.60612C9.18116 6.22122 8.34783 6.70235 8.34783 7.47215V16.6595C8.34783 17.4293 9.18116 17.9105 9.84783 17.5256L17.8043 12.9319Z' fill='currentColor'><\/path><\/svg><\/i>\t\t<\/div>\n\t\t<div class=\"BorlabsCookie _brlbs-cb-youtube\"><div class=\"_brlbs-content-blocker\"> <div class=\"_brlbs-embed _brlbs-video-youtube\"> <img class=\"_brlbs-thumbnail\" src=\"https:\/\/tippingpoint.net\/wp-content\/plugins\/borlabs-cookie\/assets\/images\/cb-no-thumbnail.png\" alt=\"YouTube\"> <div class=\"_brlbs-caption\"> <p>By loading the video, you agree to YouTube's privacy policy.<br><a href=\"https:\/\/policies.google.com\/privacy?hl=en&gl=en\" target=\"_blank\" rel=\"nofollow noopener noreferrer\">Learn more<\/a><\/p> <p><a class=\"_brlbs-btn _brlbs-icon-play-white\" href=\"#\" data-borlabs-cookie-unblock=\"youtube\" role=\"button\">Load video<\/a><\/p> <p><label><input type=\"checkbox\" name=\"unblockAll\" value=\"1\" checked> <small>Always unblock YouTube<\/small><\/label><\/p> <\/div> <\/div> <\/div><div class=\"borlabs-hide\" data-borlabs-cookie-type=\"content-blocker\" data-borlabs-cookie-id=\"youtube\">PGlmcmFtZQoJCWNsYXNzPSJ2aWRlbyBibG9jay12aWRlb19fdmlkZW8ganMtdmlkZW8gaXMtaGlkZGVuIgoJCXNyYz0iaHR0cHM6Ly93d3cueW91dHViZS1ub2Nvb2tpZS5jb20vZW1iZWQvUzN4bDc2Z3hfbWciCgkJYWxsb3c9ImF1dG9wbGF5OyBmdWxsc2NyZWVuIgoJCWFsbG93RnVsbFNjcmVlbgoJCT48L2lmcmFtZT4=<\/div><\/div>\n\t<\/div>\t\t\t<\/div>\n\t\t<\/div>\n\t<\/div>\n\n\n<div\n\tclass=\"wrapper  wrapper__bg-color--transparent  wrapper__spacing-bottom-large--10\" \n\t>\n\n\t\n\t\t\t<div class=\"wrapper__container wrapper__container-width-large--default wrapper__gutter-large--default\">\n\t\t\t<div class=\"wrapper__inner wrapper__width-large--12\">\n\t\t\t\t<p class=\"paragraph paragraph__color--secondary paragraph__size--medium paragraph__align--left paragraph__font--primary paragraph__font-weight--normal block-paragraph__paragraph\">\n\t<em>Titelbild: Vaclav Havel, Staatsbegr\u00e4bnis, Schweigeminute, Wenzelsplatz. Foto: \u00a9 Rene Fluger \/ CTK \/ picturedesk.com<\/em><\/p>\t\t\t<\/div>\n\t\t<\/div>\n\t<\/div>\n\n\n<div\n\tclass=\"wrapper wrapper--overflow wrapper__bg-color--transparent  wrapper__spacing-bottom-large--10    wrapper__divider-bottom-large\" \n\t>\n\n\t\n\t\t\t<div class=\"wrapper__container wrapper__container-width-large--default wrapper__gutter-large--default\">\n\t\t\t<div class=\"wrapper__inner wrapper__width-large--12\">\n\t\t\t\t<p class=\"paragraph paragraph__color--secondary paragraph__size--medium paragraph__align--left paragraph__font--primary paragraph__font-weight--normal block-paragraph__paragraph\">\n\t<\/p>\t\t\t<\/div>\n\t\t<\/div>\n\t<\/div>\n\n\n<div\n\tclass=\"wrapper  wrapper__bg-color--transparent  wrapper__spacing-bottom-large--10\" \n\t>\n\n\t\n\t\t\t<div class=\"wrapper__container wrapper__container-width-large--default wrapper__gutter-large--default\">\n\t\t\t<div class=\"wrapper__inner wrapper__width-large--12\">\n\t\t\t\t<h2 class=\"heading heading__color--primary heading__size--default heading__align--left heading__font--secondary block-heading__heading\">\n\tVienna Humanities Festival<\/h2>\t\t\t<\/div>\n\t\t<\/div>\n\t<\/div>\n\n\n<div\n\tclass=\"wrapper  wrapper__bg-color--transparent  wrapper__spacing-bottom-large--10\" \n\t>\n\n\t\n\t\t\t<div class=\"wrapper__container wrapper__container-width-large--default wrapper__gutter-large--default\">\n\t\t\t<div class=\"wrapper__inner wrapper__width-large--12\">\n\t\t\t\t<p class=\"paragraph paragraph__color--secondary paragraph__size--medium paragraph__align--left paragraph__font--primary paragraph__font-weight--normal block-paragraph__paragraph\">\n\tDas <a href=\"http:\/\/humanitiesfestival.at\/\" target=\"_blank\" rel=\"noopener\">Vienna Humanities Festival<\/a>, veranstaltet vom <a href=\"http:\/\/www.iwm.at\/\" target=\"_blank\" rel=\"noopener\">IWM<\/a>, <a href=\"https:\/\/www.wienmuseum.at\/\" target=\"_blank\" rel=\"noopener\">Wien Museum<\/a> und <a href=\"https:\/\/www.tttdebates.org\/\" target=\"_blank\" rel=\"noopener\">Time to Talk<\/a>, ist eine Reihe von rund 40 Veranstaltungen (in deutscher und englischer Sprache), die vom 27. bis 30. September 2018 zum dritten Mal im <a href=\"https:\/\/www.wienmuseum.at\/\" target=\"_blank\" rel=\"noopener\">Wien Museum<\/a>, der <a href=\"https:\/\/www.tuwien.ac.at\/\" target=\"_blank\" rel=\"noopener\">TU Wien<\/a>, der Evangelische Volksschule und dem <a href=\"http:\/\/stadtkinowien.at\/\" target=\"_blank\" rel=\"noopener\">Stadtkino<\/a> stattfanden.<br><br>Das Thema &#8220;Macht und Ohnmacht&#8221; von 2018 befasste sich mit der Verwundbarkeit von Demokratien in Europa angesichts historischer Ereignisse und versucht, sie in einen Zusammenhang mit aktuellen gesellschaftspolitischen Entwicklungen zu stellen.<\/p>\t\t\t<\/div>\n\t\t<\/div>\n\t<\/div>\n","protected":false},"excerpt":{"rendered":"<p>Milan Hany\u0161 im Gespr\u00e4ch mit Ludger Hagedorn beim Vienna Humanities Festival 2018<\/p>\n","protected":false},"author":1,"featured_media":1654,"comment_status":"closed","ping_status":"closed","sticky":false,"template":"","format":"standard","meta":{"footnotes":""},"categories":[433,268],"tags":[348,351,474],"formats":[],"acf":[],"_links":{"self":[{"href":"https:\/\/tippingpoint.net\/de\/wp-json\/wp\/v2\/posts\/3599"}],"collection":[{"href":"https:\/\/tippingpoint.net\/de\/wp-json\/wp\/v2\/posts"}],"about":[{"href":"https:\/\/tippingpoint.net\/de\/wp-json\/wp\/v2\/types\/post"}],"author":[{"embeddable":true,"href":"https:\/\/tippingpoint.net\/de\/wp-json\/wp\/v2\/users\/1"}],"replies":[{"embeddable":true,"href":"https:\/\/tippingpoint.net\/de\/wp-json\/wp\/v2\/comments?post=3599"}],"version-history":[{"count":2,"href":"https:\/\/tippingpoint.net\/de\/wp-json\/wp\/v2\/posts\/3599\/revisions"}],"predecessor-version":[{"id":4444,"href":"https:\/\/tippingpoint.net\/de\/wp-json\/wp\/v2\/posts\/3599\/revisions\/4444"}],"wp:featuredmedia":[{"embeddable":true,"href":"https:\/\/tippingpoint.net\/de\/wp-json\/wp\/v2\/media\/1654"}],"wp:attachment":[{"href":"https:\/\/tippingpoint.net\/de\/wp-json\/wp\/v2\/media?parent=3599"}],"wp:term":[{"taxonomy":"category","embeddable":true,"href":"https:\/\/tippingpoint.net\/de\/wp-json\/wp\/v2\/categories?post=3599"},{"taxonomy":"post_tag","embeddable":true,"href":"https:\/\/tippingpoint.net\/de\/wp-json\/wp\/v2\/tags?post=3599"},{"taxonomy":"format","embeddable":true,"href":"https:\/\/tippingpoint.net\/de\/wp-json\/wp\/v2\/formats?post=3599"}],"curies":[{"name":"wp","href":"https:\/\/api.w.org\/{rel}","templated":true}]}}