{"id":3580,"date":"2019-01-17T00:00:00","date_gmt":"2019-01-17T00:00:00","guid":{"rendered":"https:\/\/erste-foundation.byinfinum.co\/populismus-vs-demokratie-in-mittel-und-osteuropa\/"},"modified":"2021-07-01T05:54:01","modified_gmt":"2021-07-01T05:54:01","slug":"populismus-vs-demokratie-in-mittel-und-osteuropa","status":"publish","type":"post","link":"https:\/\/tippingpoint.net\/de\/populismus-vs-demokratie-in-mittel-und-osteuropa\/","title":{"rendered":"Populismus vs. Demokratie in Mittel- und Osteuropa"},"content":{"rendered":"<div\n\tclass=\"wrapper  wrapper__bg-color--transparent  wrapper__spacing-bottom-large--10\" \n\t>\n\n\t\n\t\t\t<div class=\"wrapper__container wrapper__container-width-large--default wrapper__gutter-large--default\">\n\t\t\t<div class=\"wrapper__inner wrapper__width-large--12\">\n\t\t\t\t<p class=\"paragraph paragraph__color--secondary paragraph__size--medium paragraph__align--left paragraph__font--primary paragraph__font-weight--normal block-paragraph__paragraph\">\n\t<strong>Die politische Landschaft Europas unterliegt tiefgreifenden und drastischen Ver\u00e4nderungen. Vor allem in Ost- und Mitteleuropa hat die Unterst\u00fctzung populistischer Parteien stetig zugenommen und viele sind bereits in nationale Parlamente eingetreten.<\/strong><\/p>\t\t\t<\/div>\n\t\t<\/div>\n\t<\/div>\n\n\n<div\n\tclass=\"wrapper  wrapper__bg-color--transparent  wrapper__spacing-bottom-large--10\" \n\t>\n\n\t\n\t\t\t<div class=\"wrapper__container wrapper__container-width-large--default wrapper__gutter-large--default\">\n\t\t\t<div class=\"wrapper__inner wrapper__width-large--12\">\n\t\t\t\t<p class=\"paragraph paragraph__color--secondary paragraph__size--medium paragraph__align--left paragraph__font--primary paragraph__font-weight--normal block-paragraph__paragraph\">\n\tIn einem Gespr\u00e4ch mit <a href=\"http:\/\/www.thejudahedition.com\/\" rel=\"noopener\" target=\"_blank\">Tim Judah<\/a>, britischer Journalist und Balkan-Korrespondent f\u00fcr The Economist, wird &lt;a href=&quot;http:\/\/<a href=\"https:\/\/www.ecfr.eu\/profile\/C236\" rel=\"noopener\" target=\"_blank\">Piotr Buras<\/a>, Leiter des Warschau-B\u00fcros des <a href=\"https:\/\/www.ecfr.eu\/warsaw\" rel=\"noopener\" target=\"_blank\">European Council on Foreign Relations<\/a>, die Urspr\u00fcnge und Konsequenzen dieser neuen autorit\u00e4ren Welle diskutieren und sich Gedanken dar\u00fcber machen, was zu tun w\u00e4re, um die liberale Demokratie zu retten. Beide Vortragende sind derzeit Visiting Fellows des <a href=\"http:\/\/www.iwm.at\/research\/projects\/europes-futures\/\" rel=\"noopener\" target=\"_blank\">Europe\u2019s Futures <\/a> Projektes des <a href=\"http:\/\/www.iwm.at\/\" rel=\"noopener\" target=\"_blank\">IWM<\/a>. Sehen Sie die vollst\u00e4ndige Debatte in englischer Sprache:<\/p>\t\t\t<\/div>\n\t\t<\/div>\n\t<\/div>\n\n\n<div\n\tclass=\"wrapper  wrapper__bg-color--transparent  wrapper__spacing-bottom-large--10\" \n\t>\n\n\t\n\t\t\t<div class=\"wrapper__container wrapper__container-width-large--default wrapper__gutter-large--default\">\n\t\t\t<div class=\"wrapper__inner wrapper__width-large--12\">\n\t\t\t\t<div class=\"video__wrap video__ratio--default video__ratio--youtube block-video__video-wrap\">\n\t\t\t<div class=\"video__placeholder block-video__placeholder js-video-trigger\">\n\t\t\t<div class=\"image-wrap video__image-wrap\" data-align=\"center center\">\n\n\t\t\t<div\n\t\t\tstyle=\"background-image:url(https:\/\/i.ytimg.com\/vi\/A_VEckKL26w\/maxresdefault.jpg)\"\n\t\t\tclass=\"image image--bg video__image\"\n\t\t>\n\t\t<\/div>\n\t\n\t<\/div><i class=\"icon icon icon__play video__icon\">\n\t<svg width='24' height='24' viewBox='0 0 24 24' xmlns='http:\/\/www.w3.org\/2000\/svg'><path fill-rule='evenodd' clip-rule='evenodd' d='M12 24C18.6274 24 24 18.6274 24 12C24 5.37258 18.6274 0 12 0C5.37258 0 0 5.37258 0 12C0 18.6274 5.37258 24 12 24ZM17.8043 12.9319C18.471 12.547 18.471 11.5847 17.8043 11.1998L9.84783 6.60612C9.18116 6.22122 8.34783 6.70235 8.34783 7.47215V16.6595C8.34783 17.4293 9.18116 17.9105 9.84783 17.5256L17.8043 12.9319Z' fill='currentColor'><\/path><\/svg><\/i>\t\t<\/div>\n\t\t<div class=\"BorlabsCookie _brlbs-cb-youtube\"><div class=\"_brlbs-content-blocker\"> <div class=\"_brlbs-embed _brlbs-video-youtube\"> <img class=\"_brlbs-thumbnail\" src=\"https:\/\/tippingpoint.net\/wp-content\/plugins\/borlabs-cookie\/assets\/images\/cb-no-thumbnail.png\" alt=\"YouTube\"> <div class=\"_brlbs-caption\"> <p>By loading the video, you agree to YouTube's privacy policy.<br><a href=\"https:\/\/policies.google.com\/privacy?hl=en&gl=en\" target=\"_blank\" rel=\"nofollow noopener noreferrer\">Learn more<\/a><\/p> <p><a class=\"_brlbs-btn _brlbs-icon-play-white\" href=\"#\" data-borlabs-cookie-unblock=\"youtube\" role=\"button\">Load video<\/a><\/p> <p><label><input type=\"checkbox\" name=\"unblockAll\" value=\"1\" checked> <small>Always unblock YouTube<\/small><\/label><\/p> <\/div> <\/div> <\/div><div class=\"borlabs-hide\" data-borlabs-cookie-type=\"content-blocker\" data-borlabs-cookie-id=\"youtube\">PGlmcmFtZQoJCWNsYXNzPSJ2aWRlbyBibG9jay12aWRlb19fdmlkZW8ganMtdmlkZW8gaXMtaGlkZGVuIgoJCXNyYz0iaHR0cHM6Ly93d3cueW91dHViZS1ub2Nvb2tpZS5jb20vZW1iZWQvQV9WRWNrS0wyNnciCgkJYWxsb3c9ImF1dG9wbGF5OyBmdWxsc2NyZWVuIgoJCWFsbG93RnVsbFNjcmVlbgoJCT48L2lmcmFtZT4=<\/div><\/div>\n\t<\/div>\t\t\t<\/div>\n\t\t<\/div>\n\t<\/div>\n\n\n<div\n\tclass=\"wrapper  wrapper__bg-color--transparent  wrapper__spacing-bottom-large--10\" \n\t>\n\n\t\n\t\t\t<div class=\"wrapper__container wrapper__container-width-large--default wrapper__gutter-large--default\">\n\t\t\t<div class=\"wrapper__inner wrapper__width-large--12\">\n\t\t\t\t<p class=\"paragraph paragraph__color--secondary paragraph__size--medium paragraph__align--left paragraph__font--primary paragraph__font-weight--normal block-paragraph__paragraph\">\n\t<em>Titelbild: Im Sommer 2018 protestieren in der rum\u00e4nischen Hauptstadt Bukarest Tausende gegen Korruption in der sozialdemokratischen Regierung (PSD). Foto: \u00a9 Mihai Surdu \/ unsplash.com<\/em><\/p>\t\t\t<\/div>\n\t\t<\/div>\n\t<\/div>\n\n\n<div\n\tclass=\"wrapper wrapper--overflow wrapper__bg-color--transparent  wrapper__spacing-bottom-large--10    wrapper__divider-bottom-large\" \n\t>\n\n\t\n\t\t\t<div class=\"wrapper__container wrapper__container-width-large--default wrapper__gutter-large--default\">\n\t\t\t<div class=\"wrapper__inner wrapper__width-large--12\">\n\t\t\t\t<p class=\"paragraph paragraph__color--secondary paragraph__size--medium paragraph__align--left paragraph__font--primary paragraph__font-weight--normal block-paragraph__paragraph\">\n\t<\/p>\t\t\t<\/div>\n\t\t<\/div>\n\t<\/div>\n\n\n<div\n\tclass=\"wrapper  wrapper__bg-color--transparent  wrapper__spacing-bottom-large--10\" \n\t>\n\n\t\n\t\t\t<div class=\"wrapper__container wrapper__container-width-large--default wrapper__gutter-large--default\">\n\t\t\t<div class=\"wrapper__inner wrapper__width-large--12\">\n\t\t\t\t<h2 class=\"heading heading__color--primary heading__size--default heading__align--left heading__font--secondary block-heading__heading\">\n\tVienna Humanities Festival<\/h2>\t\t\t<\/div>\n\t\t<\/div>\n\t<\/div>\n\n\n<div\n\tclass=\"wrapper  wrapper__bg-color--transparent  wrapper__spacing-bottom-large--10\" \n\t>\n\n\t\n\t\t\t<div class=\"wrapper__container wrapper__container-width-large--default wrapper__gutter-large--default\">\n\t\t\t<div class=\"wrapper__inner wrapper__width-large--12\">\n\t\t\t\t<p class=\"paragraph paragraph__color--secondary paragraph__size--medium paragraph__align--left paragraph__font--primary paragraph__font-weight--normal block-paragraph__paragraph\">\n\tDas <a href=\"http:\/\/humanitiesfestival.at\/\" target=\"_blank\" rel=\"noopener\">Vienna Humanities Festival<\/a>, veranstaltet vom  <a href=\"http:\/\/www.iwm.at\/\" target=\"_blank\" rel=\"noopener\">IWM<\/a>, <a href=\"https:\/\/www.wienmuseum.at\/\" target=\"_blank\" rel=\"noopener\">Wien Museum<\/a> und <a href=\"https:\/\/www.tttdebates.org\/\" target=\"_blank\" rel=\"noopener\">Time to Talk<\/a>, ist eine Reihe von rund 40 Veranstaltungen (in deutscher und englischer Sprache), die vom 27. bis 30. September 2018 zum dritten Mal im <a href=\"https:\/\/www.wienmuseum.at\/\" rel=\"noopener\" target=\"_blank\">Wien Museum<\/a>, der <a href=\"https:\/\/www.tuwien.ac.at\/\" rel=\"noopener\" target=\"_blank\">TU Wien<\/a>, der Evangelische Volksschule und dem <a href=\"http:\/\/stadtkinowien.at\/\" rel=\"noopener\" target=\"_blank\">Stadtkino<\/a> stattfanden.<br><br>Das Thema &#8220;Macht und Ohnmacht&#8221; von 2018 befasste sich mit der Verwundbarkeit von Demokratien in Europa angesichts historischer Ereignisse und versucht, sie in einen Zusammenhang mit aktuellen gesellschaftspolitischen Entwicklungen zu stellen.<\/p>\t\t\t<\/div>\n\t\t<\/div>\n\t<\/div>\n","protected":false},"excerpt":{"rendered":"<p>Piotr Buras im Gespr\u00e4ch mit Tim Judah beim Vienna Humanities Festival 2018<\/p>\n","protected":false},"author":1,"featured_media":1553,"comment_status":"closed","ping_status":"closed","sticky":false,"template":"","format":"standard","meta":{"footnotes":""},"categories":[433,268],"tags":[266,369,474],"formats":[],"acf":[],"_links":{"self":[{"href":"https:\/\/tippingpoint.net\/de\/wp-json\/wp\/v2\/posts\/3580"}],"collection":[{"href":"https:\/\/tippingpoint.net\/de\/wp-json\/wp\/v2\/posts"}],"about":[{"href":"https:\/\/tippingpoint.net\/de\/wp-json\/wp\/v2\/types\/post"}],"author":[{"embeddable":true,"href":"https:\/\/tippingpoint.net\/de\/wp-json\/wp\/v2\/users\/1"}],"replies":[{"embeddable":true,"href":"https:\/\/tippingpoint.net\/de\/wp-json\/wp\/v2\/comments?post=3580"}],"version-history":[{"count":2,"href":"https:\/\/tippingpoint.net\/de\/wp-json\/wp\/v2\/posts\/3580\/revisions"}],"predecessor-version":[{"id":4485,"href":"https:\/\/tippingpoint.net\/de\/wp-json\/wp\/v2\/posts\/3580\/revisions\/4485"}],"wp:featuredmedia":[{"embeddable":true,"href":"https:\/\/tippingpoint.net\/de\/wp-json\/wp\/v2\/media\/1553"}],"wp:attachment":[{"href":"https:\/\/tippingpoint.net\/de\/wp-json\/wp\/v2\/media?parent=3580"}],"wp:term":[{"taxonomy":"category","embeddable":true,"href":"https:\/\/tippingpoint.net\/de\/wp-json\/wp\/v2\/categories?post=3580"},{"taxonomy":"post_tag","embeddable":true,"href":"https:\/\/tippingpoint.net\/de\/wp-json\/wp\/v2\/tags?post=3580"},{"taxonomy":"format","embeddable":true,"href":"https:\/\/tippingpoint.net\/de\/wp-json\/wp\/v2\/formats?post=3580"}],"curies":[{"name":"wp","href":"https:\/\/api.w.org\/{rel}","templated":true}]}}