{"id":3565,"date":"2018-11-20T00:00:00","date_gmt":"2018-11-20T00:00:00","guid":{"rendered":"https:\/\/erste-foundation.byinfinum.co\/traeume-eines-kontinents\/"},"modified":"2021-08-23T13:36:12","modified_gmt":"2021-08-23T13:36:12","slug":"traeume-eines-kontinents","status":"publish","type":"post","link":"https:\/\/tippingpoint.net\/de\/traeume-eines-kontinents\/","title":{"rendered":"Tr\u00e4ume eines Kontinents"},"content":{"rendered":"<div\n\tclass=\"wrapper  wrapper__bg-color--transparent  wrapper__spacing-bottom-large--10\" \n\t>\n\n\t\n\t\t\t<div class=\"wrapper__container wrapper__container-width-large--default wrapper__gutter-large--default\">\n\t\t\t<div class=\"wrapper__inner wrapper__width-large--12\">\n\t\t\t\t<p class=\"paragraph paragraph__color--secondary paragraph__size--medium paragraph__align--left paragraph__font--primary paragraph__font-weight--normal block-paragraph__paragraph\">\n\t<strong>Mythos, Gegenwart und Zukunft \u2013 und was passiert, wenn die Wirklichkeit die Groteske verschluckt? Was tr\u00e4umt ein Kontinent? Dieser Frage geht die junge, bereits mehrfach ausgezeichnete Autorin Miroslava Svolikova in ihrem neuen Theatertext <em><a href=\"https:\/\/derstandard.at\/2000088688722\/Europa-flieht-nach-Europa-Ein-riesengrosser-Spass\" target=\"_blank\" rel=\"noopener\">europa flieht nach europa<\/a><\/em> nach. <\/strong><\/p>\t\t\t<\/div>\n\t\t<\/div>\n\t<\/div>\n\n\n<div\n\tclass=\"wrapper  wrapper__bg-color--transparent  wrapper__spacing-bottom-large--10\" \n\t>\n\n\t\n\t\t\t<div class=\"wrapper__container wrapper__container-width-large--default wrapper__gutter-large--default\">\n\t\t\t<div class=\"wrapper__inner wrapper__width-large--12\">\n\t\t\t\t<p class=\"paragraph paragraph__color--secondary paragraph__size--medium paragraph__align--left paragraph__font--primary paragraph__font-weight--normal block-paragraph__paragraph\">\n\tEuropa tr\u00e4umt hier von sich selbst \u2013 als erf\u00fcllte Utopie. Von Gerechtigkeit also, von Gleichheit und Frieden. \u201eDieser Kontinent wird nicht in Blut getr\u00e4nkt!\u201c, lautet Europas Motto. Svolikova entwirft die Chronologie unserer Kontinentalgeschichte als Farce, als l\u00fcgenhaften Karneval, in dem der St\u00e4rkste die tollsten Maske tr\u00e4gt. Europa ist ein Kontinent der Ambivalenz \u2013 und Svolikovas dramatisches Gedicht ein akuter wie zeitloser Text europ\u00e4ischer Selbstvergewisserung und -entfremdung. Das Publikum wird mitgenommen auf eine sprachlich atem- wie kompromisslose <em>tour de force<\/em>, in der sich Exzess- und Gewaltbilder zu einem grellen \u201eKarneval der Wirklichkeit\u201c vermischen. Auf dem Parkett reichen Europas Kinder ihrer Mutter die H\u00e4nde. Im Freudentanz, im Totentanz.<\/p>\t\t\t<\/div>\n\t\t<\/div>\n\t<\/div>\n\n\n<div\n\tclass=\"wrapper  wrapper__bg-color--transparent  wrapper__spacing-bottom-large--10\" \n\t>\n\n\t\n\t\t\t<div class=\"wrapper__container wrapper__container-width-large--default wrapper__gutter-large--default\">\n\t\t\t<div class=\"wrapper__inner wrapper__width-large--12\">\n\t\t\t\t<p class=\"paragraph paragraph__color--secondary paragraph__size--medium paragraph__align--left paragraph__font--primary paragraph__font-weight--normal block-paragraph__paragraph\">\n\tSeit Oktober ist Franz-Xaver Mayrs zweite Svolikova-Inszenierung in Wien zu sehen. Sinnigerweise im ehemaligen Offizierskasino am Schwarzenbergplatz, wo zur Zeit auch das Exekutivsekretariat der halbj\u00e4hrlich rotierenden EU-Ratspr\u00e4sidentschaft angesiedelt ist, deren Vorsitz \u00d6sterreich noch bis Ende des Jahres innehat. Im Interview mit Florian Hirsch spricht Miroslava Svolikova \u00fcber ihre ganz pers\u00f6nliche \u201ePlaylist Europa\u201c.<\/p>\t\t\t<\/div>\n\t\t<\/div>\n\t<\/div>\n\n\n<div\n\tclass=\"wrapper wrapper--overflow wrapper__bg-color--transparent  wrapper__spacing-bottom-large--10\" \n\t>\n\n\t\n\t\t\t<div class=\"wrapper__container wrapper__container-width-large--default wrapper__gutter-large--default\">\n\t\t\t<div class=\"wrapper__inner wrapper__width-large--12 wrapper__offset-large--0\">\n\t\t\t\t\n<figure class=\"block-image-caption\">\n\t<div class=\"image-wrap block-image-caption__image-wrap\" data-align=\"center center\">\n\n\t\t\t<img\n\t\t\tsrc=\"http:\/\/tippingpoint.net\/wp-content\/uploads\/2021\/04\/europa-flieht-nach-europa_i_53s-favorite.jpg\"\n\t\t\tclass=\"image  block-image-caption__image\"\n\t\t\talt=\"\"\n\t\t\/>\n\t\n\t<\/div>\t<figcaption>\n\t\t<p class=\"paragraph paragraph__color--primary paragraph__size--small paragraph__align--center paragraph__font--secondary paragraph__font-weight--normal block-image-caption__paragraph\">\n\t&#8220;europa flieht nach europa&#8221;. Dorothee Hartinger, Alina Fritsch, Marie-Luise Stockinger, Sven Dolinski, Valentin Postlmayr, Marta Kizyma. Foto: \u00a9 Reinhard Werner<\/p>\t<\/figcaption>\n<\/figure>\n\t\t\t<\/div>\n\t\t<\/div>\n\t<\/div>\n\n\n<div\n\tclass=\"wrapper  wrapper__bg-color--transparent  wrapper__spacing-bottom-large--10\" \n\t>\n\n\t\n\t\t\t<div class=\"wrapper__container wrapper__container-width-large--default wrapper__gutter-large--default\">\n\t\t\t<div class=\"wrapper__inner wrapper__width-large--12\">\n\t\t\t\t<p class=\"paragraph paragraph__color--secondary paragraph__size--medium paragraph__align--left paragraph__font--primary paragraph__font-weight--normal block-paragraph__paragraph\">\n\t<strong>Miroslava Svolikova, nachdem in deinem letzten Erfolgsst\u00fcck mit dem so unendlich wie verwirrend erscheinenden Titel <em>Diese Mauer fasst sich selbst zusammen und der Stern hat gesprochen, der Stern hat auch was gesagt<\/em> sogar eine Schauspielerin als EU-Stern auf der B\u00fchne zu sehen war, setzt du dich nun wieder mit dem Thema Europa auseinander. <em>europa flieht nach europa<\/em> behandelt mit gro\u00dfem Sprachwitz die Vergangenheit, Gegenwart und Zukunft unseres aktuell doch recht zerrissen wirkenden Kontinents.<\/strong><br><br>Ich hatte nach meinem St\u00fcck <em>die hockenden<\/em>, das im Burgtheater-Vestib\u00fcl zu sehen war, gleich die Idee zu diesem Text, ihn aber erst einmal auf Eis gelegt, weil ich zun\u00e4chst <em>Diese Mauer<\/em> f\u00fcrs Schauspielhaus Wien geschrieben habe. Da kommt der letzte EU-Stern vor, aber es ist ganz anders.<br><\/p>\t\t\t<\/div>\n\t\t<\/div>\n\t<\/div>\n\n\n<div\n\tclass=\"wrapper  wrapper__bg-color--transparent  wrapper__spacing-bottom-large--10\" \n\t>\n\n\t\n\t\t\t<div class=\"wrapper__container wrapper__container-width-large--default wrapper__gutter-large--default\">\n\t\t\t<div class=\"wrapper__inner wrapper__width-large--12\">\n\t\t\t\t<p class=\"paragraph paragraph__color--secondary paragraph__size--medium paragraph__align--left paragraph__font--primary paragraph__font-weight--normal block-paragraph__paragraph\">\n\t<strong>Warum flieht Europa nun nach Europa? <\/strong><br><br>In der griechischen Mythologie wird Europa vom Stier entf\u00fchrt. In meiner Version befreit sie sich, indem sie ihn zuerst ermordet und dann an Land flieht. Interessiert hat mich die prek\u00e4re und sonderbare Situation der Europa, dieser seltsame Anfang und der Beginn, der schon r\u00e4umlich irgendwo anders angesiedelt ist. Das ist ja auch mit der europ\u00e4ischen Geschichte so, wenn man will, die sich aus vielen verschiedenen Kulturen speist, viele Beginne und Br\u00fcche kennt, chaotisch ist und immer schon nochmal ganz woanders beginnt, sich r\u00fcckbezieht und so weiter.<br><\/p>\t\t\t<\/div>\n\t\t<\/div>\n\t<\/div>\n\n\n<div\n\tclass=\"wrapper wrapper--overflow wrapper__bg-color--transparent  wrapper__spacing-bottom-large--10\" \n\t>\n\n\t\n\t\t\t<div class=\"wrapper__container wrapper__container-width-large--default wrapper__gutter-large--default\">\n\t\t\t<div class=\"wrapper__inner wrapper__width-large--12\">\n\t\t\t\t<p class=\"paragraph paragraph__color--primary paragraph__size--biggest paragraph__align--center paragraph__font--secondary paragraph__font-weight--normal block-quote__paragraph\">\n\t&#8220;Die Wirklichkeit hat die Groteske verschluckt und rollt \u00fcber uns dr\u00fcber.&#8221; <\/p><p class=\"paragraph paragraph__color--primary paragraph__size--small paragraph__align--center paragraph__font--secondary paragraph__font-weight--normal block-quote__author\">\n\t\u2014 <blockquote>&#8220;Die Wirklichkeit hat die Groteske verschluckt und rollt \u00fcber uns dr\u00fcber.&#8221;  <\/blockquote><br><\/p>\t\t\t<\/div>\n\t\t<\/div>\n\t<\/div>\n\n\n<div\n\tclass=\"wrapper  wrapper__bg-color--transparent  wrapper__spacing-bottom-large--10\" \n\t>\n\n\t\n\t\t\t<div class=\"wrapper__container wrapper__container-width-large--default wrapper__gutter-large--default\">\n\t\t\t<div class=\"wrapper__inner wrapper__width-large--12\">\n\t\t\t\t<p class=\"paragraph paragraph__color--secondary paragraph__size--medium paragraph__align--left paragraph__font--primary paragraph__font-weight--normal block-paragraph__paragraph\">\n\t<strong>Der Text ist auch eine Umschreibung des Mythos. Was ist neu an deinem Europa?<\/strong><br><br>Je nach Version wird Europa im Mythos nicht nur entf\u00fchrt, sondern auch vergewaltigt. F\u00fcr mich war ganz klar, dass sie sich auch mal wehrt. In die Brachialit\u00e4t mythischer Erz\u00e4hlung \u00fcbersetzt bedeutet das: dass sie den Stier ermordet, aber sie tut es ganz m\u00e4rchenhaft, mit einer Spitze aus ihrem Haar. Danach verk\u00fcndet sie die Vision eines friedlichen Kontinents. Auf einer anderen Ebene ist das als historische Ambivalenz zwischen Utopie und Gewalt zu lesen. Nach diesem Beginn findet sie sich in verschiedenen Tableaus, oder historischen und ideengeschichtlichen Situationen wieder, der Mythos endet gewisserma\u00dfen nach der ersten Szene, die Figur Europa l\u00e4uft aber als diese mythologische Figur und parallel als Verk\u00f6rperung einer Idee weiter.<br><\/p>\t\t\t<\/div>\n\t\t<\/div>\n\t<\/div>\n\n\n<div\n\tclass=\"wrapper  wrapper__bg-color--transparent  wrapper__spacing-bottom-large--10\" \n\t>\n\n\t\n\t\t\t<div class=\"wrapper__container wrapper__container-width-large--default wrapper__gutter-large--default\">\n\t\t\t<div class=\"wrapper__inner wrapper__width-large--12\">\n\t\t\t\t<p class=\"paragraph paragraph__color--secondary paragraph__size--medium paragraph__align--left paragraph__font--primary paragraph__font-weight--normal block-paragraph__paragraph\">\n\t<strong>Eine den Text wie ein Mantra durchziehende Zeile lautet: \u201cWILLKOMMEN BEIM KARNEVAL DER WIRLICHKEIT\u201d. Ist es angesichts einer immer grotesker erscheinenden Realit\u00e4t schlicht nur noch m\u00f6glich, diese als Karneval zu begreifen?<\/strong> <br><br>Den Eindruck hat man im Moment ganz stark. Und zwar, noch w\u00e4hrend man mitten drin steckt. Die Wirklichkeit hat die Groteske verschluckt und rollt \u00fcber uns dr\u00fcber.<br>Im St\u00fcck ist das zun\u00e4chst etwas historischer angelegt, da sind es mehr oder weniger die &#8220;zwei Bauern\u201d, nicht \u00f6sterreichische Biobauern sondern mittelalterliche Bauern, die sinngem\u00e4\u00df sagen: \u201cDas ist aber anstrengend, dieses Leben, jetzt, da wir als Bauern geboren wurden. Die ganzen L\u00e4use &#8230;\u201d. Ich musste unter anderem an eine Karikatur denken, in der Steve Jobs als chinesischer Fabrikarbeiter reinkarniert wird, der am Flie\u00dfband iPhones bauen muss.  <br><\/p>\t\t\t<\/div>\n\t\t<\/div>\n\t<\/div>\n\n\n<div\n\tclass=\"wrapper wrapper--overflow wrapper__bg-color--transparent  wrapper__spacing-bottom-large--10\" \n\t>\n\n\t\n\t\t\t<div class=\"wrapper__container wrapper__container-width-large--default wrapper__gutter-large--default\">\n\t\t\t<div class=\"wrapper__inner wrapper__width-large--12\">\n\t\t\t\t\n<div class=\"block-columns block-columns__gutter-large--10 block-columns__vertical-spacing-large--0\">\n\t\n\n<div class=\"block-column block-column__width-large--5 block-column__width-mobile--12\">\n\t\n<div class=\"wrapper  wrapper__bg-color--transparent  wrapper__spacing-bottom-large--10\">\n\n\t\n\t\t\t\n<div class=\"block-infobox\">\n\t<h2 class=\"heading heading__color--primary heading__size--small heading__align--left heading__font--secondary block-infobox__heading\">\n\tMiroslava Svolikova<\/h2>\n\t<div class=\"block-infobox__content\">\n\t\t\n<p class=\"paragraph paragraph__color--secondary paragraph__size--medium paragraph__align--left paragraph__font--secondary paragraph__font-weight--normal block-infobox__paragraph\">\n\tMiroslava Svolikova wurde 1986 in Wien geboren, studierte Philosophie in Wien und Paris, Szenisches Schreiben bei uniT Graz und an der Akademie der bildenden K\u00fcnste Wien. Sie arbeitet als bildende K\u00fcnstlerin, macht Musik, schreibt Dramen und Texte. 2015 gewann sie den Retzhofer Dramapreis f\u00fcr <em>die hockenden<\/em>, uraufgef\u00fchrt 2016 im Vestib\u00fcl.<br><br><em>Foto: \u00a9 Reinhard Werner<\/em><\/p>\n\t<\/div>\n<\/div>\n\t<\/div>\n\n<\/div>\n\n\n\n<div class=\"block-column block-column__width-large--7 block-column__width-mobile--12\">\n\t\n<div class=\"wrapper  wrapper__bg-color--transparent  wrapper__spacing-bottom-large--10\">\n\n\t\n\t\t\t<p class=\"paragraph paragraph__color--secondary paragraph__size--medium paragraph__align--left paragraph__font--primary paragraph__font-weight--normal block-paragraph__paragraph\">\n\t<strong>Ist <em>europa<\/em> \u00fcberhaupt ein Theaterst\u00fcck? Im Untertitel hei\u00dft es: <em>&#8220;Dramatisches Gedicht in mehreren Tableaus&#8221;<\/em>. Was bedeutet das?<\/strong><br><br>Das bedeutet, dass es keine historische Abhandlung zur europ\u00e4ischen Geschichte ist, auch wenn man allerlei historische Stationen assoziieren kann, die gro\u00dfe Katastrophe, den Urknall als die Weltkriege zum Beispiel. Im Endeffekt funktioniert das Ganze stark \u00fcber die Assoziationen der Zuschauer. <br><br>Ich habe in einem lyrischen Verfahren und stark \u00fcber Bilder gearbeitet, eigentlich arbeite ich immer so. Das Interessante an Bildern ist, dass sie auf mehreren Ebenen lesbar sind und sich im Theater wieder in neue Bilder einbetten lassen. Letztlich sind die Bilder ein kollektives Material. <br><br>Im Juli war ich auf Einladung des Goethe-Instituts in Tokio, wo das St\u00fcck szenisch gelesen wurde. Dort gibt es nat\u00fcrlich ein ganz anderes kollektives Wissen und ganz andere Assoziationen, griechische Mythen, ein Priester der \u00fcber die Rippe redet \u2013 solche Dinge sind nicht so unmittelbar bekannt. Die szenische Einrichtung hat mir aber dennoch sehr gut gefallen und es gab interessante Gespr\u00e4che.<\/p>\t<\/div>\n\n<\/div>\n\n<\/div>\n\t\t\t<\/div>\n\t\t<\/div>\n\t<\/div>\n\n\n<div\n\tclass=\"wrapper  wrapper__bg-color--transparent  wrapper__spacing-bottom-large--10\" \n\t>\n\n\t\n\t\t\t<div class=\"wrapper__container wrapper__container-width-large--default wrapper__gutter-large--default\">\n\t\t\t<div class=\"wrapper__inner wrapper__width-large--12\">\n\t\t\t\t<p class=\"paragraph paragraph__color--secondary paragraph__size--medium paragraph__align--left paragraph__font--primary paragraph__font-weight--normal block-paragraph__paragraph\">\n\t<strong>Wenn Europa ein Song w\u00e4re, ein Musikst\u00fcck \u2013 welcher\/welches w\u00e4re es? <em>Freude sch\u00f6ner G\u00f6tterfunken<\/em> sicher nicht, oder?<\/strong><br><br>Vermutlich eine ziemlich unzusammenh\u00e4ngende Playlist, der DJ kriegt danach keinen Job mehr.<br><\/p>\t\t\t<\/div>\n\t\t<\/div>\n\t<\/div>\n\n\n<div\n\tclass=\"wrapper  wrapper__bg-color--transparent  wrapper__spacing-bottom-large--10\" \n\t>\n\n\t\n\t\t\t<div class=\"wrapper__container wrapper__container-width-large--default wrapper__gutter-large--default\">\n\t\t\t<div class=\"wrapper__inner wrapper__width-large--12\">\n\t\t\t\t<p class=\"paragraph paragraph__color--secondary paragraph__size--medium paragraph__align--left paragraph__font--primary paragraph__font-weight--normal block-paragraph__paragraph\">\n\t<strong>Verl\u00e4uft die eigentliche Grenze zwischen Nord- und S\u00fcd- oder zwischen West- und Osteuropa?<\/strong><br><br>Sowohl als auch, und noch viel mehr. Wenn man alle Grenzen auf der Karte blau einzeichnet, sieht man die Karte nicht mehr, weil sie im Meer verschwindet.<br><\/p>\t\t\t<\/div>\n\t\t<\/div>\n\t<\/div>\n\n\n<div\n\tclass=\"wrapper wrapper--overflow wrapper__bg-color--transparent  wrapper__spacing-bottom-large--10\" \n\t>\n\n\t\n\t\t\t<div class=\"wrapper__container wrapper__container-width-large--default wrapper__gutter-large--default\">\n\t\t\t<div class=\"wrapper__inner wrapper__width-large--12 wrapper__offset-large--0\">\n\t\t\t\t\n<figure class=\"block-image-caption\">\n\t<div class=\"image-wrap block-image-caption__image-wrap\" data-align=\"center center\">\n\n\t\t\t<img\n\t\t\tsrc=\"http:\/\/tippingpoint.net\/wp-content\/uploads\/2021\/04\/europa-flieht-nach-europa_i_07s-favorite.jpg\"\n\t\t\tclass=\"image  block-image-caption__image\"\n\t\t\talt=\"\"\n\t\t\/>\n\t\n\t<\/div>\t<figcaption>\n\t\t<p class=\"paragraph paragraph__color--primary paragraph__size--small paragraph__align--center paragraph__font--secondary paragraph__font-weight--normal block-image-caption__paragraph\">\n\t&#8220;europa flieht nach europa&#8221;. Vorne: Dorothee Hartinger; hinten: Alina Fritsch, Valentin Postlmayr, Sven Dolinski. Foto: \u00a9 Reinhard Werner<\/p>\t<\/figcaption>\n<\/figure>\n\t\t\t<\/div>\n\t\t<\/div>\n\t<\/div>\n\n\n<div\n\tclass=\"wrapper  wrapper__bg-color--transparent  wrapper__spacing-bottom-large--10\" \n\t>\n\n\t\n\t\t\t<div class=\"wrapper__container wrapper__container-width-large--default wrapper__gutter-large--default\">\n\t\t\t<div class=\"wrapper__inner wrapper__width-large--12\">\n\t\t\t\t<p class=\"paragraph paragraph__color--secondary paragraph__size--medium paragraph__align--left paragraph__font--primary paragraph__font-weight--normal block-paragraph__paragraph\">\n\t<strong>&#8220;Wenn keiner an mich glaubt&#8221;, sagt Europa im Text, &#8220;werde ich verschwinden.<br>Glaubst du an Europa? Oder wird es noch vor den n\u00e4chsten <em>Berliner Autorentheatertagen<\/em>, wo das St\u00fcck uraufgef\u00fchrt wurde, untergehen? <\/strong><br><br>Das glaube ich nicht, die n\u00e4chsten Autorentheatertage sind sicher noch drin. Europa besteht nat\u00fcrlich aus den Menschen und erfindet sich immer neu. Das sich Neuerfinden geh\u00f6rt zu Europa dazu, so glaube ich. Und das Theater vielleicht auch. Also: gute Chancen.<br><\/p>\t\t\t<\/div>\n\t\t<\/div>\n\t<\/div>\n\n\n<div\n\tclass=\"wrapper  wrapper__bg-color--transparent  wrapper__spacing-bottom-large--10\" \n\t>\n\n\t\n\t\t\t<div class=\"wrapper__container wrapper__container-width-large--default wrapper__gutter-large--default\">\n\t\t\t<div class=\"wrapper__inner wrapper__width-large--12\">\n\t\t\t\t<p class=\"paragraph paragraph__color--secondary paragraph__size--medium paragraph__align--left paragraph__font--primary paragraph__font-weight--normal block-paragraph__paragraph\">\n\t<strong>Kann ausgerechnet das Theater Europa retten?<\/strong><br><br>Ich denke, so schlimm ist es noch nicht, dass das Theater mit einem Erste Hilfe-Koffer rumlaufen muss. Ich mache einen Spa\u00df. Das Theater muss uns nat\u00fcrlich alle retten!<br><\/p>\t\t\t<\/div>\n\t\t<\/div>\n\t<\/div>\n\n\n<div\n\tclass=\"wrapper  wrapper__bg-color--transparent  wrapper__spacing-bottom-large--10\" \n\t>\n\n\t\n\t\t\t<div class=\"wrapper__container wrapper__container-width-large--default wrapper__gutter-large--default\">\n\t\t\t<div class=\"wrapper__inner wrapper__width-large--12\">\n\t\t\t\t\n<ol class=\"block-footnotes js-footnote-list\">\n\n<\/ol>\n\t\t\t<\/div>\n\t\t<\/div>\n\t<\/div>\n","protected":false},"excerpt":{"rendered":"<p>Miroslava Svolikova \u00fcber ihren neuen Theatertext &#8220;europa flieht nach europa&#8221;<\/p>\n","protected":false},"author":1,"featured_media":3566,"comment_status":"closed","ping_status":"closed","sticky":false,"template":"","format":"standard","meta":{"footnotes":""},"categories":[433,245,434],"tags":[267],"formats":[],"acf":[],"_links":{"self":[{"href":"https:\/\/tippingpoint.net\/de\/wp-json\/wp\/v2\/posts\/3565"}],"collection":[{"href":"https:\/\/tippingpoint.net\/de\/wp-json\/wp\/v2\/posts"}],"about":[{"href":"https:\/\/tippingpoint.net\/de\/wp-json\/wp\/v2\/types\/post"}],"author":[{"embeddable":true,"href":"https:\/\/tippingpoint.net\/de\/wp-json\/wp\/v2\/users\/1"}],"replies":[{"embeddable":true,"href":"https:\/\/tippingpoint.net\/de\/wp-json\/wp\/v2\/comments?post=3565"}],"version-history":[{"count":4,"href":"https:\/\/tippingpoint.net\/de\/wp-json\/wp\/v2\/posts\/3565\/revisions"}],"predecessor-version":[{"id":5558,"href":"https:\/\/tippingpoint.net\/de\/wp-json\/wp\/v2\/posts\/3565\/revisions\/5558"}],"wp:featuredmedia":[{"embeddable":true,"href":"https:\/\/tippingpoint.net\/de\/wp-json\/wp\/v2\/media\/3566"}],"wp:attachment":[{"href":"https:\/\/tippingpoint.net\/de\/wp-json\/wp\/v2\/media?parent=3565"}],"wp:term":[{"taxonomy":"category","embeddable":true,"href":"https:\/\/tippingpoint.net\/de\/wp-json\/wp\/v2\/categories?post=3565"},{"taxonomy":"post_tag","embeddable":true,"href":"https:\/\/tippingpoint.net\/de\/wp-json\/wp\/v2\/tags?post=3565"},{"taxonomy":"format","embeddable":true,"href":"https:\/\/tippingpoint.net\/de\/wp-json\/wp\/v2\/formats?post=3565"}],"curies":[{"name":"wp","href":"https:\/\/api.w.org\/{rel}","templated":true}]}}