{"id":3561,"date":"2018-10-31T00:00:00","date_gmt":"2018-10-31T00:00:00","guid":{"rendered":"https:\/\/erste-foundation.byinfinum.co\/im-osten-faellt-der-vorhang-frueher\/"},"modified":"2021-07-01T06:02:56","modified_gmt":"2021-07-01T06:02:56","slug":"im-osten-faellt-der-vorhang-frueher","status":"publish","type":"post","link":"https:\/\/tippingpoint.net\/de\/im-osten-faellt-der-vorhang-frueher\/","title":{"rendered":"Im Osten f\u00e4llt der Vorhang fr\u00fcher."},"content":{"rendered":"<div\n\tclass=\"wrapper  wrapper__bg-color--transparent  wrapper__spacing-bottom-large--10\" \n\t>\n\n\t\n\t\t\t<div class=\"wrapper__container wrapper__container-width-large--default wrapper__gutter-large--default\">\n\t\t\t<div class=\"wrapper__inner wrapper__width-large--12\">\n\t\t\t\t<p class=\"paragraph paragraph__color--secondary paragraph__size--medium paragraph__align--left paragraph__font--primary paragraph__font-weight--normal block-paragraph__paragraph\">\n\t<strong>Bei der Lebenserwartung haben Ost- und S\u00fcdosteuropa noch nicht ganz aufgeholt. Viele Faktoren kann der Interessierte heranziehen, wenn er das Zusammenwachsen zwischen West und Ost nach 1989, also die Angleichung der Wohlstandsniveaus belegen m\u00f6chte: Er oder sie findet sie in den Kaufkraftstatistiken, im BIP pro Kopf und in den Auslandsreisen \u2013 \u00fcberall haben die j\u00fcngeren EU-Mitglieder stetig gegen\u00fcber den alten EU-Mitgliedern aufgeholt. Wer aber von den Wirtschaftsparametern weggeht, der wird ebenso Aussagekr\u00e4ftiges finden. Und keine erfolgreichere Geschichte als jene der sinkenden Kindersterblichkeit. Noch immer sterben weltweit j\u00e4hrlich vier Millionen Kinder, bevor sie das erste Lebensjahr erreicht haben. Doch immer weniger davon sterben in den osteurop\u00e4ischen L\u00e4ndern.<\/strong><\/p>\t\t\t<\/div>\n\t\t<\/div>\n\t<\/div>\n\n\n<div\n\tclass=\"wrapper  wrapper__bg-color--transparent  wrapper__spacing-bottom-large--10\" \n\t>\n\n\t\n\t\t\t<div class=\"wrapper__container wrapper__container-width-large--default wrapper__gutter-large--default\">\n\t\t\t<div class=\"wrapper__inner wrapper__width-large--12\">\n\t\t\t\t<p class=\"paragraph paragraph__color--secondary paragraph__size--medium paragraph__align--left paragraph__font--primary paragraph__font-weight--normal block-paragraph__paragraph\">\n\tDie Kindersterblichkeit wird gerne als Indikator sozio\u00f6konomischer Bedingungen verwendet. In ihr spiegeln sich Faktoren wie die medizinische Versorgung, hygienische Verh\u00e4ltnisse und die Bildung der M\u00fctter wider. Wenn weniger Kinder sterben, ist das Land gesamtperspektivisch auf einem guten Weg. In den L\u00e4ndern Ost- und S\u00fcdosteuropas ist die Kindersterblichkeit in den vergangenen 30 Jahren signifikant zur\u00fcckgegangen.<\/p>\t\t\t<\/div>\n\t\t<\/div>\n\t<\/div>\n\n\n<div class=\"embed-code\"><iframe loading=\"lazy\" src=\"http:\/\/datawrapper.dwcdn.net\/x9hLb\/1\/?src=embed\" title=\"\" width=\"\" height=\"\" scrolling=\"no\" frameborder=\"0\" style=\"border:none;\" allowfullscreen=\"allowfullscreen\"><\/iframe><\/div>\n\n<div\n\tclass=\"wrapper  wrapper__bg-color--transparent  wrapper__spacing-bottom-large--10\" \n\t>\n\n\t\n\t\t\t<div class=\"wrapper__container wrapper__container-width-large--default wrapper__gutter-large--default\">\n\t\t\t<div class=\"wrapper__inner wrapper__width-large--12\">\n\t\t\t\t<p class=\"paragraph paragraph__color--secondary paragraph__size--medium paragraph__align--left paragraph__font--primary paragraph__font-weight--normal block-paragraph__paragraph\">\n\tTschechien hat sich sogar EU-weit an die Spitze geschraubt. In jenem Land, in dem 1996 noch sechs von tausend Geborenen den ersten Geburtstag nicht erlebten, waren es 2016 weniger als drei Kinder. In Rum\u00e4nien, wo in den 1930er-Jahren noch jedes achte Kind unter einem Jahr starb, sank die Rate in den 1960er-Jahren auf 44 pro tausend, knickte aber erst 2008 auf unter zehn Promille \u2013 kurz nachdem Rum\u00e4nien der EU beigetreten war. Der Nachbar Ungarn hatte das schon zehn Jahre fr\u00fcher geschafft. Und am Beispiel der Republik Moldau zeigt sich die Aussagekraft dieses Indikators: Dort sterben immer noch mehr Kinder als sonst irgendwo in der Region unter einem Jahr \u2013 immer noch elf Promille. Ungef\u00e4hr auf diesem Niveau reiht sich auch Albanien ein. <\/p>\t\t\t<\/div>\n\t\t<\/div>\n\t<\/div>\n\n\n<div class=\"embed-code\"><iframe loading=\"lazy\" src=\"http:\/\/datawrapper.dwcdn.net\/U2nWE\/1\/?src=embed\" title=\"\" width=\"\" height=\"\" scrolling=\"no\" frameborder=\"0\" style=\"border:none;\" allowfullscreen=\"allowfullscreen\"><\/iframe><\/div>\n\n<div\n\tclass=\"wrapper  wrapper__bg-color--transparent  wrapper__spacing-bottom-large--10\" \n\t>\n\n\t\n\t\t\t<div class=\"wrapper__container wrapper__container-width-large--default wrapper__gutter-large--default\">\n\t\t\t<div class=\"wrapper__inner wrapper__width-large--12\">\n\t\t\t\t<p class=\"paragraph paragraph__color--secondary paragraph__size--medium paragraph__align--left paragraph__font--primary paragraph__font-weight--normal block-paragraph__paragraph\">\n\tDie Geburt markiert den Beginn des Lebens, der Tod bekanntlich das Ende und hier zeigt sich: Die Ost- und S\u00fcdosteurop\u00e4er sterben fr\u00fcher als ihre Kompagnons im Westen. Nimmt man die geographischen Enden im Westen und Osten, dann zeigt sich eine Lebenserwartungsl\u00fccke von zw\u00f6lf Jahren: Um so viel leben die Menschen in Portugal durchschnittlich l\u00e4nger als die Bulgaren im \u00e4u\u00dfersten Osten. Diese werden nur 73 Jahre alt. Die Gr\u00fcnde daf\u00fcr sind vielschichtig: Eine ungesunde Lebensweise mit hohem Nikotin- und Alkoholkonsum spielt eine Rolle. Ein schlecht funktionierendes Gesundheitssystem eine andere. <\/p>\t\t\t<\/div>\n\t\t<\/div>\n\t<\/div>\n\n\n<div class=\"embed-code\"><iframe loading=\"lazy\" src=\"http:\/\/datawrapper.dwcdn.net\/cV8T2\/1\/?src=embed\" title=\"\" width=\"\" height=\"\" scrolling=\"no\" frameborder=\"0\" style=\"border:none;\" allowfullscreen=\"allowfullscreen\"><\/iframe><\/div>\n\n<div\n\tclass=\"wrapper  wrapper__bg-color--transparent  wrapper__spacing-bottom-large--10\" \n\t>\n\n\t\n\t\t\t<div class=\"wrapper__container wrapper__container-width-large--default wrapper__gutter-large--default\">\n\t\t\t<div class=\"wrapper__inner wrapper__width-large--12\">\n\t\t\t\t<p class=\"paragraph paragraph__color--secondary paragraph__size--medium paragraph__align--left paragraph__font--primary paragraph__font-weight--normal block-paragraph__paragraph\">\n\tVor allem die l\u00e4ndliche Bev\u00f6lkerung in Rum\u00e4nien und Bulgarien ist medizinisch schlecht versorgt; es fehlt an Land\u00e4rzten ebenso wie an zumindest bescheiden ausgestatteten Krankenh\u00e4usern. Dazu kommen Umweltfaktoren wie schadstoffreiche Luft \u2013 vor allem in den Gro\u00dfst\u00e4dten, die immer noch als Auffangbecken f\u00fcr die ausrangierten Pkws des Westens dienen. 50 Prozent der in Rum\u00e4nien zugelassenen Pkws sind \u00e4lter als 15 Jahre. Im Mai hat die Europ\u00e4ische Kommission Rum\u00e4nien, aber auch Ungarn und Italien, wegen anhaltend hoher Feinstaubwerte vor dem Europ\u00e4ischen Gerichtshof angeklagt. Und die vielen Stra\u00dfentoten spielen ebenso in die Statistik hinein.<\/p>\t\t\t<\/div>\n\t\t<\/div>\n\t<\/div>\n\n\n<div class=\"embed-code\"><iframe loading=\"lazy\" src=\"http:\/\/datawrapper.dwcdn.net\/3lUcn\/1\/?src=embed\" title=\"\" width=\"\" height=\"\" scrolling=\"no\" frameborder=\"0\" style=\"border:none;\" allowfullscreen=\"allowfullscreen\"><\/iframe><\/div>\n\n<div\n\tclass=\"wrapper  wrapper__bg-color--transparent  wrapper__spacing-bottom-large--10\" \n\t>\n\n\t\n\t\t\t<div class=\"wrapper__container wrapper__container-width-large--default wrapper__gutter-large--default\">\n\t\t\t<div class=\"wrapper__inner wrapper__width-large--12\">\n\t\t\t\t<p class=\"paragraph paragraph__color--secondary paragraph__size--medium paragraph__align--left paragraph__font--primary paragraph__font-weight--normal block-paragraph__paragraph\">\n\tDas ist die schlechte Nachricht. Aber auch hier gibt es Positives zu vermelden: Zumindest in den jungen EU-Mitgliedern gleicht sich auch die Lebenserwartung an jene der alten EU an. Vor allem die Todesursache Herz-Kreislauf-Erkrankung nimmt ab: Pflanzliche \u00d6le anstatt tierischer Fette, ein bewussterer Lebensstil mit viel Bewegung und die moderne Medizin tragen dazu bei. Auch L\u00e4nder wie Serbien und Bosnien und Herzegowina haben sich von den kriegsbedingten Einbr\u00fcchen in der Lebenserwartung erholt.<\/p>\t\t\t<\/div>\n\t\t<\/div>\n\t<\/div>\n\n\n<div\n\tclass=\"wrapper wrapper--overflow wrapper__bg-color--transparent  wrapper__spacing-bottom-large--10\" \n\t>\n\n\t\n\t\t\t<div class=\"wrapper__container wrapper__container-width-large--default wrapper__gutter-large--default\">\n\t\t\t<div class=\"wrapper__inner wrapper__width-large--12\">\n\t\t\t\t<p class=\"paragraph paragraph__color--primary paragraph__size--biggest paragraph__align--center paragraph__font--secondary paragraph__font-weight--normal block-quote__paragraph\">\n\tZwischen dem \u00e4u\u00dfersten Osten und Westen der EU klafft eine Lebenserwartungsl\u00fccke von <\/p><p class=\"paragraph paragraph__color--primary paragraph__size--small paragraph__align--center paragraph__font--secondary paragraph__font-weight--normal block-quote__author\">\n\t\u2014 <blockquote>Zwischen dem \u00e4u\u00dfersten Osten und Westen der EU klafft eine Lebenserwartungsl\u00fccke von<br><font size=\"180\">12 Jahren.<\/font><\/blockquote><\/p>\t\t\t<\/div>\n\t\t<\/div>\n\t<\/div>\n\n\n<div\n\tclass=\"wrapper  wrapper__bg-color--transparent  wrapper__spacing-bottom-large--10\" \n\t>\n\n\t\n\t\t\t<div class=\"wrapper__container wrapper__container-width-large--default wrapper__gutter-large--default\">\n\t\t\t<div class=\"wrapper__inner wrapper__width-large--12\">\n\t\t\t\t<p class=\"paragraph paragraph__color--secondary paragraph__size--medium paragraph__align--left paragraph__font--primary paragraph__font-weight--normal block-paragraph__paragraph\">\n\tAuch der russische Mann lebt mittlerweile wieder l\u00e4nger, wenn auch immer noch nicht vergleichbar mit M\u00e4nnern in Polen und gar Deutschland. F\u00fcr ihn brachte der Zusammenbruch der Sowjetunion auch ein Ende der Alkoholrestriktionen mit sich, die Michail Gorbatschow 1985 zu Wege gebracht hatte und die die Todesrate vor allem bei russischen M\u00e4nnern signifikant nach unten gedr\u00fcckt hatten. Dazu kamen der Transformationsstress und ein kollabiertes Gesundheitssystem in den 1990ern, was in einer Lebenserwartung f\u00fcr M\u00e4nner von unter 60 Jahren resultierte. Noch heute stirbt jeder vierte russische Mann, bevor er seinen 55. Geburtstag feiern kann.<\/p>\t\t\t<\/div>\n\t\t<\/div>\n\t<\/div>\n\n\n<div\n\tclass=\"wrapper  wrapper__bg-color--transparent  wrapper__spacing-bottom-large--10\" \n\t>\n\n\t\n\t\t\t<div class=\"wrapper__container wrapper__container-width-large--default wrapper__gutter-large--default\">\n\t\t\t<div class=\"wrapper__inner wrapper__width-large--12\">\n\t\t\t\t<p class=\"paragraph paragraph__color--secondary paragraph__size--medium paragraph__align--left paragraph__font--primary paragraph__font-weight--normal block-paragraph__paragraph\">\n\t<em>Dieser Text und die Infografiken sind unter der Creative Commons Lizenz ver\u00f6ffentlicht: <a href=\"https:\/\/creativecommons.org\/licenses\/by-nc-nd\/3.0\/\" target=\"_blank\" rel=\"noopener\">CC BY-NC-ND 3.0<\/a>. Der Name der Autorin\/Rechteinhaberin soll wie folgt genannt werden. Autorin: Eva Konzett \/ erstestiftung.org, Infografiken und Illustration: Vanja Ivancevic \/ erstestiftung.org <br>Titelbild: Wiener Zentralfriedhof. Foto: (CC BY 2.0) Robin Jacob \/ Flickr<\/em><\/p>\t\t\t<\/div>\n\t\t<\/div>\n\t<\/div>\n\n\n<div\n\tclass=\"wrapper wrapper--overflow wrapper__bg-color--transparent  wrapper__spacing-bottom-large--10    wrapper__divider-bottom-large\" \n\t>\n\n\t\n\t\t\t<div class=\"wrapper__container wrapper__container-width-large--default wrapper__gutter-large--default\">\n\t\t\t<div class=\"wrapper__inner wrapper__width-large--12\">\n\t\t\t\t<p class=\"paragraph paragraph__color--secondary paragraph__size--medium paragraph__align--left paragraph__font--primary paragraph__font-weight--normal block-paragraph__paragraph\">\n\t<\/p>\t\t\t<\/div>\n\t\t<\/div>\n\t<\/div>\n\n\n<div\n\tclass=\"wrapper wrapper--overflow wrapper__bg-color--transparent  wrapper__spacing-bottom-large--10\" \n\t>\n\n\t\n\t\t\t<div class=\"wrapper__container wrapper__container-width-large--default wrapper__gutter-large--default\">\n\t\t\t<div class=\"wrapper__inner wrapper__width-large--12\">\n\t\t\t\t\n<div class=\"block-columns block-columns__gutter-large--10 block-columns__vertical-spacing-large--0\">\n\t\n\n<div class=\"block-column block-column__width-large--6 block-column__width-mobile--12\">\n\t\n<div class=\"wrapper wrapper--overflow wrapper__bg-color--transparent  wrapper__spacing-bottom-large--10\">\n\n\t\n\t\t\t<div class=\"image-wrap block-image__image-wrap\" data-align=\"center center\">\n\n\t\t\t<img decoding=\"async\" src=\"http:\/\/tippingpoint.net\/wp-content\/uploads\/2021\/04\/symbol-grau_full.png\" class=\"image  block-image__image\" alt=\"\" \/>\n\t\n\t<\/div>\t<\/div>\n\n<\/div>\n\n\n\n<div class=\"block-column block-column__width-large--6 block-column__width-mobile--12\">\n\t\n<div class=\"wrapper  wrapper__bg-color--transparent  wrapper__spacing-bottom-large--10\">\n\n\t\n\t\t\t<p class=\"paragraph paragraph__color--secondary paragraph__size--medium paragraph__align--left paragraph__font--primary paragraph__font-weight--normal block-paragraph__paragraph\">\n\t<h1>Kopf und Zahl &#8211; Osteuropa im digitalen Taschenformat<\/h1><br>14 Jahre sind vergangen, seit sich die Europ\u00e4ische Union in der ersten Runde Richtung Osten aufgemacht hat. Die anf\u00e4ngliche Euphorie ist erst dem Alltag und nun Ern\u00fcchterung auf beiden Seiten gewichen. Man ist sich manchenorts fremd geworden oder fremd geblieben, trotz der sichtbaren und verborgenen, der privaten, offiziellen und gesch\u00e4ftlichen Beziehungen. Trotz der vielen Gemeinsamkeiten, trotz der Wertsch\u00f6pfungsketten, die keine Grenzen mehr kennen. Und manchmal genau deswegen.<br><br><em>Kopf und Zahl<\/em> m\u00f6chte im Kleinen die politischen, wirtschaftlichen, kulturellen und gesellschaftlichen Lebensrealit\u00e4ten im j\u00fcngeren Teil der EU und der Beitrittskandidaten S\u00fcdosteuropas beleuchten und sie mit der westeurop\u00e4ischen Verfassung zumindest in \u00f6sterreichischer Ausformung abgleichen. Sind diese denn wirklich immer meilenweit voneinander entfernt? Wo scheitert der Blick von oben herab?<br><br>Jenseits des Vorurteils \u00f6ffnet sich eine andere Welt. <em>Kopf und Zahl<\/em> tr\u00e4gt sie in Bildern, Ziffern und Worten zusammen. Eine monatliche Portion Osteuropa. Im digitalen Taschenformat zum Mitnehmen.<\/p>\t<\/div>\n\n<\/div>\n\n<\/div>\n\t\t\t<\/div>\n\t\t<\/div>\n\t<\/div>\n","protected":false},"excerpt":{"rendered":"<p>Kopf und Zahl &#8211; Osteuropa im digitalen Taschenformat<\/p>\n","protected":false},"author":1,"featured_media":1450,"comment_status":"closed","ping_status":"closed","sticky":false,"template":"","format":"standard","meta":{"footnotes":""},"categories":[360,436],"tags":[368,364],"formats":[],"acf":[],"_links":{"self":[{"href":"https:\/\/tippingpoint.net\/de\/wp-json\/wp\/v2\/posts\/3561"}],"collection":[{"href":"https:\/\/tippingpoint.net\/de\/wp-json\/wp\/v2\/posts"}],"about":[{"href":"https:\/\/tippingpoint.net\/de\/wp-json\/wp\/v2\/types\/post"}],"author":[{"embeddable":true,"href":"https:\/\/tippingpoint.net\/de\/wp-json\/wp\/v2\/users\/1"}],"replies":[{"embeddable":true,"href":"https:\/\/tippingpoint.net\/de\/wp-json\/wp\/v2\/comments?post=3561"}],"version-history":[{"count":2,"href":"https:\/\/tippingpoint.net\/de\/wp-json\/wp\/v2\/posts\/3561\/revisions"}],"predecessor-version":[{"id":4500,"href":"https:\/\/tippingpoint.net\/de\/wp-json\/wp\/v2\/posts\/3561\/revisions\/4500"}],"wp:featuredmedia":[{"embeddable":true,"href":"https:\/\/tippingpoint.net\/de\/wp-json\/wp\/v2\/media\/1450"}],"wp:attachment":[{"href":"https:\/\/tippingpoint.net\/de\/wp-json\/wp\/v2\/media?parent=3561"}],"wp:term":[{"taxonomy":"category","embeddable":true,"href":"https:\/\/tippingpoint.net\/de\/wp-json\/wp\/v2\/categories?post=3561"},{"taxonomy":"post_tag","embeddable":true,"href":"https:\/\/tippingpoint.net\/de\/wp-json\/wp\/v2\/tags?post=3561"},{"taxonomy":"format","embeddable":true,"href":"https:\/\/tippingpoint.net\/de\/wp-json\/wp\/v2\/formats?post=3561"}],"curies":[{"name":"wp","href":"https:\/\/api.w.org\/{rel}","templated":true}]}}