{"id":3513,"date":"2018-07-13T00:00:00","date_gmt":"2018-07-13T00:00:00","guid":{"rendered":"https:\/\/erste-foundation.byinfinum.co\/pack-die-badehose-ein\/"},"modified":"2021-07-01T06:18:37","modified_gmt":"2021-07-01T06:18:37","slug":"pack-die-badehose-ein","status":"publish","type":"post","link":"https:\/\/tippingpoint.net\/de\/pack-die-badehose-ein\/","title":{"rendered":"Pack\u2018 die Badehose ein!"},"content":{"rendered":"<div\n\tclass=\"wrapper  wrapper__bg-color--transparent  wrapper__spacing-bottom-large--10\" \n\t>\n\n\t\n\t\t\t<div class=\"wrapper__container wrapper__container-width-large--default wrapper__gutter-large--default\">\n\t\t\t<div class=\"wrapper__inner wrapper__width-large--12\">\n\t\t\t\t<p class=\"paragraph paragraph__color--secondary paragraph__size--medium paragraph__align--left paragraph__font--primary paragraph__font-weight--normal block-paragraph__paragraph\">\n\t<strong>Europa ist der wichtigste Tourismusraum der Welt. Dazu tragen mehr und mehr auch die \u00f6stlichen L\u00e4nder bei.<\/strong><\/p>\t\t\t<\/div>\n\t\t<\/div>\n\t<\/div>\n\n\n<div\n\tclass=\"wrapper  wrapper__bg-color--transparent  wrapper__spacing-bottom-large--10\" \n\t>\n\n\t\n\t\t\t<div class=\"wrapper__container wrapper__container-width-large--default wrapper__gutter-large--default\">\n\t\t\t<div class=\"wrapper__inner wrapper__width-large--12\">\n\t\t\t\t<p class=\"paragraph paragraph__color--secondary paragraph__size--medium paragraph__align--left paragraph__font--primary paragraph__font-weight--normal block-paragraph__paragraph\">\n\tDer westeurop\u00e4ische Abenteuertourist reibt sich die Augen, wenn er auf dem Mutter-Theresa-Flughafen in der albanischen Hauptstadt Tirana landet. Denn erstens ist die ganze Anlage sauber und luftig gebaut und entspricht so gar nicht dem klassischen Bild, das man sich von Albanien macht. Und zweitens ist der westeurop\u00e4ische Abenteuertourist entgegen aller Erwartung nicht alleine hier. Nicht am Flughafen, und auch auf keinem der Sandstr\u00e4nde, die sich an der zerkl\u00fcfteten K\u00fcste bis zur griechischen Grenze hinunterziehen.<\/p>\t\t\t<\/div>\n\t\t<\/div>\n\t<\/div>\n\n\n<div\n\tclass=\"wrapper  wrapper__bg-color--transparent  wrapper__spacing-bottom-large--10\" \n\t>\n\n\t\n\t\t\t<div class=\"wrapper__container wrapper__container-width-large--default wrapper__gutter-large--default\">\n\t\t\t<div class=\"wrapper__inner wrapper__width-large--12\">\n\t\t\t\t<p class=\"paragraph paragraph__color--secondary paragraph__size--medium paragraph__align--left paragraph__font--primary paragraph__font-weight--normal block-paragraph__paragraph\">\n\tW\u00e4hrend Westeuropa bei Badeurlaub lange nur an Italien und Spanien, und sp\u00e4ter an die T\u00fcrkei und Nordafrika dachte, haben die Bewohner des Balkans Albanien l\u00e4ngst als Sommerurlaubsort entdeckt. Fast 15 Prozent der albanischen Wirtschaftsleistung, so sch\u00e4tzt die Europ\u00e4ische Bank f\u00fcr Wiederaufbau und Entwicklung (EBRD) erbringt indirekt und direkt der Tourismus. Man k\u00f6nnte bissig anmerken, dass das Gesch\u00e4ft mit den G\u00e4sten deshalb \u00fcberdurchschnittlich zum BIP beitr\u00e4gt, weil alle anderen Branchen unterdurchschnittlich arbeiten. Wer aber jemals im Juli am Strand von Durr\u00ebs einen Liegeplatz ergattern wollte, der zweifelt diese Zahlen nicht an.<\/p>\t\t\t<\/div>\n\t\t<\/div>\n\t<\/div>\n\n\n<div class=\"embed-code\"><iframe loading=\"lazy\" src=\"http:\/\/datawrapper.dwcdn.net\/SBc2q\/1\/?src=embed\" title=\"\" width=\"\" height=\"\" scrolling=\"no\" frameborder=\"0\" style=\"border:none;\" allowfullscreen=\"allowfullscreen\"><\/iframe><\/div>\n\n<div\n\tclass=\"wrapper  wrapper__bg-color--transparent  wrapper__spacing-bottom-large--10\" \n\t>\n\n\t\n\t\t\t<div class=\"wrapper__container wrapper__container-width-large--default wrapper__gutter-large--default\">\n\t\t\t<div class=\"wrapper__inner wrapper__width-large--12\">\n\t\t\t\t<p class=\"paragraph paragraph__color--secondary paragraph__size--medium paragraph__align--left paragraph__font--primary paragraph__font-weight--normal block-paragraph__paragraph\">\n\tS\u00fcdosteuropa ist in den vergangenen Jahren bei Touristikern wie Touristen zumindest ins Sichtfeld ger\u00fcckt. Das hat \u00e4u\u00dfere und innere Gr\u00fcnde. Die \u00e4u\u00dferen sind schnell erz\u00e4hlt: Der Arabische Fr\u00fchling und Angst vor Attentaten verleiden den sonnensuchenden Europ\u00e4ern die nordafrikanischen Str\u00e4nde, die T\u00fcrkei leidet touristisch an der innenpolitischen Lage. Dass etwa deutsche Staatsb\u00fcrger aufgrund fadenscheiniger Motive und ohne Verfahren in Untersuchungshaft genommen werden, tr\u00fcbt den Spa\u00df an Antalya und Co. Die Europ\u00e4er gehen jetzt nach Kroatien an den Strand, oder doch wieder nach Lignano oder sie bleiben gleich ganz zu Hause. Am kroatischen Beispiel lassen sich aber auch die internen Faktoren veranschaulichen: Namentlich der EU-Beitritt. Und alles, was davor passierte.<\/p>\t\t\t<\/div>\n\t\t<\/div>\n\t<\/div>\n\n\n<div\n\tclass=\"wrapper  wrapper__bg-color--transparent  wrapper__spacing-bottom-large--10\" \n\t>\n\n\t\n\t\t\t<div class=\"wrapper__container wrapper__container-width-large--default wrapper__gutter-large--default\">\n\t\t\t<div class=\"wrapper__inner wrapper__width-large--12\">\n\t\t\t\t<p class=\"paragraph paragraph__color--secondary paragraph__size--medium paragraph__align--left paragraph__font--primary paragraph__font-weight--normal block-paragraph__paragraph\">\n\tIn Kroatien hat sich die Anzahl der ausl\u00e4ndischen G\u00e4ste von 2007 bis 2014 um mehr als 50 Prozent erh\u00f6ht. Und: Mehr als die H\u00e4lfte der G\u00e4ste kommen jetzt aus der Eurozone. \u00c4hnlich erging es den anderen j\u00fcngeren Mitgliedern: Die EU-Integration, lange vor ihrer Vollendung, gab vor allem Italienern, Spaniern, Franzosen sowie Urlaubern aus Deutschland und Gro\u00dfbritannien gen\u00fcgend Sicherheit, gen Osten zu reisen. Ungarn ist mittlerweile der weltweit f\u00fcnftgr\u00f6\u00dfte Markt f\u00fcr Gesundheitstourismus \u2013 den Thermalquellen sei Dank. Sie garantieren einen ganzj\u00e4hrigen Andrang. Tschechien punktet beim St\u00e4dtetourismus \u2013 Hallo Prag! \u2013 und verzeichnet knapp 25 Millionen N\u00e4chtigungen von ausl\u00e4ndischen G\u00e4sten im Jahr. Polen wiederum pr\u00e4sentiert Kultur und Naturlandschaften. Auch nach Bulgarien reist man jetzt gern, wenn auch fast ausschlie\u00dflich w\u00e4hrend der Sommersaison. Immerhin aber hat es das kleine Land geschafft, seine Schwarzmeerk\u00fcste als \u201eGoldstrand\u201c in den Angeboten westlicher Reisedienstleister zu verankern. Der Nachbar Rum\u00e4nien tut sich da immer noch schwer: Das Preis-Leistungs-Verh\u00e4ltnis passt nicht, Stra\u00dfen- und Luftverbindungen, sowie gehobene Hotelangebote fehlen.<\/p>\t\t\t<\/div>\n\t\t<\/div>\n\t<\/div>\n\n\n<div class=\"embed-code\"><iframe loading=\"lazy\" src=\"http:\/\/datawrapper.dwcdn.net\/XJ87t\/1\/?src=embed\" title=\"\" width=\"\" height=\"\" scrolling=\"no\" frameborder=\"0\" style=\"border:none;\" allowfullscreen=\"allowfullscreen\"><\/iframe><\/div>\n\n<div\n\tclass=\"wrapper  wrapper__bg-color--transparent  wrapper__spacing-bottom-large--10\" \n\t>\n\n\t\n\t\t\t<div class=\"wrapper__container wrapper__container-width-large--default wrapper__gutter-large--default\">\n\t\t\t<div class=\"wrapper__inner wrapper__width-large--12\">\n\t\t\t\t<p class=\"paragraph paragraph__color--secondary paragraph__size--medium paragraph__align--left paragraph__font--primary paragraph__font-weight--normal block-paragraph__paragraph\">\n\tTrotz punktueller Probleme hat der EU-Integrationsprozess in der Region aber Vertrauen geschaffen. Die h\u00f6heren Besucherzahlen erfordern dringend notwendige Investitionen in die Infrastruktur und in das Freizeitangebot, was wiederum mehr G\u00e4ste anzieht. Auf diese Positivspirale d\u00fcrfen auch die Anw\u00e4rter auf dem Westbalkan hoffen.<\/p>\t\t\t<\/div>\n\t\t<\/div>\n\t<\/div>\n\n\n<div\n\tclass=\"wrapper  wrapper__bg-color--transparent  wrapper__spacing-bottom-large--10\" \n\t>\n\n\t\n\t\t\t<div class=\"wrapper__container wrapper__container-width-large--default wrapper__gutter-large--default\">\n\t\t\t<div class=\"wrapper__inner wrapper__width-large--12\">\n\t\t\t\t<p class=\"paragraph paragraph__color--secondary paragraph__size--medium paragraph__align--left paragraph__font--primary paragraph__font-weight--normal block-paragraph__paragraph\">\n\tWie man dabei etwas nachhelfen kann, zeigt Mazedonien. Seit die mazedonische Regierung \u00f6rtliche Reiseanbieter subventioniert, st\u00fcrmen j\u00e4hrlich mehr als 30.000 Holl\u00e4nder die Hotels am Ohridsee im S\u00fcdwesten des Landes. 2009 war ein holl\u00e4ndischer Reiseanbieter aufgesprungen und hatte den See, einen der \u00e4ltesten der Welt, der 1979 zum UNESCO-Welterbe erkl\u00e4rt wurde, im seiner Heimat bekannt gemacht. Heute l\u00e4utet der erste Charterflug aus Holland traditionell die Sommersaison ein.<\/p>\t\t\t<\/div>\n\t\t<\/div>\n\t<\/div>\n\n\n<div\n\tclass=\"wrapper  wrapper__bg-color--transparent  wrapper__spacing-bottom-large--10\" \n\t>\n\n\t\n\t\t\t<div class=\"wrapper__container wrapper__container-width-large--default wrapper__gutter-large--default\">\n\t\t\t<div class=\"wrapper__inner wrapper__width-large--12\">\n\t\t\t\t<p class=\"paragraph paragraph__color--secondary paragraph__size--medium paragraph__align--left paragraph__font--primary paragraph__font-weight--normal block-paragraph__paragraph\">\n\tTrotz \u00e4hnlicher Bem\u00fchungen zieht der Nachbar Serbien weiterhin Menschen aus der Region an. Laut Daten des Statistikamtes kommen vor allem Bosnier, Bulgaren und Montenegriner \u00fcber die Grenze. Aus der alten EU schaffen es vor allem Deutsche bis nach Serbien. Um den Einzugsraum zu erweitern, will die Regierung Serbien als Standort f\u00fcr Gesundheits- und Wellnesstourismus etablieren. Die mehr als 1.000 serbischen Heilwasserquellen sind den Serben selbst bestens bekannt. Aber bislang kommen nur zehn Prozent der ausl\u00e4ndischen G\u00e4ste ihretwegen ins Land.<\/p>\t\t\t<\/div>\n\t\t<\/div>\n\t<\/div>\n\n\n<div class=\"embed-code\"><iframe loading=\"lazy\" src=\"https:\/\/e.infogram.com\/be0f9ac8-4178-4d9f-95a8-77ea9b79d719?src=embed\" title=\"\" width=\"\" height=\"\" scrolling=\"no\" frameborder=\"0\" style=\"border:none;\" allowfullscreen=\"allowfullscreen\"><\/iframe><\/div>\n\n<div\n\tclass=\"wrapper  wrapper__bg-color--transparent  wrapper__spacing-bottom-large--10\" \n\t>\n\n\t\n\t\t\t<div class=\"wrapper__container wrapper__container-width-large--default wrapper__gutter-large--default\">\n\t\t\t<div class=\"wrapper__inner wrapper__width-large--12\">\n\t\t\t\t<p class=\"paragraph paragraph__color--secondary paragraph__size--medium paragraph__align--left paragraph__font--primary paragraph__font-weight--normal block-paragraph__paragraph\">\n\tWer nach Montenegro reist, der sucht die Sonne. Und immer mehr Russen finden den Sommer hier. Die Zahl der russischen Touristen hat sich seit 2007 verdoppelt \u2013 auch wenn die offiziellen Freundschaftsbekundungen abgenommen haben, seit Podgorica die EU-Sanktionen gegen Moskau mittr\u00e4gt und das Land der NATO beigetreten ist. Das Adria-St\u00e4dtchen Budva l\u00e4uft trotzdem von Mai bis Oktober unter dem Namen \u201eMoskau am Meer\u201c \u2013 Russen machen ein Viertel der ausl\u00e4ndischen Touristen aus. EU-B\u00fcrger sieht man hier noch wenige.<\/p>\t\t\t<\/div>\n\t\t<\/div>\n\t<\/div>\n\n\n<div\n\tclass=\"wrapper  wrapper__bg-color--transparent  wrapper__spacing-bottom-large--10\" \n\t>\n\n\t\n\t\t\t<div class=\"wrapper__container wrapper__container-width-large--default wrapper__gutter-large--default\">\n\t\t\t<div class=\"wrapper__inner wrapper__width-large--12\">\n\t\t\t\t<p class=\"paragraph paragraph__color--secondary paragraph__size--medium paragraph__align--left paragraph__font--primary paragraph__font-weight--normal block-paragraph__paragraph\">\n\tEuropa insgesamt ist der wichtigste Tourismusraum der Welt. Der Sektor besch\u00e4ftigt europaweit rund zw\u00f6lf Millionen Menschen und erwirtschaftet mehr als 350 Milliarden Euro. Das World Economic Forum erstellt j\u00e4hrlich einen Index, der die Rahmenbedingungen f\u00fcr die Tourismuswirtschaft in einem Land beschreibt. Die drei tourismusfreundlichsten L\u00e4nder, Spanien, Frankreich und Deutschland, liegen auf dem Kontinent.<\/p>\t\t\t<\/div>\n\t\t<\/div>\n\t<\/div>\n\n\n<div class=\"embed-code\"><iframe loading=\"lazy\" src=\"http:\/\/datawrapper.dwcdn.net\/WUOqG\/1\/?src=embed\" title=\"\" width=\"\" height=\"\" scrolling=\"no\" frameborder=\"0\" style=\"border:none;\" allowfullscreen=\"allowfullscreen\"><\/iframe><\/div>\n\n<div\n\tclass=\"wrapper  wrapper__bg-color--transparent  wrapper__spacing-bottom-large--10\" \n\t>\n\n\t\n\t\t\t<div class=\"wrapper__container wrapper__container-width-large--default wrapper__gutter-large--default\">\n\t\t\t<div class=\"wrapper__inner wrapper__width-large--12\">\n\t\t\t\t<p class=\"paragraph paragraph__color--secondary paragraph__size--medium paragraph__align--left paragraph__font--primary paragraph__font-weight--normal block-paragraph__paragraph\">\n\t2017 hat Albanien zwar im Zweijahresvergleich acht R\u00e4nge wettgemacht und landet weltweit auf Platz 98. Mit einem modernen Flughafen allein schafft man es trotzdem nicht weit nach vorne. Unter den besten zehn L\u00e4ndern sucht man auch die anderen jungen EU-Mitglieder oder Anw\u00e4rter ebenfalls noch vergeblich. \u00d6sterreich \u00fcbrigens auch.<\/p>\t\t\t<\/div>\n\t\t<\/div>\n\t<\/div>\n\n\n<div\n\tclass=\"wrapper  wrapper__bg-color--transparent  wrapper__spacing-bottom-large--10\" \n\t>\n\n\t\n\t\t\t<div class=\"wrapper__container wrapper__container-width-large--default wrapper__gutter-large--default\">\n\t\t\t<div class=\"wrapper__inner wrapper__width-large--12\">\n\t\t\t\t<p class=\"paragraph paragraph__color--secondary paragraph__size--medium paragraph__align--left paragraph__font--primary paragraph__font-weight--normal block-paragraph__paragraph\">\n\t<em>Dieser Text und die Infografiken sind unter der Creative Commons Lizenz ver\u00f6ffentlicht: <a href=\"https:\/\/creativecommons.org\/licenses\/by-nc-nd\/3.0\/\" target=\"_blank\" rel=\"noopener\">CC BY-NC-ND 3.0<\/a>. Der Name der Autorin\/Rechteinhaberin soll wie folgt genannt werden. Autorin: Eva Konzett \/ erstestiftung.org, Infografiken und Illustration: Vanja Ivancevic \/ erstestiftung.org<br>Titelbild: Foto: \u00a9 paulprescott72\/iStock.<\/em><\/p>\t\t\t<\/div>\n\t\t<\/div>\n\t<\/div>\n\n\n<div\n\tclass=\"wrapper wrapper--overflow wrapper__bg-color--transparent  wrapper__spacing-bottom-large--10    wrapper__divider-bottom-large\" \n\t>\n\n\t\n\t\t\t<div class=\"wrapper__container wrapper__container-width-large--default wrapper__gutter-large--default\">\n\t\t\t<div class=\"wrapper__inner wrapper__width-large--12\">\n\t\t\t\t<p class=\"paragraph paragraph__color--secondary paragraph__size--medium paragraph__align--left paragraph__font--primary paragraph__font-weight--normal block-paragraph__paragraph\">\n\t<\/p>\t\t\t<\/div>\n\t\t<\/div>\n\t<\/div>\n\n\n<div\n\tclass=\"wrapper wrapper--overflow wrapper__bg-color--transparent  wrapper__spacing-bottom-large--10\" \n\t>\n\n\t\n\t\t\t<div class=\"wrapper__container wrapper__container-width-large--default wrapper__gutter-large--default\">\n\t\t\t<div class=\"wrapper__inner wrapper__width-large--12\">\n\t\t\t\t\n<div class=\"block-columns block-columns__gutter-large--10 block-columns__vertical-spacing-large--0\">\n\t\n\n<div class=\"block-column block-column__width-large--6 block-column__width-mobile--12\">\n\t\n<div class=\"wrapper wrapper--overflow wrapper__bg-color--transparent  wrapper__spacing-bottom-large--10\">\n\n\t\n\t\t\t<div class=\"image-wrap block-image__image-wrap\" data-align=\"center center\">\n\n\t\t\t<img decoding=\"async\" src=\"http:\/\/tippingpoint.net\/wp-content\/uploads\/2021\/04\/symbol-gelb_full.png\" class=\"image  block-image__image\" alt=\"\" \/>\n\t\n\t<\/div>\t<\/div>\n\n<\/div>\n\n\n\n<div class=\"block-column block-column__width-large--6 block-column__width-mobile--12\">\n\t\n<div class=\"wrapper  wrapper__bg-color--transparent  wrapper__spacing-bottom-large--10\">\n\n\t\n\t\t\t<p class=\"paragraph paragraph__color--secondary paragraph__size--medium paragraph__align--left paragraph__font--primary paragraph__font-weight--normal block-paragraph__paragraph\">\n\t<h1>Kopf und Zahl &#8211; Osteuropa im digitalen Taschenformat<\/h1><br>14 Jahre sind vergangen, seit sich die Europ\u00e4ische Union in der ersten Runde Richtung Osten aufgemacht hat. Die anf\u00e4ngliche Euphorie ist erst dem Alltag und nun Ern\u00fcchterung auf beiden Seiten gewichen. Man ist sich manchenorts fremd geworden oder fremd geblieben, trotz der sichtbaren und verborgenen, der privaten, offiziellen und gesch\u00e4ftlichen Beziehungen. Trotz der vielen Gemeinsamkeiten, trotz der Wertsch\u00f6pfungsketten, die keine Grenzen mehr kennen. Und manchmal genau deswegen.<br><br><em>Kopf und Zahl<\/em> m\u00f6chte im Kleinen die politischen, wirtschaftlichen, kulturellen und gesellschaftlichen Lebensrealit\u00e4ten im j\u00fcngeren Teil der EU und der Beitrittskandidaten S\u00fcdosteuropas beleuchten und sie mit der westeurop\u00e4ischen Verfassung zumindest in \u00f6sterreichischer Ausformung abgleichen. Sind diese denn wirklich immer meilenweit voneinander entfernt? Wo scheitert der Blick von oben herab?<br><br>Jenseits des Vorurteils \u00f6ffnet sich eine andere Welt. <em>Kopf und Zahl<\/em> tr\u00e4gt sie in Bildern, Ziffern und Worten zusammen. Eine monatliche Portion Osteuropa. Im digitalen Taschenformat zum Mitnehmen.<\/p>\t<\/div>\n\n<\/div>\n\n<\/div>\n\t\t\t<\/div>\n\t\t<\/div>\n\t<\/div>\n","protected":false},"excerpt":{"rendered":"<p>Kopf und Zahl &#8211; Osteuropa im digitalen Taschenformat<\/p>\n","protected":false},"author":1,"featured_media":1272,"comment_status":"closed","ping_status":"closed","sticky":false,"template":"","format":"standard","meta":{"footnotes":""},"categories":[360,436],"tags":[246,383,280,364,391,334],"formats":[],"acf":[],"_links":{"self":[{"href":"https:\/\/tippingpoint.net\/de\/wp-json\/wp\/v2\/posts\/3513"}],"collection":[{"href":"https:\/\/tippingpoint.net\/de\/wp-json\/wp\/v2\/posts"}],"about":[{"href":"https:\/\/tippingpoint.net\/de\/wp-json\/wp\/v2\/types\/post"}],"author":[{"embeddable":true,"href":"https:\/\/tippingpoint.net\/de\/wp-json\/wp\/v2\/users\/1"}],"replies":[{"embeddable":true,"href":"https:\/\/tippingpoint.net\/de\/wp-json\/wp\/v2\/comments?post=3513"}],"version-history":[{"count":2,"href":"https:\/\/tippingpoint.net\/de\/wp-json\/wp\/v2\/posts\/3513\/revisions"}],"predecessor-version":[{"id":4527,"href":"https:\/\/tippingpoint.net\/de\/wp-json\/wp\/v2\/posts\/3513\/revisions\/4527"}],"wp:featuredmedia":[{"embeddable":true,"href":"https:\/\/tippingpoint.net\/de\/wp-json\/wp\/v2\/media\/1272"}],"wp:attachment":[{"href":"https:\/\/tippingpoint.net\/de\/wp-json\/wp\/v2\/media?parent=3513"}],"wp:term":[{"taxonomy":"category","embeddable":true,"href":"https:\/\/tippingpoint.net\/de\/wp-json\/wp\/v2\/categories?post=3513"},{"taxonomy":"post_tag","embeddable":true,"href":"https:\/\/tippingpoint.net\/de\/wp-json\/wp\/v2\/tags?post=3513"},{"taxonomy":"format","embeddable":true,"href":"https:\/\/tippingpoint.net\/de\/wp-json\/wp\/v2\/formats?post=3513"}],"curies":[{"name":"wp","href":"https:\/\/api.w.org\/{rel}","templated":true}]}}