{"id":3447,"date":"2018-02-27T00:00:00","date_gmt":"2018-02-27T00:00:00","guid":{"rendered":"https:\/\/erste-foundation.byinfinum.co\/gibt-es-die-republik-oesterreich-im-jahr-2118-noch\/"},"modified":"2021-07-01T06:43:26","modified_gmt":"2021-07-01T06:43:26","slug":"gibt-es-die-republik-oesterreich-im-jahr-2118-noch","status":"publish","type":"post","link":"https:\/\/tippingpoint.net\/de\/gibt-es-die-republik-oesterreich-im-jahr-2118-noch\/","title":{"rendered":"Gibt es die Republik \u00d6sterreich im Jahr 2118 noch?"},"content":{"rendered":"<div\n\tclass=\"wrapper  wrapper__bg-color--transparent  wrapper__spacing-bottom-large--10\" \n\t>\n\n\t\n\t\t\t<div class=\"wrapper__container wrapper__container-width-large--default wrapper__gutter-large--default\">\n\t\t\t<div class=\"wrapper__inner wrapper__width-large--12\">\n\t\t\t\t<p class=\"paragraph paragraph__color--secondary paragraph__size--medium paragraph__align--left paragraph__font--primary paragraph__font-weight--normal block-paragraph__paragraph\">\n\t<strong>Im Wiener Burgtheater waren sich Heinz Fischer, Karel Schwarzenberg, Anna Baar und Harald Welzer einig: Sich auf der Gegenwart auszuruhen ist keine Option.<\/strong><\/p>\t\t\t<\/div>\n\t\t<\/div>\n\t<\/div>\n\n\n<div\n\tclass=\"wrapper  wrapper__bg-color--transparent  wrapper__spacing-bottom-large--10\" \n\t>\n\n\t\n\t\t\t<div class=\"wrapper__container wrapper__container-width-large--default wrapper__gutter-large--default\">\n\t\t\t<div class=\"wrapper__inner wrapper__width-large--12\">\n\t\t\t\t<p class=\"paragraph paragraph__color--secondary paragraph__size--medium paragraph__align--left paragraph__font--primary paragraph__font-weight--normal block-paragraph__paragraph\">\n\t&#8220;Je weiter man zur\u00fcckblicken kann, desto weiter kann man vorausschauen&#8221; soll Winston Churchill einst gesagt haben. Dieses Credo galt auch am Sonntag im gut gef\u00fcllten Burgtheater. Wie unsere Republik in 100 Jahren aussehen wird, war dabei die Frage des Tages bei der vom Institut f\u00fcr die Wissenschaften vom Menschen, der ERSTE Stiftung, dem Burgtheater und dem STANDARD organisierten Matinee im Rahmen der Reihe &#8220;Europa im Diskurs&#8221;. Eine Frage, die \u2013 dar\u00fcber herrschte auf dem Podium Einigkeit \u2013 kaum zu beantworten ist, die aber in spannenden Handlungsanleitungen f\u00fcr die Gegenwart resultierte.<\/p>\t\t\t<\/div>\n\t\t<\/div>\n\t<\/div>\n\n\n<div\n\tclass=\"wrapper wrapper--overflow wrapper__bg-color--transparent  wrapper__spacing-bottom-large--10\" \n\t>\n\n\t\n\t\t\t<div class=\"wrapper__container wrapper__container-width-large--default wrapper__gutter-large--default\">\n\t\t\t<div class=\"wrapper__inner wrapper__width-large--12 wrapper__offset-large--0\">\n\t\t\t\t\n<figure class=\"block-image-caption\">\n\t<div class=\"image-wrap block-image-caption__image-wrap\" data-align=\"center center\">\n\n\t\t\t<img\n\t\t\tsrc=\"http:\/\/tippingpoint.net\/wp-content\/uploads\/2021\/04\/stanmc22.jpg\"\n\t\t\tclass=\"image  block-image-caption__image\"\n\t\t\talt=\"\u00a9 Matthias Cremer\/Der Standard\"\n\t\t\/>\n\t\n\t<\/div>\t<figcaption>\n\t\t<p class=\"paragraph paragraph__color--primary paragraph__size--small paragraph__align--center paragraph__font--secondary paragraph__font-weight--normal block-image-caption__paragraph\">\n\tEuropa im Diskurs im Burgtheater: Harald Welzer, Heinz Fischer, Lisa Nimmervoll, Karel Schwarzenberg und  Anna Baar. Foto: \u00a9 Matthias Cremer\/DER STANDARD<\/p>\t<\/figcaption>\n<\/figure>\n\t\t\t<\/div>\n\t\t<\/div>\n\t<\/div>\n\n\n<div\n\tclass=\"wrapper  wrapper__bg-color--transparent  wrapper__spacing-bottom-large--10\" \n\t>\n\n\t\n\t\t\t<div class=\"wrapper__container wrapper__container-width-large--default wrapper__gutter-large--default\">\n\t\t\t<div class=\"wrapper__inner wrapper__width-large--12\">\n\t\t\t\t<p class=\"paragraph paragraph__color--secondary paragraph__size--medium paragraph__align--left paragraph__font--primary paragraph__font-weight--normal block-paragraph__paragraph\">\n\t<strong>Visionen via Video<\/strong><br><br>Eine Vision f\u00fcr die Zukunft sollten aber nicht nur die G\u00e4ste auf dem Podium entwickeln. Erstmals wurden via Video auch Ideen, Hoffnungen und Sorgen vieler B\u00fcrger auf die B\u00fchne projiziert. Eine demokratische Gesellschaft mit sozialem Ausgleich in einem vereinigten Europa, in dem Offenheit und Toleranz gelebt werden und weniger gejammert wird, w\u00fcnschten sich die auf der Stra\u00dfe befragten Menschen. Gleichzeitig \u00e4u\u00dferten viele aber die Sorge, ob ihre Visionen tats\u00e4chlich auch Zukunft haben.<\/p>\t\t\t<\/div>\n\t\t<\/div>\n\t<\/div>\n\n\n<div\n\tclass=\"wrapper  wrapper__bg-color--transparent  wrapper__spacing-bottom-large--10\" \n\t>\n\n\t\n\t\t\t<div class=\"wrapper__container wrapper__container-width-large--default wrapper__gutter-large--default\">\n\t\t\t<div class=\"wrapper__inner wrapper__width-large--12\">\n\t\t\t\t<p class=\"paragraph paragraph__color--secondary paragraph__size--medium paragraph__align--left paragraph__font--primary paragraph__font-weight--normal block-paragraph__paragraph\">\n\tDiese Besorgnis trug Moderatorin Lisa Nimmervoll gleich an die Podiumsg\u00e4ste weiter: Was k\u00f6nnen wir tun, damit diese Regierungsform auch noch im Jahr 2118 besteht und gelebt wird?<\/p>\t\t\t<\/div>\n\t\t<\/div>\n\t<\/div>\n\n\n<div\n\tclass=\"wrapper  wrapper__bg-color--transparent  wrapper__spacing-bottom-large--10\" \n\t>\n\n\t\n\t\t\t<div class=\"wrapper__container wrapper__container-width-large--default wrapper__gutter-large--default\">\n\t\t\t<div class=\"wrapper__inner wrapper__width-large--12\">\n\t\t\t\t<p class=\"paragraph paragraph__color--secondary paragraph__size--medium paragraph__align--left paragraph__font--primary paragraph__font-weight--normal block-paragraph__paragraph\">\n\tDer ehemalige Bundespr\u00e4sident Heinz Fischer bem\u00fchte Optimismus: Es handle sich bei der Demokratie nicht nur um eine kluge und humane Regierungsform, sondern auch um eine stabile. &#8220;Sie hat Wurzeln geschlagen. Aber: Demokratie ist nicht unzerst\u00f6rbar.&#8221; Bedrohungen sieht Fischer unter anderem in sozialen Spannungen und einer nationalistisch-egoistischen Weltanschauung. Nicht zu untersch\u00e4tzen sei aber auch die Gefahr von Abnutzungserscheinungen.<\/p>\t\t\t<\/div>\n\t\t<\/div>\n\t<\/div>\n\n\n<div\n\tclass=\"wrapper  wrapper__bg-color--transparent  wrapper__spacing-bottom-large--10\" \n\t>\n\n\t\n\t\t\t<div class=\"wrapper__container wrapper__container-width-large--default wrapper__gutter-large--default\">\n\t\t\t<div class=\"wrapper__inner wrapper__width-large--12\">\n\t\t\t\t<p class=\"paragraph paragraph__color--secondary paragraph__size--medium paragraph__align--left paragraph__font--primary paragraph__font-weight--normal block-paragraph__paragraph\">\n\tWie sollen Angriffe auf die Demokratie abgewehrt werden? &#8220;Indem man sich angegriffen f\u00fchlt&#8221;, kn\u00fcpft Sozialpsychologe und Soziologe Harald Welzer an die von Fischer angesprochene Abn\u00fctzung an. &#8220;Die meisten Menschen hier im Saal sind in einer Demokratie aufgewachsen. Das Problem dabei ist, dass oft das Bewusstsein fehlt, das auch verteidigen zu m\u00fcssen. Man gew\u00f6hnt sich schnell, man groovt sich ein.&#8221; Stattdessen nehme er eine wachsende Toleranz gegen\u00fcber &#8220;skandal\u00f6s menschenfeindlichen Haltungen&#8221; wahr. &#8220;Und dem kann man nur entgegentreten, indem man dem entgegentritt.&#8221; Spontaner Applaus.<\/p>\t\t\t<\/div>\n\t\t<\/div>\n\t<\/div>\n\n\n<div\n\tclass=\"wrapper  wrapper__bg-color--transparent  wrapper__spacing-bottom-large--10\" \n\t>\n\n\t\n\t\t\t<div class=\"wrapper__container wrapper__container-width-large--default wrapper__gutter-large--default\">\n\t\t\t<div class=\"wrapper__inner wrapper__width-large--12\">\n\t\t\t\t<p class=\"paragraph paragraph__color--secondary paragraph__size--medium paragraph__align--left paragraph__font--primary paragraph__font-weight--normal block-paragraph__paragraph\">\n\tEngagement gew\u00e4hrleisten zu k\u00f6nnen bedeute allerdings das Empfinden von Selbstwirksamkeit \u2013 und das sei vielen Menschen abhandengekommen: &#8220;Wir brauchen deswegen eine Erziehung hin zur Demokratie&#8221;, sagte Schriftstellerin Anna Baar. In der Bildung liegt f\u00fcr die in Wien, Klagenfurt und Dalmatien aufgewachsene Autorin auch der Schl\u00fcssel zum Jahr 2118: &#8220;Ich w\u00fcnsche mir einen Bildungsaufstand, damit der humanistische Geist nicht verlorengeht.&#8221; Mit Sorge nehme sie war, dass Sch\u00fcler das Lesen als Zwang erleben w\u00fcrden.<\/p>\t\t\t<\/div>\n\t\t<\/div>\n\t<\/div>\n\n\n<div\n\tclass=\"wrapper  wrapper__bg-color--transparent  wrapper__spacing-bottom-large--10\" \n\t>\n\n\t\n\t\t\t<div class=\"wrapper__container wrapper__container-width-large--default wrapper__gutter-large--default\">\n\t\t\t<div class=\"wrapper__inner wrapper__width-large--12\">\n\t\t\t\t<p class=\"paragraph paragraph__color--secondary paragraph__size--medium paragraph__align--left paragraph__font--primary paragraph__font-weight--normal block-paragraph__paragraph\">\n\t<strong>Lehren f\u00fcr die Zukunft<\/strong><br><br>Heute zu handeln lautet auch die Devise vom ehemaligen tschechischen Au\u00dfenminister Karel Schwarzenberg: &#8220;Was 2118 sein wird, kann ich nicht sagen. Ich wei\u00df nur eines: Wir in Europa m\u00fcssen aufwachen.&#8221; Die Top-Unis seien l\u00e4ngst in anderen Staaten daheim, au\u00dferdem w\u00fcrden viele L\u00e4nder mehr importieren, als sie exportieren. &#8220;Wir fallen zur\u00fcck. Wir vernachl\u00e4ssigen die Zukunft.&#8221; Anders als Fischer ist Schwarzenberg wenig optimistisch. Dass Menschen aus der Geschichte lernen \u2013 &#8220;davon bin ich nicht \u00fcberzeugt&#8221;. Er h\u00f6re vieles von dem wieder, was typisch f\u00fcr die Zwischenkriegszeit war: Parlamente seien &#8220;Quatschbuden&#8221;, und es werde so viel Steuergeld verschwendet.<\/p>\t\t\t<\/div>\n\t\t<\/div>\n\t<\/div>\n\n\n<div\n\tclass=\"wrapper  wrapper__bg-color--transparent  wrapper__spacing-bottom-large--10\" \n\t>\n\n\t\n\t\t\t<div class=\"wrapper__container wrapper__container-width-large--default wrapper__gutter-large--default\">\n\t\t\t<div class=\"wrapper__inner wrapper__width-large--12\">\n\t\t\t\t<p class=\"paragraph paragraph__color--secondary paragraph__size--medium paragraph__align--left paragraph__font--primary paragraph__font-weight--normal block-paragraph__paragraph\">\n\tGilt also Ingeborg Bachmann: Die Geschichte lehrt, aber sie findet keine Sch\u00fcler? Fischer ist das zu pessimistisch. Aber auch er gibt mit Blick auf das am Samstag begangene Holocaustgedenken zu: &#8220;Selbst die dramatischsten Lehren verdampfen mit der Zeit.&#8221; Welzer, der zum Umgang mit dem Holocaust forscht, glaubt nicht, dass der Stellenwert dieses Ereignisses in 100 Jahren noch der gleiche sein wird. Erinnerungskultur solle aber auch nicht in Ritualisierung erstarren, &#8220;denn sonst kann das Augenmerk f\u00fcr jene Entwicklungen verlorengehen, die tats\u00e4chlich passieren.&#8221;<\/p>\t\t\t<\/div>\n\t\t<\/div>\n\t<\/div>\n\n\n<div\n\tclass=\"wrapper  wrapper__bg-color--transparent  wrapper__spacing-bottom-large--10\" \n\t>\n\n\t\n\t\t\t<div class=\"wrapper__container wrapper__container-width-large--default wrapper__gutter-large--default\">\n\t\t\t<div class=\"wrapper__inner wrapper__width-large--12\">\n\t\t\t\t<p class=\"paragraph paragraph__color--secondary paragraph__size--medium paragraph__align--left paragraph__font--primary paragraph__font-weight--normal block-paragraph__paragraph\">\n\tEine Frage bringt der ehemalige Bundespr\u00e4sident gegen Ende der Diskussion selbst ein: Werden die Menschen in 100 Jahren eigentlich gl\u00fccklicher sein? Man habe sich heute ja darauf geeinigt, dass positive Entwicklungen schnell zur Selbstverst\u00e4ndlichkeit werden. &#8220;Absolut&#8221;, meint Welzer. Das Positive in den Vordergrund zu r\u00fccken und nicht in Hysterie zu verfallen sei deswegen essenziell. Da stimmt auch Baar zu und kehrt nochmals zu Bachmann zur\u00fcck. &#8220;Ich denke, es ist eher so: Die Geschichte lehrt. Aber die Sch\u00fcler brauchen Nachhilfe.&#8221;<\/p>\t\t\t<\/div>\n\t\t<\/div>\n\t<\/div>\n\n\n<div\n\tclass=\"wrapper  wrapper__bg-color--transparent  wrapper__spacing-bottom-large--10\" \n\t>\n\n\t\n\t\t\t<div class=\"wrapper__container wrapper__container-width-large--default wrapper__gutter-large--default\">\n\t\t\t<div class=\"wrapper__inner wrapper__width-large--12\">\n\t\t\t\t<p class=\"paragraph paragraph__color--secondary paragraph__size--medium paragraph__align--left paragraph__font--primary paragraph__font-weight--normal block-paragraph__paragraph\">\n\tOptimistisch sind dann auch die Schlussworte, die die Diskutanten an die Menschen aus dem Jahr 2118 richten: &#8220;F\u00fcrchtet euch nicht, und tut etwas&#8221; , schickt Schwarzenberg in die Zukunft. Welzer w\u00fcrde dann gerne eine &#8220;Verlebendigung der offenen Gesellschaft und Demokratie sehen&#8221;. Und Fischer betont nochmals den Weg dorthin: &#8220;Wir m\u00fcssen uns auch fragen, wohin wir uns denn eigentlich entwickeln wollen. Wenn wir zusammenhalten, werden wir eine Menge erreichen.&#8221;<\/p>\t\t\t<\/div>\n\t\t<\/div>\n\t<\/div>\n\n\n<div\n\tclass=\"wrapper  wrapper__bg-color--transparent  wrapper__spacing-bottom-large--10\" \n\t>\n\n\t\n\t\t\t<div class=\"wrapper__container wrapper__container-width-large--default wrapper__gutter-large--default\">\n\t\t\t<div class=\"wrapper__inner wrapper__width-large--12\">\n\t\t\t\t<p class=\"paragraph paragraph__color--secondary paragraph__size--medium paragraph__align--left paragraph__font--primary paragraph__font-weight--normal block-paragraph__paragraph\">\n\t<em>Erstmals publiziert am 29. J\u00e4nner 2018 auf <a href=\"https:\/\/derstandard.at\/2000073242190\/Podiumsdiskussion-Gibt-es-die-Republik-im-Jahr-2118-noch\" target=\"_blank\" rel=\"noopener\">derStandard.at<\/a>.<\/em><br><br><em>Dieser Text ist urheberrechtlich gesch\u00fctzt. \u00a9 Lara Hagen\/DER STANDARD. Bei Interesse an Wiederver\u00f6ffentlichung bitten wir um Kontaktaufnahme mit der <a href=\"http:\/\/magazine.erstestiftung.org\/de\/erste-stiftung\/impressum\/\" target=\"_blank\" rel=\"noopener\">Redaktion<\/a>.<br>Urheberrechtliche Angaben zu Bildern, Grafiken und Videos sind direkt bei den Abbildungen vermerkt. Titelbild: Parlamentsgeb\u00e4ude Wien mit Absperrgittern und einem gro\u00dfen Transparent, das mit Hingehen, Entscheiden zur Teilnahme an der am 29. September stattfindenden Nationalratswahl auffordert. Foto: <a href=\"https:\/\/creativecommons.org\/licenses\/by-sa\/3.0\/at\/deed.en\" target=\"_blank\" rel=\"noopener\">CC BY-SA 3.0 AT<\/a> Herzi Pinki.<\/em><\/p>\t\t\t<\/div>\n\t\t<\/div>\n\t<\/div>\n\n\n<div\n\tclass=\"wrapper wrapper--overflow wrapper__bg-color--transparent  wrapper__spacing-bottom-large--10    wrapper__divider-bottom-large\" \n\t>\n\n\t\n\t\t\t<div class=\"wrapper__container wrapper__container-width-large--default wrapper__gutter-large--default\">\n\t\t\t<div class=\"wrapper__inner wrapper__width-large--12\">\n\t\t\t\t<p class=\"paragraph paragraph__color--secondary paragraph__size--medium paragraph__align--left paragraph__font--primary paragraph__font-weight--normal block-paragraph__paragraph\">\n\t<\/p>\t\t\t<\/div>\n\t\t<\/div>\n\t<\/div>\n\n\n<div\n\tclass=\"wrapper  wrapper__bg-color--transparent  wrapper__spacing-bottom-large--10\" \n\t>\n\n\t\n\t\t\t<div class=\"wrapper__container wrapper__container-width-large--default wrapper__gutter-large--default\">\n\t\t\t<div class=\"wrapper__inner wrapper__width-large--12\">\n\t\t\t\t<p class=\"paragraph paragraph__color--secondary paragraph__size--medium paragraph__align--left paragraph__font--primary paragraph__font-weight--normal block-paragraph__paragraph\">\n\t<h1>Europa im Diskurs<\/h1><br><strong>Wie wird unsere Republik in 100 Jahren aussehen?<\/strong><br>Sonntag, 28. J\u00e4nner 2018, 11 Uhr, Burgtheater Wien<br><br>Die Republik \u00d6sterreich feiert ihren 100. Geburtstag. Das Jubil\u00e4umsjahr 2018 soll nicht nur der Erinnerung an die Gr\u00fcndung der demokratischen Republik am 12. November 1918 gewidmet sein, sondern auch anderen tiefen Z\u00e4suren in der Geschichte des Landes. Wie ist \u00d6sterreich zu dem geworden, was es heute ist? Welche Zukunftsvision l\u00e4sst sich mit dem Wissen um die Erfolge, aber auch Katastrophen des vergangenen Jahrhunderts entwickeln? Welche politischen und gesellschaftlichen Entwicklungen zeichnen sich ab?<\/p>\t\t\t<\/div>\n\t\t<\/div>\n\t<\/div>\n\n\n<div\n\tclass=\"wrapper  wrapper__bg-color--transparent  wrapper__spacing-bottom-large--10\" \n\t>\n\n\t\n\t\t\t<div class=\"wrapper__container wrapper__container-width-large--default wrapper__gutter-large--default\">\n\t\t\t<div class=\"wrapper__inner wrapper__width-large--12\">\n\t\t\t\t<div class=\"video__wrap video__ratio--default video__ratio--youtube block-video__video-wrap\">\n\t\t\t<div class=\"video__placeholder block-video__placeholder js-video-trigger\">\n\t\t\t<div class=\"image-wrap video__image-wrap\" data-align=\"center center\">\n\n\t\t\t<div\n\t\t\tstyle=\"background-image:url(https:\/\/i.ytimg.com\/vi\/Ncj_arZbdVs\/maxresdefault.jpg)\"\n\t\t\tclass=\"image image--bg video__image\"\n\t\t>\n\t\t<\/div>\n\t\n\t<\/div><i class=\"icon icon icon__play video__icon\">\n\t<svg width='24' height='24' viewBox='0 0 24 24' xmlns='http:\/\/www.w3.org\/2000\/svg'><path fill-rule='evenodd' clip-rule='evenodd' d='M12 24C18.6274 24 24 18.6274 24 12C24 5.37258 18.6274 0 12 0C5.37258 0 0 5.37258 0 12C0 18.6274 5.37258 24 12 24ZM17.8043 12.9319C18.471 12.547 18.471 11.5847 17.8043 11.1998L9.84783 6.60612C9.18116 6.22122 8.34783 6.70235 8.34783 7.47215V16.6595C8.34783 17.4293 9.18116 17.9105 9.84783 17.5256L17.8043 12.9319Z' fill='currentColor'><\/path><\/svg><\/i>\t\t<\/div>\n\t\t<div class=\"BorlabsCookie _brlbs-cb-youtube\"><div class=\"_brlbs-content-blocker\"> <div class=\"_brlbs-embed _brlbs-video-youtube\"> <img class=\"_brlbs-thumbnail\" src=\"https:\/\/tippingpoint.net\/wp-content\/plugins\/borlabs-cookie\/assets\/images\/cb-no-thumbnail.png\" alt=\"YouTube\"> <div class=\"_brlbs-caption\"> <p>By loading the video, you agree to YouTube's privacy policy.<br><a href=\"https:\/\/policies.google.com\/privacy?hl=en&gl=en\" target=\"_blank\" rel=\"nofollow noopener noreferrer\">Learn more<\/a><\/p> <p><a class=\"_brlbs-btn _brlbs-icon-play-white\" href=\"#\" data-borlabs-cookie-unblock=\"youtube\" role=\"button\">Load video<\/a><\/p> <p><label><input type=\"checkbox\" name=\"unblockAll\" value=\"1\" checked> <small>Always unblock YouTube<\/small><\/label><\/p> <\/div> <\/div> <\/div><div class=\"borlabs-hide\" data-borlabs-cookie-type=\"content-blocker\" data-borlabs-cookie-id=\"youtube\">PGlmcmFtZQoJCWNsYXNzPSJ2aWRlbyBibG9jay12aWRlb19fdmlkZW8ganMtdmlkZW8gaXMtaGlkZGVuIgoJCXNyYz0iaHR0cHM6Ly93d3cueW91dHViZS1ub2Nvb2tpZS5jb20vZW1iZWQvTmNqX2FyWmJkVnMiCgkJYWxsb3c9ImF1dG9wbGF5OyBmdWxsc2NyZWVuIgoJCWFsbG93RnVsbFNjcmVlbgoJCT48L2lmcmFtZT4=<\/div><\/div>\n\t<\/div>\t\t\t<\/div>\n\t\t<\/div>\n\t<\/div>\n\n\n<div\n\tclass=\"wrapper  wrapper__bg-color--transparent  wrapper__spacing-bottom-large--10\" \n\t>\n\n\t\n\t\t\t<div class=\"wrapper__container wrapper__container-width-large--default wrapper__gutter-large--default\">\n\t\t\t<div class=\"wrapper__inner wrapper__width-large--12\">\n\t\t\t\t\n<ol class=\"block-footnotes js-footnote-list\">\n\n<\/ol>\n\t\t\t<\/div>\n\t\t<\/div>\n\t<\/div>\n","protected":false},"excerpt":{"rendered":"<p>&#8220;Europa im Diskurs&#8221; mit Heinz Fischer, Karel Schwarzenberg, Anna Baar und Harald Welzer.<\/p>\n","protected":false},"author":1,"featured_media":1036,"comment_status":"closed","ping_status":"closed","sticky":false,"template":"","format":"standard","meta":{"footnotes":""},"categories":[433,436,268],"tags":[340,279,266,341],"formats":[],"acf":[],"_links":{"self":[{"href":"https:\/\/tippingpoint.net\/de\/wp-json\/wp\/v2\/posts\/3447"}],"collection":[{"href":"https:\/\/tippingpoint.net\/de\/wp-json\/wp\/v2\/posts"}],"about":[{"href":"https:\/\/tippingpoint.net\/de\/wp-json\/wp\/v2\/types\/post"}],"author":[{"embeddable":true,"href":"https:\/\/tippingpoint.net\/de\/wp-json\/wp\/v2\/users\/1"}],"replies":[{"embeddable":true,"href":"https:\/\/tippingpoint.net\/de\/wp-json\/wp\/v2\/comments?post=3447"}],"version-history":[{"count":2,"href":"https:\/\/tippingpoint.net\/de\/wp-json\/wp\/v2\/posts\/3447\/revisions"}],"predecessor-version":[{"id":4562,"href":"https:\/\/tippingpoint.net\/de\/wp-json\/wp\/v2\/posts\/3447\/revisions\/4562"}],"wp:featuredmedia":[{"embeddable":true,"href":"https:\/\/tippingpoint.net\/de\/wp-json\/wp\/v2\/media\/1036"}],"wp:attachment":[{"href":"https:\/\/tippingpoint.net\/de\/wp-json\/wp\/v2\/media?parent=3447"}],"wp:term":[{"taxonomy":"category","embeddable":true,"href":"https:\/\/tippingpoint.net\/de\/wp-json\/wp\/v2\/categories?post=3447"},{"taxonomy":"post_tag","embeddable":true,"href":"https:\/\/tippingpoint.net\/de\/wp-json\/wp\/v2\/tags?post=3447"},{"taxonomy":"format","embeddable":true,"href":"https:\/\/tippingpoint.net\/de\/wp-json\/wp\/v2\/formats?post=3447"}],"curies":[{"name":"wp","href":"https:\/\/api.w.org\/{rel}","templated":true}]}}