{"id":3393,"date":"2017-10-10T00:00:00","date_gmt":"2017-10-10T00:00:00","guid":{"rendered":"https:\/\/erste-foundation.byinfinum.co\/eine-zukunft-fuer-europa\/"},"modified":"2021-07-01T06:57:28","modified_gmt":"2021-07-01T06:57:28","slug":"eine-zukunft-fuer-europa","status":"publish","type":"post","link":"https:\/\/tippingpoint.net\/de\/eine-zukunft-fuer-europa\/","title":{"rendered":"Eine Zukunft f\u00fcr Europa?"},"content":{"rendered":"<div\n\tclass=\"wrapper  wrapper__bg-color--transparent  wrapper__spacing-bottom-large--10\" \n\t>\n\n\t\n\t\t\t<div class=\"wrapper__container wrapper__container-width-large--default wrapper__gutter-large--default\">\n\t\t\t<div class=\"wrapper__inner wrapper__width-large--12\">\n\t\t\t\t<p class=\"paragraph paragraph__color--secondary paragraph__size--medium paragraph__align--left paragraph__font--primary paragraph__font-weight--normal block-paragraph__paragraph\">\n\t<strong>Wir leben in Zeiten individueller, politischer, wirtschaftlicher und gesellschaftlicher Unsicherheit. Europa sieht sich einer noch nie dagewesenen Krise gegen\u00fcber, internen Selbstzweifeln \u00fcber das Projekt als solches, die sich in zunehmendem Nationalismus und Populismus \u00e4u\u00dfern; hinzu kommen die au\u00dfenpolitischen Herausforderungen der Fl\u00fcchtlingswelle und der Krise im Nahen Osten und in Russland.<\/strong><br><br>Brexit und Trump sowie der demokratische R\u00fcckschritt in Polen und Ungarn haben unter anderem Zweifel in allen Bereichen des sozialen und politischen Lebens hinsichtlich der Zukunft der liberalen demokratischen Ordnung aufkommen lassen.<br><br>Der Verlust des Vertrauens in Institutionen, die Erosion etablierter Parteien und der Aufstieg sozialer Bewegungen haben dazu gef\u00fchrt, dass die Prinzipien unserer Politik und Demokratie infrage gestellt werden. Das \u201edemokratische Defizit\u201c und die Erosion der demokratischen Legitimit\u00e4t in Europa waren fr\u00fche Hinweise f\u00fcr den Verlust an Selbstvertrauen der B\u00fcrgerInnen in ihre F\u00e4higkeit, das Leben in ihren L\u00e4ndern und Gemeinschaften im Zuge der fortschreitenden Globalisierung zu beeinflussen.<br><br>Europa hat nicht erst einmal schwierige und dunkle Zeiten durchlebt. Das europ\u00e4ische Konstrukt bleibt trotz aller Herausforderungen ein historischer Erfolg und bedarf einer gr\u00fcndlichen \u00dcberpr\u00fcfung. Europa wird aus dieser Krise ver\u00e4ndert und hoffentlich gest\u00e4rkt hervorgehen. Wie und wann das der Fall sein wird, h\u00e4ngt jedoch von staatsm\u00e4nnischen F\u00e4higkeiten und Initiativen der B\u00fcrgerInnen ab \u2013 vom Engagement, die demokratischen Werte und Institutionen hochzuhalten, auf denen unsere Freiheit beruht.<\/p>\t\t\t<\/div>\n\t\t<\/div>\n\t<\/div>\n\n\n<div\n\tclass=\"wrapper wrapper--overflow wrapper__bg-color--transparent  wrapper__spacing-bottom-large--10\" \n\t>\n\n\t\n\t\t\t<div class=\"wrapper__container wrapper__container-width-large--default wrapper__gutter-large--default\">\n\t\t\t<div class=\"wrapper__inner wrapper__width-large--12\">\n\t\t\t\t<p class=\"paragraph paragraph__color--primary paragraph__size--biggest paragraph__align--center paragraph__font--secondary paragraph__font-weight--normal block-quote__paragraph\">\n\t\u201eWo aber Gefahr ist, w\u00e4chst das Rettende auch.\u201c<\/p><p class=\"paragraph paragraph__color--primary paragraph__size--small paragraph__align--center paragraph__font--secondary paragraph__font-weight--normal block-quote__author\">\n\t\u2014 (Hoelderlin)<\/p>\t\t\t<\/div>\n\t\t<\/div>\n\t<\/div>\n\n\n<div\n\tclass=\"wrapper  wrapper__bg-color--transparent  wrapper__spacing-bottom-large--10\" \n\t>\n\n\t\n\t\t\t<div class=\"wrapper__container wrapper__container-width-large--default wrapper__gutter-large--default\">\n\t\t\t<div class=\"wrapper__inner wrapper__width-large--12\">\n\t\t\t\t<p class=\"paragraph paragraph__color--secondary paragraph__size--medium paragraph__align--left paragraph__font--primary paragraph__font-weight--normal block-paragraph__paragraph\">\n\t<small>Grundsatzrede von Ivan Vejvoda vom 9. October 2017 am <a href=\"http:\/\/www.iwm.at\/\" target=\"_blank\" rel=\"noopener\">Institut f\u00fcr die Wissenschaften vom Menschen<\/a> (IWM):<\/small><\/p>\t\t\t<\/div>\n\t\t<\/div>\n\t<\/div>\n\n\n<div\n\tclass=\"wrapper  wrapper__bg-color--transparent  wrapper__spacing-bottom-large--10\" \n\t>\n\n\t\n\t\t\t<div class=\"wrapper__container wrapper__container-width-large--default wrapper__gutter-large--default\">\n\t\t\t<div class=\"wrapper__inner wrapper__width-large--12\">\n\t\t\t\t<div class=\"video__wrap video__ratio--default video__ratio--youtube block-video__video-wrap\">\n\t\t\t<div class=\"video__placeholder block-video__placeholder js-video-trigger\">\n\t\t\t<div class=\"image-wrap video__image-wrap\" data-align=\"center center\">\n\n\t\t\t<div\n\t\t\tstyle=\"background-image:url(https:\/\/i.ytimg.com\/vi\/uyfF4XzLtkQ\/maxresdefault.jpg)\"\n\t\t\tclass=\"image image--bg video__image\"\n\t\t>\n\t\t<\/div>\n\t\n\t<\/div><i class=\"icon icon icon__play video__icon\">\n\t<svg width='24' height='24' viewBox='0 0 24 24' xmlns='http:\/\/www.w3.org\/2000\/svg'><path fill-rule='evenodd' clip-rule='evenodd' d='M12 24C18.6274 24 24 18.6274 24 12C24 5.37258 18.6274 0 12 0C5.37258 0 0 5.37258 0 12C0 18.6274 5.37258 24 12 24ZM17.8043 12.9319C18.471 12.547 18.471 11.5847 17.8043 11.1998L9.84783 6.60612C9.18116 6.22122 8.34783 6.70235 8.34783 7.47215V16.6595C8.34783 17.4293 9.18116 17.9105 9.84783 17.5256L17.8043 12.9319Z' fill='currentColor'><\/path><\/svg><\/i>\t\t<\/div>\n\t\t<div class=\"BorlabsCookie _brlbs-cb-youtube\"><div class=\"_brlbs-content-blocker\"> <div class=\"_brlbs-embed _brlbs-video-youtube\"> <img class=\"_brlbs-thumbnail\" src=\"https:\/\/tippingpoint.net\/wp-content\/plugins\/borlabs-cookie\/assets\/images\/cb-no-thumbnail.png\" alt=\"YouTube\"> <div class=\"_brlbs-caption\"> <p>By loading the video, you agree to YouTube's privacy policy.<br><a href=\"https:\/\/policies.google.com\/privacy?hl=en&gl=en\" target=\"_blank\" rel=\"nofollow noopener noreferrer\">Learn more<\/a><\/p> <p><a class=\"_brlbs-btn _brlbs-icon-play-white\" href=\"#\" data-borlabs-cookie-unblock=\"youtube\" role=\"button\">Load video<\/a><\/p> <p><label><input type=\"checkbox\" name=\"unblockAll\" value=\"1\" checked> <small>Always unblock YouTube<\/small><\/label><\/p> <\/div> <\/div> <\/div><div class=\"borlabs-hide\" data-borlabs-cookie-type=\"content-blocker\" data-borlabs-cookie-id=\"youtube\">PGlmcmFtZQoJCWNsYXNzPSJ2aWRlbyBibG9jay12aWRlb19fdmlkZW8ganMtdmlkZW8gaXMtaGlkZGVuIgoJCXNyYz0iaHR0cHM6Ly93d3cueW91dHViZS1ub2Nvb2tpZS5jb20vZW1iZWQvdXlmRjRYekx0a1EiCgkJYWxsb3c9ImF1dG9wbGF5OyBmdWxsc2NyZWVuIgoJCWFsbG93RnVsbFNjcmVlbgoJCT48L2lmcmFtZT4=<\/div><\/div>\n\t<\/div>\t\t\t<\/div>\n\t\t<\/div>\n\t<\/div>\n\n\n<div\n\tclass=\"wrapper wrapper--overflow wrapper__bg-color--transparent  wrapper__spacing-bottom-large--10    wrapper__divider-bottom-large\" \n\t>\n\n\t\n\t\t\t<div class=\"wrapper__container wrapper__container-width-large--default wrapper__gutter-large--default\">\n\t\t\t<div class=\"wrapper__inner wrapper__width-large--12\">\n\t\t\t\t<p class=\"paragraph paragraph__color--secondary paragraph__size--medium paragraph__align--left paragraph__font--primary paragraph__font-weight--normal block-paragraph__paragraph\">\n\t<\/p>\t\t\t<\/div>\n\t\t<\/div>\n\t<\/div>\n\n\n<div\n\tclass=\"wrapper  wrapper__bg-color--transparent  wrapper__spacing-bottom-large--10\" \n\t>\n\n\t\n\t\t\t<div class=\"wrapper__container wrapper__container-width-large--default wrapper__gutter-large--default\">\n\t\t\t<div class=\"wrapper__inner wrapper__width-large--12\">\n\t\t\t\t<p class=\"paragraph paragraph__color--secondary paragraph__size--medium paragraph__align--left paragraph__font--primary paragraph__font-weight--normal block-paragraph__paragraph\">\n\t<h1>Europe\u2019s Futures<\/h1><br>Ivan Vejvoda ist seit Januar 2017 Permanent Fellow am <a href=\"http:\/\/www.iwm.at\/\" target=\"_blank\" rel=\"noopener\">Institut f\u00fcr die Wissenschaften vom Menschen<\/a> (IWM). Zuvor war er als Senior Vice President f\u00fcr Programme des <a href=\"http:\/\/www.gmfus.org\/\" target=\"_blank\" rel=\"noopener\">German Marshall Fund of the United States<\/a> zust\u00e4ndig. Er ist au\u00dferdem Direktor des Projekts \u201eEurope\u2019s Futures\u201c, einer gro\u00df angelegten Initiative, die das IWM gemeinsam mit der ERSTE Stiftung und mit Unterst\u00fctzung der Erste Group Bank AG lanciert.<\/p>\t\t\t<\/div>\n\t\t<\/div>\n\t<\/div>\n","protected":false},"excerpt":{"rendered":"<p>Ivan Vejvoda \u00fcber Politik und Demokratie in unsicheren Zeiten.<\/p>\n","protected":false},"author":1,"featured_media":759,"comment_status":"closed","ping_status":"closed","sticky":false,"template":"","format":"standard","meta":{"footnotes":""},"categories":[433,436,268],"tags":[338,266,258],"formats":[],"acf":[],"_links":{"self":[{"href":"https:\/\/tippingpoint.net\/de\/wp-json\/wp\/v2\/posts\/3393"}],"collection":[{"href":"https:\/\/tippingpoint.net\/de\/wp-json\/wp\/v2\/posts"}],"about":[{"href":"https:\/\/tippingpoint.net\/de\/wp-json\/wp\/v2\/types\/post"}],"author":[{"embeddable":true,"href":"https:\/\/tippingpoint.net\/de\/wp-json\/wp\/v2\/users\/1"}],"replies":[{"embeddable":true,"href":"https:\/\/tippingpoint.net\/de\/wp-json\/wp\/v2\/comments?post=3393"}],"version-history":[{"count":2,"href":"https:\/\/tippingpoint.net\/de\/wp-json\/wp\/v2\/posts\/3393\/revisions"}],"predecessor-version":[{"id":4593,"href":"https:\/\/tippingpoint.net\/de\/wp-json\/wp\/v2\/posts\/3393\/revisions\/4593"}],"wp:featuredmedia":[{"embeddable":true,"href":"https:\/\/tippingpoint.net\/de\/wp-json\/wp\/v2\/media\/759"}],"wp:attachment":[{"href":"https:\/\/tippingpoint.net\/de\/wp-json\/wp\/v2\/media?parent=3393"}],"wp:term":[{"taxonomy":"category","embeddable":true,"href":"https:\/\/tippingpoint.net\/de\/wp-json\/wp\/v2\/categories?post=3393"},{"taxonomy":"post_tag","embeddable":true,"href":"https:\/\/tippingpoint.net\/de\/wp-json\/wp\/v2\/tags?post=3393"},{"taxonomy":"format","embeddable":true,"href":"https:\/\/tippingpoint.net\/de\/wp-json\/wp\/v2\/formats?post=3393"}],"curies":[{"name":"wp","href":"https:\/\/api.w.org\/{rel}","templated":true}]}}