{"id":3340,"date":"2015-04-29T00:00:00","date_gmt":"2015-04-29T00:00:00","guid":{"rendered":"https:\/\/erste-foundation.byinfinum.co\/jetzt-weiss-ich-wie-armut-schmeckt\/"},"modified":"2021-07-01T07:11:29","modified_gmt":"2021-07-01T07:11:29","slug":"jetzt-weiss-ich-wie-armut-schmeckt","status":"publish","type":"post","link":"https:\/\/tippingpoint.net\/de\/jetzt-weiss-ich-wie-armut-schmeckt\/","title":{"rendered":"&#8220;Jetzt wei\u00df ich, wie Armut schmeckt.&#8221;"},"content":{"rendered":"<div\n\tclass=\"wrapper  wrapper__bg-color--transparent  wrapper__spacing-bottom-large--10\" \n\t>\n\n\t\n\t\t\t<div class=\"wrapper__container wrapper__container-width-large--default wrapper__gutter-large--default\">\n\t\t\t<div class=\"wrapper__inner wrapper__width-large--12\">\n\t\t\t\t<p class=\"paragraph paragraph__color--secondary paragraph__size--medium paragraph__align--left paragraph__font--primary paragraph__font-weight--normal block-paragraph__paragraph\">\n\tSeit 2011 arbeitet die rum\u00e4nische Organisation <a href=\"https:\/\/romanobutiq.ro\/\" target=\"_blank\" rel=\"noopener\">Romano ButiQ<\/a> an der Wiederbelebung traditionellen Roma-Handwerks und hat daf\u00fcr die Marke <a href=\"https:\/\/mbq.ro\/\" target=\"_blank\" rel=\"noopener\">Me\u015fteshukar ButiQ<\/a> (MBQ) geschaffen. Inzwischen ist ein breites Netzwerk f\u00fcr Menschen entstanden, die einen handwerklichen Beruf erlernt haben, wie zum Beispiel Kupfertreiber, Schmiede oder Schneider. Die international erfolgreiche Designerin Nadja Zerunian und der Designer und Schneider Peter Weisz arbeiten unentgeltlich mit Handwerkern und Kunsthandwerkern zusammen und feilen mit ihnen an zeitgem\u00e4\u00dfen Entw\u00fcrfen f\u00fcr MBQ. Wir haben die beiden getroffen und \u00fcber ihre Eindr\u00fccke und Erfahrungen gesprochen.<\/p>\t\t\t<\/div>\n\t\t<\/div>\n\t<\/div>\n\n\n<div\n\tclass=\"wrapper  wrapper__bg-color--transparent  wrapper__spacing-bottom-large--10\" \n\t>\n\n\t\n\t\t\t<div class=\"wrapper__container wrapper__container-width-large--default wrapper__gutter-large--default\">\n\t\t\t<div class=\"wrapper__inner wrapper__width-large--12\">\n\t\t\t\t<p class=\"paragraph paragraph__color--secondary paragraph__size--medium paragraph__align--left paragraph__font--primary paragraph__font-weight--normal block-paragraph__paragraph\">\n\t<strong>Im Dezember 2014 fand das Koordinationstreffen aller im ERSTE Foundation Roma Partnership vereinten Organisationen statt. Nadja, Sie waren bereits das zweite Mal, Peter, Sie das erste Mal dabei und haben Ihre Arbeit vorgestellt. Was ist das Besondere an dieser Partnerschaft?<\/strong><br><br><strong>Nadja Zerunian:<\/strong> Es ist eine bemerkenswerte Plattform, um sich auszutauschen. NGOs unterschiedlicher nationaler Herkunft, die in den verschiedensten Bereichen arbeiten, haben die M\u00f6glichkeit, von einer Vielzahl von Initiativen zu lernen.<br><br><strong>Peter Weisz:<\/strong> Ich war sehr positiv \u00fcberrascht, wie viel Kraft in die einzelnen Projekte gesteckt und damit bewerkstelligt wird. Es sind so unterschiedliche Ans\u00e4tze da und viele laufen mit Erfolg. In der Vernetzung dieser vielf\u00e4ltigen Initiativen liegt sicher auch die Einzigartigkeit des ERSTE Foundation Roma Partnership.<\/p>\t\t\t<\/div>\n\t\t<\/div>\n\t<\/div>\n\n\n<div\n\tclass=\"wrapper  wrapper__bg-color--transparent  wrapper__spacing-bottom-large--10\" \n\t>\n\n\t\n\t\t\t<div class=\"wrapper__container wrapper__container-width-large--default wrapper__gutter-large--default\">\n\t\t\t<div class=\"wrapper__inner wrapper__width-large--12\">\n\t\t\t\t<p class=\"paragraph paragraph__color--secondary paragraph__size--medium paragraph__align--left paragraph__font--primary paragraph__font-weight--normal block-paragraph__paragraph\">\n\t<strong>Wie kam es zur Zusammenarbeit zwischen Ihnen und MBQ? Warum geben Sie in Ihrer Freizeit Ihr Wissen an Handwerker weiter?<\/strong><br><br><strong>Nadja Zerunian:<\/strong> Die ERSTE Stiftung hat mich im Herbst 2013 angesprochen. Ich sollte als Pro-Bono-Expertin das Design und den Anteil des Handwerks f\u00fcr zwei ihrer Roma-Partnership-Projekte evaluieren. Ich staunte \u00fcber das vorhandene Potenzial und die Fertigkeiten. Ich sah eine echte Chance f\u00fcr MBQ, das Produktportfolio zu erweitern und zu aktualisieren, um ein breiteres Publikum zu erreichen. Das war eine gro\u00dfartige Herausforderung, und die Aussicht, mit einer Gruppe von geschickten, traditionellen Handwerkern arbeiten zu k\u00f6nnen, war faszinierend. Ich lebte in einer eigenen Welt weit weg von der Wirklichkeit und wollte unbedingt meinen Horizont erweitern. Zeuge des Herstellungsprozesses von der Idee bis zum fertigen Produkt zu sein, hatte schon immer eine magische Qualit\u00e4t f\u00fcr mich. Jetzt habe ich die erstaunliche Gelegenheit, an diesem h\u00f6chst spannenden Prozess der Positionierung einer Marke mit Fokus auf traditionellem Roma-Handwerk mitzuarbeiten.<br><br><strong>Peter Weisz:<\/strong> Nadja hat mir von der M\u00f6glichkeit erz\u00e4hlt, etwas bewegen zu k\u00f6nnen. Ich habe spontan gesagt: &#8220;Ja, das mache ich. Ich habe einen uners\u00e4ttlichen Hang zum Handwerk. Mein Atelier ist eine Art Fundgrube, voll von Dingen, die ich auf Flohm\u00e4rkten und bei Gro\u00dfm\u00fcttern und Tanten zusammengesammelt habe. Handwerk an sich interessiert mich und es macht mir Spa\u00df, etwas mit den H\u00e4nden zu machen. Dass ich jemandem helfen kann, ist gewisserma\u00dfen ein Zusatzbonus. Aber es gibt noch einen anderen pers\u00f6nlichen Hintergrund. Meine Gro\u00dfeltern kamen aus Ungarn. Ich habe schon als Kind einen Bezug zur Kultur der Roma bekommen \u2013 eine romantische Schicksalsf\u00fcgung sozusagen.<\/p>\t\t\t<\/div>\n\t\t<\/div>\n\t<\/div>\n\n\n<div\n\tclass=\"wrapper wrapper--overflow wrapper__bg-color--transparent  wrapper__spacing-bottom-large--10\" \n\t>\n\n\t\n\t\t\t<div class=\"wrapper__container wrapper__container-width-large--default wrapper__gutter-large--default\">\n\t\t\t<div class=\"wrapper__inner wrapper__width-large--12\">\n\t\t\t\t\n<div class=\"block-columns block-columns__gutter-large--10 block-columns__vertical-spacing-large--0\">\n\t\n\n<div class=\"block-column block-column__width-large--5 block-column__width-mobile--12\">\n\t\n<div class=\"wrapper  wrapper__bg-color--transparent  wrapper__spacing-bottom-large--10\">\n\n\t\n\t\t\t\n<div class=\"block-infobox\">\n\t<h2 class=\"heading heading__color--primary heading__size--small heading__align--left heading__font--secondary block-infobox__heading\">\n\tMe\u015fteshukar ButiQ<\/h2>\n\t<div class=\"block-infobox__content\">\n\t\t\n<p class=\"paragraph paragraph__color--secondary paragraph__size--medium paragraph__align--left paragraph__font--secondary paragraph__font-weight--normal block-infobox__paragraph\">\n\t<a href=\"http:\/\/mbq.ro\/\" target=\"_blank\" rel=\"noopener\">Me\u015fteshukar ButiQ<\/a> (MBQ) bedeutet so viel wie &#8220;Handwerksboutique&#8221; und wurde 2011 in Bukarest gegr\u00fcndet. Es versteht sich als Netzwerk von eigenst\u00e4ndigen Handwerkern und Kleinstunternehmern und hat sich der Wiederbelebung traditionellen Roma-Handwerks verschrieben. Die Initiative unternimmt den Versuch, neue Absatzm\u00f6glichkeiten f\u00fcr die handwerklichen Produkte von Kupfertreibern, Schneidern, Schmieden oder Schnitzern zu erschlie\u00dfen und moderne Produkte f\u00fcr den nationalen und internationalen Markt zu entwickeln. Und das mit Erfolg.<br><br>\u00a0<br><br>Mittlerweile werden die gefertigten Arbeiten \u00fcber eine Online-Plattform verkauft. 2015 plant die Sozialinitiative die Er\u00f6ffnung mehrerer Shops in Rum\u00e4nien. MBQ ist ein Label der <a href=\"https:\/\/romanobutiq.ro\/\" target=\"_blank\" rel=\"noopener\">Romano ButiQ<\/a> Association, eine NGO, die durch zahlreiche weitere Projekte die Entwicklung des kulturellen und k\u00fcnstlerischen Erbes der Roma-Community f\u00f6rdert und bewahrt und sich f\u00fcr die Integration von Roma in Rum\u00e4nien stark macht.<\/p>\n\t<\/div>\n<\/div>\n\t<\/div>\n\n<\/div>\n\n\n\n<div class=\"block-column block-column__width-large--7 block-column__width-mobile--12\">\n\t\n<div class=\"wrapper  wrapper__bg-color--transparent  wrapper__spacing-bottom-large--10\">\n\n\t\n\t\t\t<p class=\"paragraph paragraph__color--secondary paragraph__size--medium paragraph__align--left paragraph__font--primary paragraph__font-weight--normal block-paragraph__paragraph\">\n\t<strong>Welche Herausforderungen kamen auf Sie zu und mit welchen Erfahrungen sind Sie von Ihren Reisen zur\u00fcckgekommen?<\/strong><br><br><strong>Nadja Zerunian:<\/strong> Es gibt wenige Herausforderungen und viele \u00dcberraschungen. Haupts\u00e4chlich k\u00e4mpfe ich mit den gleichen H\u00fcrden wie die Handwerker: dem Mangel an geeigneten Rohstoffen, wenigen, teilweise unzureichenden Werkzeugen, gro\u00dfen Entfernungen, schlechten Stra\u00dfen. Aber ich bin erstaunt \u00fcber den Einfallsreichtum und die Kreativit\u00e4t, die diese schlimmen Umst\u00e4nde hervorbringen. Es gibt immer eine L\u00f6sung. Die Erfahrungen sind manchmal \u00fcberw\u00e4ltigend, die Schicksale unertr\u00e4glich. Ich wei\u00df jetzt zum ersten Mal in meinem Leben, wie Armut schmeckt, sich anf\u00fchlt und aussieht. Wenn ich heimkomme, ist das manchmal, als betr\u00e4te ich einen surrealen Traum, v\u00f6llig von der realen anderen Welt abgekoppelt.<br><br><strong>Peter Weisz:<\/strong> Auch ich betrat eine f\u00fcr mich v\u00f6llig neue Welt und wollte zuerst wissen, mit welcher Kultur ich es zu tun habe. Die ist komplex, weil die Roma in verschiedenen L\u00e4ndern leben und jede Region einen eigenen dichten kulturellen Hintergrund besitzt. Ich versuche Produkte zu designen, da muss ich mich irgendwo anhalten, etwas sp\u00fcren k\u00f6nnen. In unserer Arbeitswelt ist alles auf Industrie und Werbung ausgerichtet. Wenn man so will, ist alles schon so verdorben. Das ist es zwar in Rum\u00e4nien auch, aber auf eine andere Art und Weise. Dort sind die Menschen noch nicht so stark von der Werbung manipuliert. Da gibt es an manchen Ecken noch andere Werte, die es mir erlauben, andere Dinge zu kreieren. Es gibt noch diese gewisse Schlichtheit in der Arbeit mit den Elementen selbst und ein starkes Bewusstsein f\u00fcr die Arbeit mit der Hand.<\/p>\t<\/div>\n\n<\/div>\n\n<\/div>\n\t\t\t<\/div>\n\t\t<\/div>\n\t<\/div>\n\n\n<div\n\tclass=\"wrapper  wrapper__bg-color--transparent  wrapper__spacing-bottom-large--10\" \n\t>\n\n\t\n\t\t\t<div class=\"wrapper__container wrapper__container-width-large--default wrapper__gutter-large--default\">\n\t\t\t<div class=\"wrapper__inner wrapper__width-large--12\">\n\t\t\t\t<p class=\"paragraph paragraph__color--secondary paragraph__size--medium paragraph__align--left paragraph__font--primary paragraph__font-weight--normal block-paragraph__paragraph\">\n\t<strong>Was motiviert eine international etablierte Designexpertin, mit Menschen zu arbeiten, die au\u00dferhalb ihrer eigenen Volksgruppe fast ausschlie\u00dflich Ausgrenzung und Ablehnung erfahren?<\/strong><br><br><strong>Nadja Zerunian:<\/strong> Eine &#8220;ethnische Gruppe&#8221; wurde zu Menschen mit Gesichtern und Geschichten, viele von ihnen zu Freunden: Eva und Victor, Zoli und Theresa, Nevers und Simone, Zorin und Maria, Itzok und Bebe. Oh, fast h\u00e4tte ich Alex vergessen. Ich wusste nicht viel \u00fcber die Roma. Sie waren bunt, fremd, vielleicht habe ich die Leute sogar romantisiert. Ich habe mich ein bisschen eingelesen und gelernt \u2013 und war besch\u00e4mt. Kaum verst\u00e4ndlich, dass wir, das &#8220;zivilisierte&#8221; Europa, als das wir gesehen werden wollen, nicht in der Lage sind, mit einer Minderheit von zehn Millionen Menschen angemessen umzugehen. Wie ist es m\u00f6glich, dass wir Diskriminierung und Verfolgung seit Jahrhunderten zulassen? Wann passierte es, dass wir meinten, wegzuschauen w\u00e4re okay? Mein ganzes Leben lang habe ich versucht, nicht in Stereotypen zu arbeiten. Dieses Projekt erm\u00f6glicht es mir, die Bem\u00fchungen zu unterst\u00fctzen, allen diesen etablierten Labels und Vorurteilen zu widersprechen, mit denen diese Gruppe von Menschen zu tun hat.<\/p>\t\t\t<\/div>\n\t\t<\/div>\n\t<\/div>\n\n\n<div\n\tclass=\"wrapper wrapper--overflow wrapper__bg-color--transparent  wrapper__spacing-bottom-large--10\" \n\t>\n\n\t\n\t\t\t<div class=\"wrapper__container wrapper__container-width-large--default wrapper__gutter-large--default\">\n\t\t\t<div class=\"wrapper__inner wrapper__width-large--12 wrapper__offset-large--0\">\n\t\t\t\t\n<figure class=\"block-image-caption\">\n\t<div class=\"image-wrap block-image-caption__image-wrap\" data-align=\"center center\">\n\n\t\t\t<img\n\t\t\tsrc=\"http:\/\/tippingpoint.net\/wp-content\/uploads\/2021\/04\/zerunianundweisz-foto-c-matej-plesa.jpg\"\n\t\t\tclass=\"image  block-image-caption__image\"\n\t\t\talt=\"\u00a9 Matej Plesa\"\n\t\t\/>\n\t\n\t<\/div>\t<figcaption>\n\t\t<p class=\"paragraph paragraph__color--primary paragraph__size--small paragraph__align--center paragraph__font--secondary paragraph__font-weight--normal block-image-caption__paragraph\">\n\tKupferschmied Victor Clopotar mit der Designgruppe zerunianandweisz. Foto: \u00a9 Matej Plesa<\/p>\t<\/figcaption>\n<\/figure>\n\t\t\t<\/div>\n\t\t<\/div>\n\t<\/div>\n\n\n<div\n\tclass=\"wrapper  wrapper__bg-color--transparent  wrapper__spacing-bottom-large--10\" \n\t>\n\n\t\n\t\t\t<div class=\"wrapper__container wrapper__container-width-large--default wrapper__gutter-large--default\">\n\t\t\t<div class=\"wrapper__inner wrapper__width-large--12\">\n\t\t\t\t<p class=\"paragraph paragraph__color--secondary paragraph__size--medium paragraph__align--left paragraph__font--primary paragraph__font-weight--normal block-paragraph__paragraph\">\n\t<strong>Nadja, Sie arbeiten f\u00fcr namhafte Marken und Hersteller, Peter, Sie haben eine Ausbildung als Schneider. Wie kann ich mir Ihre Arbeit mit unterschiedlichen Handwerkern vorstellen?<\/strong><br><br><strong>Nadja Zerunian:<\/strong> Ich liebe es, in den Schaffensprozess einzutauchen, und genie\u00dfe dabei extrem die N\u00e4he. Es ist anregend und sehr inspirierend, mit dem Handwerker gemeinsam zu arbeiten, der letztlich Dinge fertigt, die auf Papier erdacht wurden. Es ist eine au\u00dfergew\u00f6hnliche Erfahrung. Ich w\u00fcnschte, jeder Designer k\u00f6nnte sie erleben.<br><br><strong>Peter Weisz:<\/strong> Wir treffen auf ganz unterschiedliche Charaktere in unterschiedlichen Umgebungen und die meisten von ihnen k\u00f6nnen mit dem Wort Designer nichts anfangen. So treten wir auch nicht auf. Mit MBQ vermitteln wir vielmehr: Es soll einen Schritt weitergehen. Zusammen wollen wir weiterkommen. Alle kommen aus einer langen handwerklichen Tradition, wo sie m\u00f6glicherweise aus praktischen \u00dcberlegungen heraus stets die gleichen Produkte produziert haben. Ich motiviere sie, etwas Neues zu probieren.<\/p>\t\t\t<\/div>\n\t\t<\/div>\n\t<\/div>\n\n\n<div\n\tclass=\"wrapper  wrapper__bg-color--transparent  wrapper__spacing-bottom-large--10\" \n\t>\n\n\t\n\t\t\t<div class=\"wrapper__container wrapper__container-width-large--default wrapper__gutter-large--default\">\n\t\t\t<div class=\"wrapper__inner wrapper__width-large--12\">\n\t\t\t\t<p class=\"paragraph paragraph__color--secondary paragraph__size--medium paragraph__align--left paragraph__font--primary paragraph__font-weight--normal block-paragraph__paragraph\">\n\t<strong>Ist es Ihnen gelungen?<\/strong><br><br><strong>Peter Weisz:<\/strong> Ja. Wenn es gelungen ist, eine neue Form zu entwickeln, dann sp\u00fcren das auch die Handwerker und merken, dass es einfach rockt. Ich kann ihnen in den meisten F\u00e4llen nichts Technisches zeigen, ich bin Schneider. Wir k\u00f6nnen lediglich den Zugang zu anderen Formen er\u00f6ffnen, neue Ideen \u00fcberbringen, und dieser Prozess funktioniert oft spontan. Selbst mit bester Vorbereitung m\u00fcssen wir vor Ort vielleicht die Richtung komplett \u00e4ndern. Die Schneiderei ist eine Technik. Wenn du diese, wie in jedem anderen Handwerk auch, beherrschst, kannst du das gewohnte Terrain verlassen und weitergehen. Aber wenn du die Grundregeln nicht kennst, wei\u00dft du nicht, wohin du gehen kannst. Dir steht kein Weg offen und du kannst dich nur in deinem Rahmen bewegen.<br><br><strong>Nadja Zerunian:<\/strong> Von den Besenbindern in Clejani zu den Kupferschmieden in Medias: Ich habe noch nie ein &#8220;Das ist unm\u00f6glich!&#8221; geh\u00f6rt, ein Spruch, den Designer nur allzu gut kennen. Der Handwerker ist ein Partner. Die Entwicklung des Produkts ist ein Gemeinschaftserlebnis. Da sind immer Neugier und vor allem der Ehrgeiz, die eigenen F\u00e4higkeiten unter Beweis zu stellen, und in der Regel die Entschlossenheit, den Status quo infrage zu stellen. Selten bin ich auf Z\u00f6gern gesto\u00dfen, aber das l\u00e4sst in der Regel nach, w\u00e4hrend wir mit Formen und Techniken experimentieren.<\/p>\t\t\t<\/div>\n\t\t<\/div>\n\t<\/div>\n\n\n<div\n\tclass=\"wrapper wrapper--overflow wrapper__bg-color--transparent  wrapper__spacing-bottom-large--10\" \n\t>\n\n\t\n\t\t\t<div class=\"wrapper__container wrapper__container-width-large--default wrapper__gutter-large--default\">\n\t\t\t<div class=\"wrapper__inner wrapper__width-large--12\">\n\t\t\t\t\n<div class=\"block-columns block-columns__gutter-large--10 block-columns__vertical-spacing-large--0\">\n\t\n\n<div class=\"block-column block-column__width-large--5 block-column__width-mobile--12\">\n\t\n<div class=\"wrapper  wrapper__bg-color--transparent  wrapper__spacing-bottom-large--10\">\n\n\t\n\t\t\t\n<div class=\"block-infobox\">\n\t<h2 class=\"heading heading__color--primary heading__size--small heading__align--left heading__font--secondary block-infobox__heading\">\n\tzerunianandweisz<\/h2>\n\t<div class=\"block-infobox__content\">\n\t\t\n<p class=\"paragraph paragraph__color--secondary paragraph__size--medium paragraph__align--left paragraph__font--secondary paragraph__font-weight--normal block-infobox__paragraph\">\n\t<strong>Nadja Zerunian<\/strong> ist Mitbegr\u00fcnderin des Designstudios <a href=\"http:\/\/www.zerunianandweisz.com\/\" target=\"_blank\" rel=\"noopener\">zerunianandweisz<\/a> und ber\u00e4t die ERSTE Foundation Roma Partnership. Zehn Jahre lang arbeitete sie als Senior Designer bei Calvin Klein in New York und danach als Kreativdirektorin bei Georg Jensen und der Swatch Group. Nadja Zerunian studierte an der Universit\u00e4t f\u00fcr angewandte Kunst Wien unter Ernst Caramelle, Carl Auboeck und Ron Arad. Sie lebt und arbeitet in Wien und den USA.<br><br><strong>Peter Weisz<\/strong> ist Mitbegr\u00fcnder von <a href=\"http:\/\/www.zerunianandweisz.com\/\" target=\"_blank\" rel=\"noopener\">zerunianandweisz<\/a>. Davor war er als Kreativ- und Fashiondirektor sowie Stylist bei Magazinen wie Schaufenster\/Die Presse, Diva, Woman, Wiener, Ahead, Attitude (London), Palmers und Swarovski t\u00e4tig. Unter seinem gleichnamigen Label entwirft Peter Weisz ma\u00dfgeschneiderte Modelinien f\u00fcr Damen und Herren sowie Outfits f\u00fcr MitarbeiterInnen von Szenelokalen wie Unger und Klein, Taubenkobel und Wunderl. Peter Weisz studierte Mode in Wien, wo er derzeit auch lebt.<br><br>Photo \u00a9 Stefan Zeisler<\/p>\n\t<\/div>\n<\/div>\n\t<\/div>\n\n<\/div>\n\n\n\n<div class=\"block-column block-column__width-large--7 block-column__width-mobile--12\">\n\t\n<div class=\"wrapper  wrapper__bg-color--transparent  wrapper__spacing-bottom-large--10\">\n\n\t\n\t\t\t<p class=\"paragraph paragraph__color--secondary paragraph__size--medium paragraph__align--left paragraph__font--primary paragraph__font-weight--normal block-paragraph__paragraph\">\n\t<strong>Welche Erfolge haben die einzelnen Handwerker bisher erzielt und was bleibt noch zu tun?<\/strong><br><br><strong>Peter Weisz:<\/strong> Lenu\u01aba, der Schneiderin aus Bukarest, konnte ich einige Techniken beibringen. Sie hat verstanden, dass sie mit den richtigen B\u00fcgel- und Dressurtechniken entweder H&amp;M oder Dior machen kann. Jeder Besuch bei ihr vermehrt ihre Erfahrung und so gelingt langsam, aber stetig der Aufbau einer Schneiderwerkstatt. Sie erkennt den Nutzen unserer Arbeit. Noch dazu hat sie eine irrsinnige Freude entwickelt, denn bisher hat sie keine Zeit gehabt, sich zu \u00fcberlegen, wie weit sie mit ihren Entw\u00fcrfen gehen kann. Da ging es um den nackten \u00dcberlebenskampf. Gemeinsam haben wir sieben Kollektionen gemacht und eine achte bewusst in einem reduzierten Design. Als sie das Ergebnis gesehen hat, war sie stolz und gl\u00fccklich.<br><br><strong>Nadja Zerunian:<\/strong> Nevers, unser wunderbarer Silberschmied, stellte zum ersten Mal in zwei renommierten zeitgen\u00f6ssischen Schmuckausstellungen in Bukarest aus und konnte auch seinen Teilzeitjob als Leiter eines Lagerhauses aufgeben. Er ist jetzt ein Vollzeitmitarbeiter von MBQ als Silberschmied. Im Idealfall k\u00f6nnen wir diesen Erfolg wiederholen. Es wird nicht ausreichen, die Produktpalette zu aktualisieren, alternative Vertriebsm\u00f6glichkeiten zu erkunden und f\u00fcr Pr\u00e4sentationsfl\u00e4chen f\u00fcr Fertigkeiten und traditionelles Handwerk zu sorgen, um ein anderes Licht auf diese ausgebeutete Gruppe zu werfen. Es m\u00fcssen auch M\u00f6glichkeiten f\u00fcr sie geschaffen werden, ein Einkommen zu erwirtschaften. Derzeit gibt es wenig Interesse in der n\u00e4chsten Generation von Roma, in die Fu\u00dfstapfen ihrer Vorfahren zu treten, um dieses generations\u00fcbergreifende K\u00f6nnen weiterzutragen. Sie haben geringe Erwartungen. Viele von ihnen glauben, dass saisonale Niedriglohnjobs in Europa die einzigen Optionen sind. Allen zu zeigen, dass Handwerkskunst Einkommen generieren kann und eine Zukunft verspricht, wird hoffentlich dazu beitragen, diesen Trend umzukehren.<\/p>\t<\/div>\n\n<\/div>\n\n<\/div>\n\t\t\t<\/div>\n\t\t<\/div>\n\t<\/div>\n\n\n<div\n\tclass=\"wrapper  wrapper__bg-color--transparent  wrapper__spacing-bottom-large--10\" \n\t>\n\n\t\n\t\t\t<div class=\"wrapper__container wrapper__container-width-large--default wrapper__gutter-large--default\">\n\t\t\t<div class=\"wrapper__inner wrapper__width-large--12\">\n\t\t\t\t<p class=\"paragraph paragraph__color--secondary paragraph__size--medium paragraph__align--left paragraph__font--primary paragraph__font-weight--normal block-paragraph__paragraph\">\n\t<strong>MBQ und andere Organisationen im ERSTE Foundation Roma Partnership wollen dezidiert soziales Unternehmertum f\u00f6rdern. Das hei\u00dft also, dass Sie mit Ihrer Arbeit an dieser Stelle auch mitwirken?<\/strong><br><br><strong>Nadja Zerunian:<\/strong> Stimmt, MBQ ist ein starker Bef\u00fcrworter des Unternehmertums. Handwerker werden ermutigt und ausgebildet, um kleine Unternehmen zu gr\u00fcnden. MBQ unterst\u00fctzt den Aufbau von Genossenschaften, um den Zugriff auf Ressourcen, Rechtshilfe und viel mehr Herausforderungen zu erleichtern, vor denen kleine Unternehmen stehen.<br><br><strong>Peter Weisz:<\/strong> Nadja und ich arbeiten auf der kreativen Ebene, aber wir sehen, wie viel Organisation da noch dazugeh\u00f6rt. Am Ende wollen wir nicht nur Designs entwickeln, sondern diese auch verkaufen. Wenn wir es schaffen, die Produkte zu veredeln, dann m\u00fcssen sie auf einer professionellen Basis vertrieben werden. Zu Beginn werden das nat\u00fcrlich nicht die gro\u00dfen St\u00fcckzahlen sein, aber irgendwann \u2013 und das wird die Herausforderung f\u00fcr MBQ \u2013 werden wir den n\u00e4chsten Schritt machen k\u00f6nnen. Es ist ein gro\u00dfes Gl\u00fcck, dass handwerkliche Arbeit wieder im Trend liegt. Noch vor dem Sommer 2015 werden wir den ersten <a href=\"https:\/\/www.tripadvisor.com\/LocationPhotoDirectLink-g294458-d10358540-i192833543-Mesteshukar_ButiQ-Bucharest.html\" target=\"_blank\" rel=\"noopener\">Shop<\/a> er\u00f6ffnen und bis dahin gibt es jetzt schon vielf\u00e4ltige M\u00f6glichkeiten, die Produkte zu pr\u00e4sentieren, 2015 zum Beispiel im Wien Museum.<\/p>\t\t\t<\/div>\n\t\t<\/div>\n\t<\/div>\n\n\n<div\n\tclass=\"wrapper wrapper--overflow wrapper__bg-color--transparent  wrapper__spacing-bottom-large--10    wrapper__divider-bottom-large\" \n\t>\n\n\t\n\t\t\t<div class=\"wrapper__container wrapper__container-width-large--default wrapper__gutter-large--default\">\n\t\t\t<div class=\"wrapper__inner wrapper__width-large--12\">\n\t\t\t\t<p class=\"paragraph paragraph__color--secondary paragraph__size--medium paragraph__align--left paragraph__font--primary paragraph__font-weight--normal block-paragraph__paragraph\">\n\t<\/p>\t\t\t<\/div>\n\t\t<\/div>\n\t<\/div>\n\n\n<div\n\tclass=\"wrapper  wrapper__bg-color--transparent  wrapper__spacing-bottom-large--10\" \n\t>\n\n\t\n\t\t\t<div class=\"wrapper__container wrapper__container-width-large--default wrapper__gutter-large--default\">\n\t\t\t<div class=\"wrapper__inner wrapper__width-large--12\">\n\t\t\t\t<p class=\"paragraph paragraph__color--secondary paragraph__size--medium paragraph__align--left paragraph__font--primary paragraph__font-weight--normal block-paragraph__paragraph\">\n\t<h1>Einblick ins Projekt<\/h1><br><strong>Me\u015fteshukar ButiQ Pr\u00e4sentation und Workshop 2015<\/strong><br>Die ERSTE Stiftung organisierte mit ihren Partnerorganisationen zwei Veranstaltungen im <a href=\"http:\/\/www.wienmuseum.at\/de\/aktuelle-ausstellungen\/ansicht\/romane-thanaorte-der-roma-und-sinti.html\" target=\"_blank\" rel=\"noopener\">Wien Museum<\/a>. <a href=\"https:\/\/romanobutiq.ro\" target=\"_blank\" rel=\"noopener\">Romano ButiQ<\/a> zeigte mit der neuen Kollektion des Labels <a href=\"https:\/\/mbq.ro\/\" target=\"_blank\" rel=\"noopener\">Me\u015fteshukar ButiQ<\/a> (MBQ) Produkte, die von Roma Handwerkern aus Rum\u00e4nien hergestellt und gemeinsam mit den renommierten \u00f6sterreichischen Designern Nadja Zerunian und Peter Weisz entwickelt wurden. Im Inneren des Wien Museums wurde ein Workshop f\u00fcr 25 Kinder organisiert. Mit der Hilfe vom <a href=\"http:\/\/eematico.org\/ro_RO\/\" target=\"_blank\" rel=\"noopener\">eematico<\/a> Trainerteam wurde eine Raket aus Kupferrohren gefertigt.<\/p>\t\t\t<\/div>\n\t\t<\/div>\n\t<\/div>\n\n\n<div\n\tclass=\"wrapper  wrapper__bg-color--transparent  wrapper__spacing-bottom-large--10\" \n\t>\n\n\t\n\t\t\t<div class=\"wrapper__container wrapper__container-width-large--default wrapper__gutter-large--default\">\n\t\t\t<div class=\"wrapper__inner wrapper__width-large--12\">\n\t\t\t\t<div class=\"video__wrap video__ratio--default video__ratio--vimeo block-video__video-wrap\">\n\t\t\t<div class=\"video__placeholder block-video__placeholder js-video-trigger\">\n\t\t\t<div class=\"image-wrap video__image-wrap\" data-align=\"center center\">\n\n\t\t\t<div\n\t\t\tstyle=\"background-image:url(https:\/\/vumbnail.com\/170607753.jpg)\"\n\t\t\tclass=\"image image--bg video__image\"\n\t\t>\n\t\t<\/div>\n\t\n\t<\/div><i class=\"icon icon icon__play video__icon\">\n\t<svg width='24' height='24' viewBox='0 0 24 24' xmlns='http:\/\/www.w3.org\/2000\/svg'><path fill-rule='evenodd' clip-rule='evenodd' d='M12 24C18.6274 24 24 18.6274 24 12C24 5.37258 18.6274 0 12 0C5.37258 0 0 5.37258 0 12C0 18.6274 5.37258 24 12 24ZM17.8043 12.9319C18.471 12.547 18.471 11.5847 17.8043 11.1998L9.84783 6.60612C9.18116 6.22122 8.34783 6.70235 8.34783 7.47215V16.6595C8.34783 17.4293 9.18116 17.9105 9.84783 17.5256L17.8043 12.9319Z' fill='currentColor'><\/path><\/svg><\/i>\t\t<\/div>\n\t\t<div class=\"BorlabsCookie _brlbs-cb-vimeo\"><div class=\"_brlbs-content-blocker\"> <div class=\"_brlbs-embed _brlbs-video-vimeo\"> <img class=\"_brlbs-thumbnail\" src=\"https:\/\/tippingpoint.net\/wp-content\/plugins\/borlabs-cookie\/assets\/images\/cb-no-thumbnail.png\" alt=\"Vimeo\"> <div class=\"_brlbs-caption\"> <p>By loading the video, you agree to Vimeo's privacy policy.<br><a href=\"https:\/\/vimeo.com\/privacy\" target=\"_blank\" rel=\"nofollow noopener noreferrer\">Learn more<\/a><\/p> <p><a class=\"_brlbs-btn _brlbs-icon-play-white\" href=\"#\" data-borlabs-cookie-unblock role=\"button\">Load video<\/a><\/p> <p><label><input type=\"checkbox\" name=\"unblockAll\" value=\"1\" checked> <small>Always unblock Vimeo<\/small><\/label><\/p> <\/div> <\/div> <\/div><div class=\"borlabs-hide\" data-borlabs-cookie-type=\"content-blocker\" data-borlabs-cookie-id=\"vimeo\">PGlmcmFtZQoJCWNsYXNzPSJ2aWRlbyBibG9jay12aWRlb19fdmlkZW8ganMtdmlkZW8gaXMtaGlkZGVuIgoJCXNyYz0iaHR0cHM6Ly9wbGF5ZXIudmltZW8uY29tL3ZpZGVvLzE3MDYwNzc1MyIKCQlhbGxvdz0iYXV0b3BsYXk7IGZ1bGxzY3JlZW4iCgkJYWxsb3dGdWxsU2NyZWVuCgkJPjwvaWZyYW1lPg==<\/div><\/div>\n\t<\/div>\t\t\t<\/div>\n\t\t<\/div>\n\t<\/div>\n\n\n<div\n\tclass=\"wrapper  wrapper__bg-color--transparent  wrapper__spacing-bottom-large--10\" \n\t>\n\n\t\n\t\t\t<div class=\"wrapper__container wrapper__container-width-large--default wrapper__gutter-large--default\">\n\t\t\t<div class=\"wrapper__inner wrapper__width-large--12\">\n\t\t\t\t<p class=\"paragraph paragraph__color--secondary paragraph__size--medium paragraph__align--left paragraph__font--primary paragraph__font-weight--normal block-paragraph__paragraph\">\n\t<strong>Credits<\/strong><br>Produktion: <a href=\"http:\/\/www.mediavoice.eu\/en\/\" target=\"_blank\" rel=\"noopener\">Media Voice<\/a><br>Regie: Vera Lackov\u00e1<br>Kamera: Vera Lackov\u00e1<br>Ton: Alin-Cristian Ciocea<br>Postproduktion: Vera Lackov\u00e1, Laco Korbel<br>Musik: Shukar Collective &#8211; New Hop\u00b4a<\/p>\t\t\t<\/div>\n\t\t<\/div>\n\t<\/div>\n\n\n<div\n\tclass=\"wrapper wrapper--overflow wrapper__bg-color--transparent  wrapper__spacing-bottom-large--10    wrapper__divider-bottom-large\" \n\t>\n\n\t\n\t\t\t<div class=\"wrapper__container wrapper__container-width-large--default wrapper__gutter-large--default\">\n\t\t\t<div class=\"wrapper__inner wrapper__width-large--12\">\n\t\t\t\t<p class=\"paragraph paragraph__color--secondary paragraph__size--medium paragraph__align--left paragraph__font--primary paragraph__font-weight--normal block-paragraph__paragraph\">\n\t<\/p>\t\t\t<\/div>\n\t\t<\/div>\n\t<\/div>\n\n\n<div\n\tclass=\"wrapper  wrapper__bg-color--transparent  wrapper__spacing-bottom-large--10\" \n\t>\n\n\t\n\t\t\t<div class=\"wrapper__container wrapper__container-width-large--default wrapper__gutter-large--default\">\n\t\t\t<div class=\"wrapper__inner wrapper__width-large--12\">\n\t\t\t\t<p class=\"paragraph paragraph__color--secondary paragraph__size--medium paragraph__align--left paragraph__font--primary paragraph__font-weight--normal block-paragraph__paragraph\">\n\t<h1>ERSTE Foundation Roma Partnership<\/h1><br>Das ERSTE Foundation Roma Partnership ist ein informeller Verbund engagierter Partnerorganisationen, die das Leben von Roma in Zentralund S\u00fcdosteuropa nachhaltig verbessern und Grundlagen f\u00fcr den Erwerb des eigenen Lebensunterhalts schaffen wollen. Die Plattform entstand aus dem gemeinsamen Anliegen, die Entwicklung von sozialem Unternehmertum zu f\u00f6rdern, einkommensschaffende Aktivit\u00e4ten und Ausbildungsprogramme auf kommunaler Ebene durchzuf\u00fchren und, im Zuge dessen, die Zusammenarbeit zwischen Roma und Nicht-Roma zu erm\u00f6glichen und auf Dauer zu st\u00e4rken.<br><br>Die Mitgliedsorganisationen werden finanziell unterst\u00fctzt und von internationalen Pro Bono-Experten beraten. Au\u00dferdem profitieren sie von einem Know-how-Transfer und regelm\u00e4\u00dfigem Erfahrungsaustausch innerhalb des Netzwerks.<br><br>Seit 2014 sind 14 Organisationen Mitglieder dieses Netzwerks.<\/p>\t\t\t<\/div>\n\t\t<\/div>\n\t<\/div>\n","protected":false},"excerpt":{"rendered":"<p>Nadja Zerunian und Peter Weisz arbeiten mit Roma HandwerkerInnen am Design ihrer Produkte.<\/p>\n","protected":false},"author":1,"featured_media":697,"comment_status":"closed","ping_status":"closed","sticky":false,"template":"","format":"standard","meta":{"footnotes":""},"categories":[433,436,245,434],"tags":[270,271,507,508,272,273,274,275,276,277,278],"formats":[],"acf":[],"_links":{"self":[{"href":"https:\/\/tippingpoint.net\/de\/wp-json\/wp\/v2\/posts\/3340"}],"collection":[{"href":"https:\/\/tippingpoint.net\/de\/wp-json\/wp\/v2\/posts"}],"about":[{"href":"https:\/\/tippingpoint.net\/de\/wp-json\/wp\/v2\/types\/post"}],"author":[{"embeddable":true,"href":"https:\/\/tippingpoint.net\/de\/wp-json\/wp\/v2\/users\/1"}],"replies":[{"embeddable":true,"href":"https:\/\/tippingpoint.net\/de\/wp-json\/wp\/v2\/comments?post=3340"}],"version-history":[{"count":2,"href":"https:\/\/tippingpoint.net\/de\/wp-json\/wp\/v2\/posts\/3340\/revisions"}],"predecessor-version":[{"id":4603,"href":"https:\/\/tippingpoint.net\/de\/wp-json\/wp\/v2\/posts\/3340\/revisions\/4603"}],"wp:featuredmedia":[{"embeddable":true,"href":"https:\/\/tippingpoint.net\/de\/wp-json\/wp\/v2\/media\/697"}],"wp:attachment":[{"href":"https:\/\/tippingpoint.net\/de\/wp-json\/wp\/v2\/media?parent=3340"}],"wp:term":[{"taxonomy":"category","embeddable":true,"href":"https:\/\/tippingpoint.net\/de\/wp-json\/wp\/v2\/categories?post=3340"},{"taxonomy":"post_tag","embeddable":true,"href":"https:\/\/tippingpoint.net\/de\/wp-json\/wp\/v2\/tags?post=3340"},{"taxonomy":"format","embeddable":true,"href":"https:\/\/tippingpoint.net\/de\/wp-json\/wp\/v2\/formats?post=3340"}],"curies":[{"name":"wp","href":"https:\/\/api.w.org\/{rel}","templated":true}]}}